{"id":333710,"date":"2026-01-10T19:07:08","date_gmt":"2026-01-10T19:07:08","guid":{"rendered":"https:\/\/www.europesays.com\/es\/333710\/"},"modified":"2026-01-10T19:07:08","modified_gmt":"2026-01-10T19:07:08","slug":"britney-spears-renuncia-a-volver-a-los-escenarios-en-estados-unidos-tras-anos-de-polemicas","status":"publish","type":"post","link":"https:\/\/www.europesays.com\/es\/333710\/","title":{"rendered":"Britney Spears renuncia a volver a los escenarios en Estados Unidos tras a\u00f1os de pol\u00e9micas"},"content":{"rendered":"<p><b>Britney Spears ha sorprendido a sus seguidores al anunciar que no volver\u00e1 a actuar en Estados Unidos<\/b>. Lo hizo a trav\u00e9s de una publicaci\u00f3n en Instagram, acompa\u00f1ada de una foto antigua de una actuaci\u00f3n en los American Music Awards de 2002.<\/p>\n<p>No dio una explicaci\u00f3n detallada, solo se\u00f1al\u00f3 que era por \u201crazones extremadamente sensibles\u201d, una frase que ha dejado espacio para todo tipo de especulaciones.<\/p>\n<p>El regreso ser\u00eda internacional<\/p>\n<p><b>El mensaje no cierra la puerta a cantar de nuevo<\/b>, pero s\u00ed apunta a que, si lo hace, ser\u00e1 fuera del pa\u00eds. Spears mencion\u00f3 espec\u00edficamente el<b> Reino Unido<\/b> y <b>Australia<\/b> y habl\u00f3 de actuaciones m\u00e1s peque\u00f1as, incluso sentada en un taburete, con una rosa roja en el pelo y<b> acompa\u00f1ada por uno de sus hijos<\/b>. No aclar\u00f3 si se refer\u00eda a Sean Preston (20) o a Jayden (19), aunque en otras ocasiones ha elogiado el talento musical de Jayden, especialmente al piano.<\/p>\n<p><b>La cantante tambi\u00e9n aprovech\u00f3 la publicaci\u00f3n para explicar por qu\u00e9 sube tantos v\u00eddeos bailando<\/b>. Dijo que lo hace por motivos personales, como parte de un proceso de curaci\u00f3n, aunque reconoce que a veces le da verg\u00fcenza. \u201cCamin\u00e9 a trav\u00e9s del fuego para salvar mi vida\u201d, escribi\u00f3.<\/p>\n<p>La noticia ha causado impacto entre sus seguidores principalmente por una raz\u00f3n: <b>Britney no act\u00faa en Estados Unidos desde 2018<\/b>. Ese a\u00f1o cerr\u00f3 su gira Piece of Me durante el Gran Premio de F\u00f3rmula 1 en Austin.<\/p>\n<p>Su <b>regreso estaba previsto para 2019 <\/b>con una nueva residencia en Las Vegas, pero <b>el proyecto se cancel\u00f3<\/b> tras la hospitalizaci\u00f3n de su padre, Jamie Spears, por una rotura de colon. Poco despu\u00e9s, la cantante entr\u00f3 en un largo periodo de silencio profesional que coincidi\u00f3 con el fin de la tutela que control\u00f3 buena parte de su carrera.<\/p>\n","protected":false},"excerpt":{"rendered":"Britney Spears ha sorprendido a sus seguidores al anunciar que no volver\u00e1 a actuar en Estados Unidos. Lo&hellip;\n","protected":false},"author":2,"featured_media":333711,"comment_status":"","ping_status":"","sticky":false,"template":"","format":"standard","meta":{"footnotes":""},"categories":[170],"tags":[146,147,25,24,184,185,23],"class_list":{"0":"post-333710","1":"post","2":"type-post","3":"status-publish","4":"format-standard","5":"has-post-thumbnail","7":"category-musica","8":"tag-entertainment","9":"tag-entretenimiento","10":"tag-es","11":"tag-espana","12":"tag-music","13":"tag-musica","14":"tag-spain"},"share_on_mastodon":{"url":"https:\/\/pubeurope.com\/@es\/115872376210315801","error":""},"_links":{"self":[{"href":"https:\/\/www.europesays.com\/es\/wp-json\/wp\/v2\/posts\/333710","targetHints":{"allow":["GET"]}}],"collection":[{"href":"https:\/\/www.europesays.com\/es\/wp-json\/wp\/v2\/posts"}],"about":[{"href":"https:\/\/www.europesays.com\/es\/wp-json\/wp\/v2\/types\/post"}],"author":[{"embeddable":true,"href":"https:\/\/www.europesays.com\/es\/wp-json\/wp\/v2\/users\/2"}],"replies":[{"embeddable":true,"href":"https:\/\/www.europesays.com\/es\/wp-json\/wp\/v2\/comments?post=333710"}],"version-history":[{"count":0,"href":"https:\/\/www.europesays.com\/es\/wp-json\/wp\/v2\/posts\/333710\/revisions"}],"wp:featuredmedia":[{"embeddable":true,"href":"https:\/\/www.europesays.com\/es\/wp-json\/wp\/v2\/media\/333711"}],"wp:attachment":[{"href":"https:\/\/www.europesays.com\/es\/wp-json\/wp\/v2\/media?parent=333710"}],"wp:term":[{"taxonomy":"category","embeddable":true,"href":"https:\/\/www.europesays.com\/es\/wp-json\/wp\/v2\/categories?post=333710"},{"taxonomy":"post_tag","embeddable":true,"href":"https:\/\/www.europesays.com\/es\/wp-json\/wp\/v2\/tags?post=333710"}],"curies":[{"name":"wp","href":"https:\/\/api.w.org\/{rel}","templated":true}]}}