{"id":333712,"date":"2026-01-10T19:08:08","date_gmt":"2026-01-10T19:08:08","guid":{"rendered":"https:\/\/www.europesays.com\/es\/333712\/"},"modified":"2026-01-10T19:08:08","modified_gmt":"2026-01-10T19:08:08","slug":"palomitas-con-jujutsu-kaisen-por-fin-llega-el-estreno-mas-esperado-del-anime","status":"publish","type":"post","link":"https:\/\/www.europesays.com\/es\/333712\/","title":{"rendered":"Palomitas con&#8230; &#8216;\u2018Jujutsu Kaisen\u2019, por fin llega el estreno m\u00e1s esperado del anime"},"content":{"rendered":"<p>\n        Con la intenci\u00f3n de promocionar la cultura, ya sea<strong>\u00a0audiovisual o anal\u00f3gica<\/strong>, esta semana traemos\u00a0<strong>las mejores\u00a0<\/strong><a href=\"https:\/\/www.deia.eus\/tags\/recomendaciones\/pagina-7\/\" title=\"recomendaciones\" class=\"link copy\" rel=\"nofollow noopener\" target=\"_blank\"><strong>recomendaciones<\/strong><\/a>. Pel\u00edculas, series, p\u00f3dcasts, contenido en redes o lecturas, lo rese\u00f1amos todo con verdadera pasi\u00f3n y en compa\u00f1\u00eda de\u00a0<strong>un buen bol de palomitas<\/strong>.\n<\/p>\n<p>  Palomitas con&#8230;<\/p>\n<p>  \u2018Jujutsu Kaisen\u2019\t\u2605\u2605\u2605\u2605\u2605<\/p>\n<p>  El estreno m\u00e1s esperado del anime<\/p>\n<p class=\"article-body__text \">\n        Ha llegado el <strong>nuevo a\u00f1o<\/strong>, y junto a \u00e9l, los <strong>estrenos<\/strong> que tantos meses llevamos esperando. Y es que para <strong>los aficionados del anime<\/strong>, hay buenas noticias. Ha sido este 8 de enero cuando se ha estrenado<strong> la tercera temporada <\/strong>de uno de los animes m\u00e1s famosos del momento -y del mundo-,<strong> Jujutsu Kaisen<\/strong>.\n<\/p>\n<p class=\"article-body__text \">\n        Tras algunos meses de espera, volvemos a reencontrarnos con <strong>la historia<\/strong> que contin\u00faa despu\u00e9s de la pel\u00edcula <strong>Jujutsu Kaisen: Ejecuci\u00f3n<\/strong>. Si son amantes del g\u00e9nero, ni siquiera hace falta que les comente nada; pero, si son de los que nunca se han atrevido con este formato audiovisual, esta trama es la indicada para <strong>lanzarse a este mundillo<\/strong>.\n<\/p>\n<p class=\"article-body__text \">\n        Sus protagonistas son <strong>estudiantes de hechicer\u00eda <\/strong>que poseen<strong> habilidades<\/strong> impresionantes. Juntos forman una organizaci\u00f3n en la que, haciendo uso de sus <strong>peculiares poderes<\/strong>, intentan acabar con <strong>las maldiciones<\/strong> (seres espirituales nacidos de la energ\u00eda maldita). Con una primera y segunda temporada, junto a algunas pel\u00edculas, este anime es <strong>uno de los m\u00e1s queridos del p\u00fablico<\/strong>. Acci\u00f3n, amistad, amor, traiciones y la necesidad de salvar al mundo de la negatividad que lo carcome.\n<\/p>\n<p>  Redes<\/p>\n<p>  Fusi\u00f3n de reflexi\u00f3n personal y est\u00e9tica<\/p>\n<p class=\"article-body__text \">\n        Con una narrativa <strong>clara, directa<\/strong> y excepcionalmente<strong> bien documentada<\/strong>, <strong>Kam Jurado<\/strong> es un<strong> creador de contenido<\/strong> que cuenta con casi 800.000 seguidores en su canal de <strong>YouTube<\/strong>. Su producci\u00f3n se centra -sobre todo- en v\u00eddeos largos sobre<strong> <\/strong><strong>lifestyle<\/strong><strong>, <\/strong><a href=\"https:\/\/www.deia.eus\/tags\/moda\/\" title=\"moda\" class=\"link copy\" rel=\"nofollow noopener\" target=\"_blank\"><strong>moda<\/strong><\/a><strong>, est\u00e9tica personal, reflexiones sobre autoestima y tendencias culturales<\/strong>, entre otros temas.\n<\/p>\n<p class=\"article-body__text \">\n        Adem\u00e1s, se trata de un contenido que est\u00e1 especialmente dirigido al <strong>p\u00fablico joven adulto<\/strong>. En sus perfiles de redes sociales, <strong>@kamilojuradou<\/strong>, el youtuber ampl\u00eda esta propuesta con <strong>fotograf\u00edas, oufits y mensajes<\/strong> que refuerzan <strong>su identidad visual <\/strong>y cercan\u00eda con sus seguidores. A lo largo de estos a\u00f1os, ha subido a su canal <strong>m\u00e1s de 200 v\u00eddeos<\/strong>, lo que demuestra una constancia significativa en la producci\u00f3n de contenido, lo que implica que muchos de sus v\u00eddeos hayan logrado<strong> un buen alcance<\/strong>.\n<\/p>\n<p class=\"article-body__text \">\n        De hecho, muchos de ellos superan <strong>el medio mill\u00f3n de visualizaciones<\/strong>. El perfil de Kam Jurado en el vasto \u00e1mbito de internet no solo sirve como<strong> una plataforma de entretenimiento<\/strong>, sino tambi\u00e9n como <strong>un canal de expresi\u00f3n personal<\/strong> y de conexi\u00f3n con una comunidad interesada en saber qu\u00e9 est\u00e1 ocurriendo con<strong> los <\/strong><a href=\"https:\/\/www.deia.eus\/tags\/jovenes\/\" title=\"j\u00f3venes\" class=\"link copy\" rel=\"nofollow noopener\" target=\"_blank\"><strong>j\u00f3venes<\/strong><\/a><strong> <\/strong>hoy en d\u00eda. Su producci\u00f3n combina lo visual con<strong> la reflexi\u00f3n personal<\/strong>, lo que le permite diferenciarse del resto de canales que se mueven en el mismo \u00e1mbito que el suyo.\n<\/p>\n<p>  Libros<\/p>\n<p>  \u2018El arte de la guerra\u2019\t<\/p>\n<p>  Estrategias para aplicar en el d\u00eda a d\u00eda<\/p>\n<p class=\"article-body__text \">\n        <strong>\u201cEl arte de la guerra es el enga\u00f1o\u201d<\/strong>, dijo<strong> Sun Tzu<\/strong>.\n<\/p>\n<p class=\"article-body__text \">\n        Este<strong> tratadista <\/strong>de la <strong>Antigua China<\/strong> escribi\u00f3 hacia<strong> los siglos VI y V a. C. <\/strong>lo que se consideran <strong>ideas avanzadas<\/strong> para aquella \u00e9poca &#8211;<strong>con generosidad y cordura<\/strong>&#8211; sobre ciencia militar, ciencia de la administraci\u00f3n y control de la gesti\u00f3n. Pese a que gran parte de su narrativa ofrece <strong>consejos y estrategias<\/strong> puramente aplicables al <strong>contacto b\u00e9lico en f\u00edsico<\/strong>, muchas de ellas pueden simbolizarse y aplicarse en nuestro d\u00eda a d\u00eda para ayudarnos a enfrentar<strong> los conflictos<\/strong>. Si algo nos ense\u00f1a Sun Tzu, es que <strong>una guerra<\/strong> -emocional incluso- tiene m\u00e1s probabilidades de ganarse cuando nos conocemos a nosotros mismos. Por eso,<strong> es importante saber cu\u00e1ndo hay que luchar<\/strong>.<\/p>\n","protected":false},"excerpt":{"rendered":"Con la intenci\u00f3n de promocionar la cultura, ya sea\u00a0audiovisual o anal\u00f3gica, esta semana traemos\u00a0las mejores\u00a0recomendaciones. Pel\u00edculas, series, p\u00f3dcasts,&hellip;\n","protected":false},"author":2,"featured_media":333713,"comment_status":"","ping_status":"","sticky":false,"template":"","format":"standard","meta":{"footnotes":""},"categories":[169],"tags":[76653,21889,177,146,147,25,24,947,1055,176,175,75103,23],"class_list":{"0":"post-333712","1":"post","2":"type-post","3":"status-publish","4":"format-standard","5":"has-post-thumbnail","7":"category-cine","8":"tag-jujutsu-kaisen","9":"tag-anime","10":"tag-cine","11":"tag-entertainment","12":"tag-entretenimiento","13":"tag-es","14":"tag-espana","15":"tag-esperado","16":"tag-estreno","17":"tag-film","18":"tag-movies","19":"tag-palomitas-con","20":"tag-spain"},"share_on_mastodon":{"url":"https:\/\/pubeurope.com\/@es\/115872379959084410","error":""},"_links":{"self":[{"href":"https:\/\/www.europesays.com\/es\/wp-json\/wp\/v2\/posts\/333712","targetHints":{"allow":["GET"]}}],"collection":[{"href":"https:\/\/www.europesays.com\/es\/wp-json\/wp\/v2\/posts"}],"about":[{"href":"https:\/\/www.europesays.com\/es\/wp-json\/wp\/v2\/types\/post"}],"author":[{"embeddable":true,"href":"https:\/\/www.europesays.com\/es\/wp-json\/wp\/v2\/users\/2"}],"replies":[{"embeddable":true,"href":"https:\/\/www.europesays.com\/es\/wp-json\/wp\/v2\/comments?post=333712"}],"version-history":[{"count":0,"href":"https:\/\/www.europesays.com\/es\/wp-json\/wp\/v2\/posts\/333712\/revisions"}],"wp:featuredmedia":[{"embeddable":true,"href":"https:\/\/www.europesays.com\/es\/wp-json\/wp\/v2\/media\/333713"}],"wp:attachment":[{"href":"https:\/\/www.europesays.com\/es\/wp-json\/wp\/v2\/media?parent=333712"}],"wp:term":[{"taxonomy":"category","embeddable":true,"href":"https:\/\/www.europesays.com\/es\/wp-json\/wp\/v2\/categories?post=333712"},{"taxonomy":"post_tag","embeddable":true,"href":"https:\/\/www.europesays.com\/es\/wp-json\/wp\/v2\/tags?post=333712"}],"curies":[{"name":"wp","href":"https:\/\/api.w.org\/{rel}","templated":true}]}}