{"id":333720,"date":"2026-01-10T19:12:20","date_gmt":"2026-01-10T19:12:20","guid":{"rendered":"https:\/\/www.europesays.com\/es\/333720\/"},"modified":"2026-01-10T19:12:20","modified_gmt":"2026-01-10T19:12:20","slug":"enfermedad-en-el-espacio-los-regresos-de-emergencia-de-naves-espaciales-por-motivos-de-salud","status":"publish","type":"post","link":"https:\/\/www.europesays.com\/es\/333720\/","title":{"rendered":"Enfermedad en el espacio: los regresos de emergencia de naves espaciales por motivos de salud"},"content":{"rendered":"<p>La NASA ha decidido que la misi\u00f3n <a href=\"https:\/\/danielmarin.naukas.com\/2025\/08\/03\/lanzamiento-de-la-mision-crew-11-a-la-iss\/\" rel=\"nofollow noopener\" target=\"_blank\">Crew-11<\/a> regrese antes de lo previsto debido a que uno de los cuatro miembros de la tripulaci\u00f3n sufre alg\u00fan problema m\u00e9dico que no se ha hecho p\u00fablico. La nave Crew Dragon Endeavour se desacoplar\u00e1 de la Estaci\u00f3n Espacial Internacional (ISS) y regresar\u00e1 a la Tierra en los pr\u00f3ximos d\u00edas con Zena Cardman, Mike Fincke, Kimiya Yui y Oleg Plat\u00f3nov, dejando sola en la estaci\u00f3n a la tripulaci\u00f3n de la Soyuz MS-28 (Sergu\u00e9i Kud-Sverchkov, Sergu\u00e9i Mikayev y Christopher Williams). Aunque en el pasado algunos astronautas han sufrido problemas de salud durante el regreso a la Tierra por varios motivos \u2014ninguno grave (sin contar a la Soyuz 11, claro)\u2014, es la primera vez en la historia de la ISS que una nave espacial vuelve antes de lo planeado debido a motivos m\u00e9dicos. Eso s\u00ed, no es el primer caso de la era espacial. \u00bfQu\u00e9 otros casos similares ha habido?<\/p>\n<p><a href=\"https:\/\/danielmarin.naukas.com\/files\/2025\/08\/Gvc7rqTakAE_W35.jpeg\" rel=\"nofollow noopener\" target=\"_blank\"><img fetchpriority=\"high\" decoding=\"async\" class=\"size-medium wp-image-100145\" src=\"https:\/\/www.europesays.com\/es\/wp-content\/uploads\/2025\/08\/Gvc7rqTakAE_W35-580x464.jpeg\" alt=\"\" width=\"580\" height=\"464\"  \/><\/a>La tripulaci\u00f3n de la Crew-11: Plat\u00f3nov, Fincke, Yui y Cardman (NASA).<\/p>\n<p>El primer suceso de este tipo tuvo lugar en 1976 durante la misi\u00f3n Soyuz 21. La nave, tripulada por Bor\u00eds Volynov y Vitali Zh\u00f3lobov, se acopl\u00f3 con la estaci\u00f3n militar Salyut 5 (OPS-3). De este modo, la Salyut 5 se convirti\u00f3 en la segunda estaci\u00f3n militar del programa Almaz-OPS de Vlad\u00edmir Chelom\u00e9i en recibir una tripulaci\u00f3n. Del mismo modo, la Soyuz 21 ser\u00eda la segunda nave tripulada en acoplarse con una estaci\u00f3n militar OPS tras la Soyuz 14, que se acopl\u00f3 a la Salyut 3 (OPS-2). La Soyuz 21 fue lanzada el 6 de julio de 1976 y se acopl\u00f3 con la Salyut 5 el d\u00eda despu\u00e9s. La misi\u00f3n deb\u00eda haber tenido una duraci\u00f3n de unos dos meses, pero el 24 de agosto, tras 48 d\u00edas en \u00f3rbita, se decidi\u00f3 hacer regresar a la tripulaci\u00f3n por la mala situaci\u00f3n de salud de Zh\u00f3lobov. El regreso no fue sencillo, pues la Soyuz se resisti\u00f3 a desacoplarse de la estaci\u00f3n y solo lo logr\u00f3 al tercer intento, una \u00f3rbita \u201490 minutos\u2014 despu\u00e9s, tras recibir instrucciones espec\u00edficas del control de tierra. El aterrizaje, que tuvo lugar el 24 de agosto \u201411 d\u00edas antes del regreso planeado\u2014, tambi\u00e9n fue accidentado, pues por culpa de los fuertes vientos de la zona de aterrizaje, los cohetes de combustible s\u00f3lido de la c\u00e1psula frenaron el descenso de forma homog\u00e9nea y el impacto con el suelo fue mayor de lo previsto.<\/p>\n<p><a href=\"https:\/\/danielmarin.naukas.com\/files\/2026\/01\/soyuz-21.jpg\" rel=\"nofollow noopener\" target=\"_blank\"><img loading=\"lazy\" decoding=\"async\" class=\"size-medium wp-image-101938\" src=\"https:\/\/www.europesays.com\/es\/wp-content\/uploads\/2026\/01\/soyuz-21-580x396.jpg\" alt=\"\" width=\"580\" height=\"396\"  \/><\/a>Bor\u00eds Volynov (izquierda) y Vitali Zh\u00f3lobov, la tripulaci\u00f3n de la Soyuz 21.<\/p>\n<p>Durante d\u00e9cadas no se supo qu\u00e9 hab\u00eda pasado exactamente con la Soyuz 21. Se pens\u00f3 que Zh\u00f3lobov hab\u00eda estado expuesto a una fuga de propergoles hiperg\u00f3licos de la estaci\u00f3n o incluso que los dos hombres simplemente ya no se aguantaban m\u00e1s. En realidad, la condici\u00f3n psicol\u00f3gica de Zh\u00f3lobov se fue deteriorando poco a poco por el enorme estr\u00e9s de la misi\u00f3n, hasta tal punto que ya se vio incapaz de trabajar en el espacio. Aparentemente, el incidente que desencaden\u00f3 esta situaci\u00f3n tuvo lugar cuando la estaci\u00f3n sufri\u00f3 un fallo durante el paso por el hemisferio nocturno y se apagaron todos los sistemas. Los dos cosmonautas se quedaron de repente totalmente a oscuras mientras estaban fuera del alcance de las comunicaciones de las estaciones terrestres sovi\u00e9ticas y con el ruido estridente de la alarma de a bordo de fondo (sin duda, una situaci\u00f3n de pesadilla). Aunque apagaron la alarma, la estaci\u00f3n segu\u00eda sin luz y, lo m\u00e1s preocupante, el sistema de soporte vital no funcionaba. Pensaron en evacuar la estaci\u00f3n, pero al final restauraron la energ\u00eda el\u00e9ctrica y fueron activando los sistemas esenciales uno a uno.<\/p>\n<p><a href=\"https:\/\/danielmarin.naukas.com\/files\/2026\/01\/06-soyuz-ops2.jpg\" rel=\"nofollow noopener\" target=\"_blank\"><img loading=\"lazy\" decoding=\"async\" class=\"size-medium wp-image-101941\" src=\"https:\/\/www.europesays.com\/es\/wp-content\/uploads\/2026\/01\/06-soyuz-ops2-580x278.jpg\" alt=\"\" width=\"580\" height=\"278\"  \/><\/a>Recreaci\u00f3n de una Soyuz acoplada a una estaci\u00f3n militar Almaz (OPS).<\/p>\n<p>Sin embargo, a los pocos d\u00edas Zh\u00f3lobov comenz\u00f3 a desarrollar fuertes dolores de cabeza y ya no pudo dormir normalmente. Como resultado, dej\u00f3 de ejercitarse en la cinta para correr y cada vez ten\u00eda menos vitalidad. El comandante Volynov, no cabe duda de que algo molesto con su compa\u00f1ero, declar\u00f3 que Zh\u00f3lobov se dedicaba a \u00abflotar por la estaci\u00f3n con m\u00e1s frecuencia\u00bb y que \u00abtuvo que asumir el trabajo de los dos\u00bb. La tripulaci\u00f3n no inform\u00f3 al control de tierra de la situaci\u00f3n, esperando poder resolverla por sus propios medios. Finalmente, Volynov, a quien la sobrecarga de trabajo tambi\u00e9n empez\u00f3 a pasarle factura, convenci\u00f3 a Zh\u00f3lobov para que comunicase su situaci\u00f3n con el control de tierra. Pese a todo, la situaci\u00f3n del cosmonauta sigui\u00f3 empeorando. Tras una conversaci\u00f3n de Volynov con sus superiores el 23 de agosto, se tom\u00f3 la decisi\u00f3n de terminar la misi\u00f3n. Para entonces, la situaci\u00f3n psicol\u00f3gica de Zh\u00f3lobov se hab\u00eda deteriorado tanto que Volynov tuvo que pr\u00e1cticamente ponerle la escafandra Sokol y abrochar su cintur\u00f3n de seguridad en el asiento de la c\u00e1psula.<\/p>\n<p><a href=\"https:\/\/danielmarin.naukas.com\/files\/2026\/01\/27-14-49_resize.jpg\" rel=\"nofollow noopener\" target=\"_blank\"><img loading=\"lazy\" decoding=\"async\" class=\"size-medium wp-image-101942\" src=\"https:\/\/www.europesays.com\/es\/wp-content\/uploads\/2026\/01\/27-14-49_resize-427x640.jpg\" alt=\"\" width=\"427\" height=\"640\"  \/><\/a>Bor\u00eds Volynov (abajo) y Vitali Zh\u00f3lobov.<\/p>\n<p>Una vez en tierra, los m\u00e9dicos pensaron que la situaci\u00f3n mental de Zh\u00f3lobov hab\u00eda sido desencadenada quiz\u00e1 por una fuga de propergoles hiperg\u00f3licos \u2014de ah\u00ed viene esta versi\u00f3n de los hechos\u2014, pero los ex\u00e1menes concienzudos a los que fueron sometidos los cosmonautas no mostraron ning\u00fan indicio de haber estado en contacto con sustancias t\u00f3xicas. La versi\u00f3n de Zh\u00f3lobov de los hechos es, l\u00f3gicamente, un tanto diferente, aunque no desmiente el relato del comandante. Seg\u00fan el ingeniero de vuelo, Volynov tambi\u00e9n sufri\u00f3 un importante estr\u00e9s durante la misi\u00f3n y se vio afectado psicol\u00f3gicamente. La experiencia de la Soyuz 21 sirvi\u00f3 para reforzar el papel de las pruebas psicol\u00f3gicas a la hora de elegir candidatos al cuerpo de cosmonautas y para reducir, en la medida de lo posible, el estr\u00e9s durante las misiones espaciales de larga duraci\u00f3n. Vitali Zh\u00f3lobov no volver\u00eda a viajar al espacio.<\/p>\n<p><a href=\"https:\/\/danielmarin.naukas.com\/files\/2026\/01\/wq.jpg\" rel=\"nofollow noopener\" target=\"_blank\"><img loading=\"lazy\" decoding=\"async\" class=\"size-medium wp-image-101935\" src=\"https:\/\/www.europesays.com\/es\/wp-content\/uploads\/2026\/01\/wq-580x484.jpg\" alt=\"\" width=\"580\" height=\"484\"  \/><\/a>Una Soyuz-T acoplada a la Salyut 7 (RGANTD).<\/p>\n<p>Pero sin duda el episodio de enfermedad en \u00f3rbita m\u00e1s famoso fue el que provoc\u00f3 el regreso de la Soyuz T-14 en 1985. La Soyuz T-14 despeg\u00f3 el 17 de septiembre de 1985 con Vlad\u00edmir Vasyutin, Georgui Grechko y Alex\u00e1nder V\u00f3lkov y se acopl\u00f3 con el puerto trasero de la Salyut 7. Era la primera tripulaci\u00f3n que visitaba la estaci\u00f3n tras el espectacular rescate a cargo de Vlad\u00edmir Dzhan\u00edbekov y V\u00edktor Savinij, los cosmonautas de la Soyuz T-13. El veterano Grechko regresar\u00eda en la T-13 con Dzhan\u00edbekov tras ocho d\u00edas de trabajo conjunto, mientras que Savinij se qued\u00f3 a bordo con Vasyutin y V\u00f3lkov para una estancia de seis meses. La misi\u00f3n principal de la tripulaci\u00f3n ser\u00eda supervisar el acoplamiento de la nave TKS-M (Kosmos 1686), un veh\u00edculo pesado no tripulado del programa Almaz que en vez de una c\u00e1psula VA contaba en uno de sus extremos con el complejo de instrumentos militares Pi\u00f3n-K. De hecho, y aunque esto no suele comentarse en los libros de la historia del programa espacial sovi\u00e9tico, uno de los motivos, si no el m\u00e1s importante, para enviar la Soyuz T-13 en una misi\u00f3n de rescate a la Salyut 7 era que los militares quer\u00edan lanzar a toda costa la TKS-M para probar los instrumentos del Pi\u00f3n-K, relacionados con la respuesta sovi\u00e9tica a la SDI (Star Wars) de Reagan.<\/p>\n<p><a href=\"https:\/\/danielmarin.naukas.com\/files\/2026\/01\/soyuz-t-14.jpg\" rel=\"nofollow noopener\" target=\"_blank\"><img loading=\"lazy\" decoding=\"async\" class=\"size-medium wp-image-101936\" src=\"https:\/\/www.europesays.com\/es\/wp-content\/uploads\/2026\/01\/soyuz-t-14-395x640.jpg\" alt=\"\" width=\"395\" height=\"640\"  \/><\/a>Tripulaci\u00f3n de la Soyuz T-14: V\u00f3lkov, Vasyutin (centro) y Grechko.<\/p>\n<p>Sin embargo, tras dos meses en \u00f3rbita, Vasyutin enferm\u00f3 repentinamente. El comandante se encontraba con un fuerte malestar general y ten\u00eda fiebre. La situaci\u00f3n, lejos de resolverse, empeoraba cada d\u00eda. El 27 de octubre, durante los preparativos para un paseo espacial, Savinij concluy\u00f3 que el estado de su colega era muy grave y coment\u00f3 la situaci\u00f3n con el subdirector de vuelo para asuntos m\u00e9dicos durante una sesi\u00f3n de comunicaci\u00f3n. Savinij insisti\u00f3 en que se negaba a realizar el paseo espacial con Vasyutin y que, en caso de que el TsUP decidiese seguir adelante con la actividad extravehicular, en todo caso la llevar\u00eda a cabo con V\u00f3lkov. El control de tierra pidi\u00f3 a Vasyutin que explicase su estado, pero le cost\u00f3 expresarse de forma coherente. Los m\u00e9dicos concluyeron que se trataba de un problema del tracto urinario, posiblemente relacionado con la pr\u00f3stata, y ordenaron a Vasyutin tomar antibi\u00f3ticos y otros medicamentos.<\/p>\n<p><a href=\"https:\/\/danielmarin.naukas.com\/files\/2026\/01\/442.jpg\" rel=\"nofollow noopener\" target=\"_blank\"><img loading=\"lazy\" decoding=\"async\" class=\"size-medium wp-image-101943\" src=\"https:\/\/www.europesays.com\/es\/wp-content\/uploads\/2026\/01\/442-580x386.jpg\" alt=\"\" width=\"580\" height=\"386\"  \/><\/a>La nave TKS-M (Kosmos 1686) con el complejo de experimentos de observaci\u00f3n militar Pi\u00f3n-K en el extremo.<\/p>\n<p>Aunque Vsyutin mejor\u00f3 inicialmente, no se recuper\u00f3 del todo. El 17 de noviembre, Valeri Ryumin, cosmonauta y director de vuelo del TsUP, orden\u00f3 el regreso de la Soyuz T-14 y nombr\u00f3 a Savinij comandante de la misi\u00f3n, relevando a Vasyutin. Los tres cosmonautas regresar\u00edan a la Tierra sin problemas el 21 de noviembre. Tras el aterrizaje, Vasyutin fue llevado urgentemente a Mosc\u00fa para ser examinado y all\u00ed se confirm\u00f3 que sufr\u00eda una inflamaci\u00f3n de pr\u00f3stata. El 25 de febrero de 1986 Vasyutin dej\u00f3 el cuerpo de cosmonautas por motivos de salud. Como resultado de este incidente, los an\u00e1lisis de pr\u00f3stata se sumaron a las pruebas m\u00e9dicas masculinas necesarias para ingresar en el cuerpo de cosmonautas. Vlad\u00edmir Vasyutin fallecer\u00eda en 2002 de c\u00e1ncer (no est\u00e1 claro si relacionado con la pr\u00f3stata).<\/p>\n<p><a href=\"https:\/\/danielmarin.naukas.com\/files\/2026\/01\/soyuz-T-14-1.jpg\" rel=\"nofollow noopener\" target=\"_blank\"><img loading=\"lazy\" decoding=\"async\" class=\"size-medium wp-image-101945\" src=\"https:\/\/www.europesays.com\/es\/wp-content\/uploads\/2026\/01\/soyuz-T-14-1-580x402.jpg\" alt=\"\" width=\"580\" height=\"402\"  \/><\/a>Regreso de la Soyuz T-14 con Vasyutin, Savinij y V\u00f3lkov.<br \/>\n<a href=\"https:\/\/www.europesays.com\/es\/wp-content\/uploads\/2026\/01\/3qq.jpg\"><img loading=\"lazy\" decoding=\"async\" class=\"size-full wp-image-101939\" src=\"https:\/\/www.europesays.com\/es\/wp-content\/uploads\/2026\/01\/3qq.jpg\" alt=\"\" width=\"266\" height=\"344\"\/><\/a>Vlad\u00edmir Vasyutin.<\/p>\n<p>Aunque t\u00e9cnicamente no involucr\u00f3 el regreso adelantado de una nave, otro incidente relacionado con la salud tuvo lugar con Alex\u00e1nder Laveikin, miembro de la tripulaci\u00f3n de la Soyuz TM-2. Laveikin despeg\u00f3 junto con Yuri Romanenko el 6 de febrero de 1987 y se acoplaron a la estaci\u00f3n Mir. Los dos cosmonautas deb\u00edan haber pasado 326 d\u00edas en la Mir, regresando en la Soyuz TM-3. Pero durante los an\u00e1lisis realizados de cara a un paseo espacial, los m\u00e9dicos descubrieron una arritmia en el coraz\u00f3n de Laveikin que no se hab\u00eda manifestado en las numerosas pruebas en tierra antes del vuelo. Despu\u00e9s de seguir un programa de entrenamiento espec\u00edfico, para el 15 de mayo la arritmia hab\u00eda desaparecido. Desgraciadamente, volvi\u00f3 a aparecer en otra prueba posterior, por lo que el control de tierra (TsUP) tom\u00f3 la decisi\u00f3n de sustituir a Laveikin a mitad de misi\u00f3n por Alex\u00e1nder Alexandrov, uno de los miembros de la tripulaci\u00f3n de visita de la Soyuz TM-3. Por tanto, Laveikin estar\u00eda solo 174 d\u00edas en el espacio en vez de los 326 de Romanenko. A pesar de que los problemas cardiacos de Laveikin no volver\u00edan a manifestarse una vez en tierra, el cosmonauta no volver\u00eda al espacio.<\/p>\n<p><a href=\"https:\/\/danielmarin.naukas.com\/files\/2026\/01\/soyuz-tm-2.jpg\" rel=\"nofollow noopener\" target=\"_blank\"><img loading=\"lazy\" decoding=\"async\" class=\"size-medium wp-image-101940\" src=\"https:\/\/www.europesays.com\/es\/wp-content\/uploads\/2026\/01\/soyuz-tm-2-580x390.jpg\" alt=\"\" width=\"580\" height=\"390\"  \/><\/a>Alex\u00e1nder Laveikin (izquierda) y Yuri Romanenko. Laveikin regres\u00f3 en la Soyuz TM-3 por una arritmia detectada en \u00f3rbita.<\/p>\n<p>Como vemos, el incidente m\u00e9dico de la Crew-11 no es el primero de la historia, aunque hac\u00eda d\u00e9cadas que no ocurr\u00eda algo parecido gracias a las bater\u00edas de pruebas y al entrenamiento que reciben los astronautas hoy en d\u00eda. En cualquier caso, un regreso de emergencia a la Tierra es algo relativamente sencillo para una tripulaci\u00f3n a bordo de una estaci\u00f3n espacial, pero en el caso de un vuelo a la Luna o, sobre todo, a Marte, las cosas ser\u00edan muy diferentes.<\/p>\n<p>PD: durante la misi\u00f3n de la Soyuz MS-09 en 2018 se detect\u00f3 un co\u00e1gulo en la yugular de la astronauta de la NASA Serena Au\u00f1\u00f3n-Chancellor, pero el asunto no implic\u00f3 el regreso adelantado de la nave (eso s\u00ed, algunas fuentes rusas acusaron a Serena de taladrar la Soyuz, quiz\u00e1 debido a que el co\u00e1gulo afect\u00f3 a su flujo sangu\u00edneo \u2014otras fuentes rusas se\u00f1alaron que la causa fue un desenga\u00f1o amoroso\u2014; sea como sea, la NASA neg\u00f3 estos rumores y acusaciones de forma tajante).<\/p>\n","protected":false},"excerpt":{"rendered":"La NASA ha decidido que la misi\u00f3n Crew-11 regrese antes de lo previsto debido a que uno de&hellip;\n","protected":false},"author":2,"featured_media":333721,"comment_status":"","ping_status":"","sticky":false,"template":"","format":"standard","meta":{"footnotes":""},"categories":[81],"tags":[119,123,124,25,24,117,121,122,23,118,120],"class_list":{"0":"post-333720","1":"post","2":"type-post","3":"status-publish","4":"format-standard","5":"has-post-thumbnail","7":"category-ciencia-y-tecnologia","8":"tag-ciencia","9":"tag-ciencia-y-tecnologia","10":"tag-cienciaytecnologia","11":"tag-es","12":"tag-espana","13":"tag-science","14":"tag-science-and-technology","15":"tag-scienceandtechnology","16":"tag-spain","17":"tag-technology","18":"tag-tecnologia"},"share_on_mastodon":{"url":"https:\/\/pubeurope.com\/@es\/115872395969140053","error":""},"_links":{"self":[{"href":"https:\/\/www.europesays.com\/es\/wp-json\/wp\/v2\/posts\/333720","targetHints":{"allow":["GET"]}}],"collection":[{"href":"https:\/\/www.europesays.com\/es\/wp-json\/wp\/v2\/posts"}],"about":[{"href":"https:\/\/www.europesays.com\/es\/wp-json\/wp\/v2\/types\/post"}],"author":[{"embeddable":true,"href":"https:\/\/www.europesays.com\/es\/wp-json\/wp\/v2\/users\/2"}],"replies":[{"embeddable":true,"href":"https:\/\/www.europesays.com\/es\/wp-json\/wp\/v2\/comments?post=333720"}],"version-history":[{"count":0,"href":"https:\/\/www.europesays.com\/es\/wp-json\/wp\/v2\/posts\/333720\/revisions"}],"wp:featuredmedia":[{"embeddable":true,"href":"https:\/\/www.europesays.com\/es\/wp-json\/wp\/v2\/media\/333721"}],"wp:attachment":[{"href":"https:\/\/www.europesays.com\/es\/wp-json\/wp\/v2\/media?parent=333720"}],"wp:term":[{"taxonomy":"category","embeddable":true,"href":"https:\/\/www.europesays.com\/es\/wp-json\/wp\/v2\/categories?post=333720"},{"taxonomy":"post_tag","embeddable":true,"href":"https:\/\/www.europesays.com\/es\/wp-json\/wp\/v2\/tags?post=333720"}],"curies":[{"name":"wp","href":"https:\/\/api.w.org\/{rel}","templated":true}]}}