{"id":333726,"date":"2026-01-10T19:15:14","date_gmt":"2026-01-10T19:15:14","guid":{"rendered":"https:\/\/www.europesays.com\/es\/333726\/"},"modified":"2026-01-10T19:15:14","modified_gmt":"2026-01-10T19:15:14","slug":"la-alcaldesa-felicita-a-la-hermandad-de-bondad-y-misericordia-por-la-bendicion-de-su-titular-maria-santisima-salud-de-los-enfermos","status":"publish","type":"post","link":"https:\/\/www.europesays.com\/es\/333726\/","title":{"rendered":"La alcaldesa felicita a la Hermandad de Bondad y Misericordia por la bendici\u00f3n de su titular Mar\u00eda Sant\u00edsima Salud de los Enfermos"},"content":{"rendered":"<p>La alcaldesa de Jerez, Mar\u00eda Jos\u00e9 Garc\u00eda-Pelayo, <strong>ha felicitado a la Hermandad de Bondad y Misericordia por la bendici\u00f3n de su nueva imagen<\/strong> titular Mar\u00eda Sant\u00edsima Salud de los Enfermos. Una bendici\u00f3n que ha sido oficiada por el obispo de la Di\u00f3cesis, Jos\u00e9 Rico Pav\u00e9s, en el Santuario de San Juan Grande.<\/p>\n<p>L<strong>a alcaldesa ha saludado a los representantes de Bondad y Misericordia <\/strong>en una jornada \u00abtan importante y cargada de simbolismo para la Hermandad\u00bb y ha felicitado a la Hermandad \u00abpor la bendici\u00f3n de vuestra nueva imagen titular y tambi\u00e9n por la decisi\u00f3n que hab\u00e9is tomado de realizar un profundo cambio est\u00e9tico al conjunto que acompa\u00f1a al Se\u00f1or de Bondad y Misericordia. <strong>Nos hace especial ilusi\u00f3n que podamos ver ya a algunas de estas im\u00e1genes en las calles de nuestra ciudad<\/strong> el pr\u00f3ximo Martes Santo. Esperemos que esta vez s\u00ed pod\u00e1is procesionar y no lo impida ning\u00fan fen\u00f3meno climatol\u00f3gico\u00bb.<\/p>\n<p>Garc\u00eda-Pelayo tambi\u00e9n ha recordado que \u00ab<strong>hace unos meses, os acompa\u00f1\u00e1bamos tambi\u00e9n en la inauguraci\u00f3n de vuestra nueva Casa de Hermandad.<\/strong> Sois una Hermandad joven y por eso nos alegra enormemente acompa\u00f1aros en estos momentos tan se\u00f1alados en los que vais cumpliendo vuestros sue\u00f1os. Estamos ilusionados y esperanzados en que Mar\u00eda Sant\u00edsima Salud de los Enfermos pueda procesionar y podamos contemplarla en todo su esplendor engrandeciendo a\u00fan m\u00e1s la jornada del Martes Santo, de momento nos tendremos que conformar\u00a0 con que procesione esta tarde por las calles de su feligres\u00eda\u00bb.\u00a0<\/p>\n<p>Al acto de bendici\u00f3n de la nueva imagen han asistido el teniente de alcaldesa, Agust\u00edn Mu\u00f1oz, y los delegados Francisco Zurita y Bel\u00e9n de la Cuadra.<\/p>\n<p><strong>La nueva imagen ha sido realizada por el imaginero sevillano Jos\u00e9 Antonio Navarro Arteaga<\/strong> y viene a sustituir a una anterior que era obra de la escultura Ana Rey. La Hermandad aprob\u00f3 en un Cabildo extraordinario que el imaginero realizara tambi\u00e9n todo el apostado del misterio, manteni\u00e9ndose la imagen titular actual del Se\u00f1or de Bondad y Misericordia.<\/p>\n<p>La Virgen procesionar\u00e1 en la jornada de este s\u00e1bado desde el Santuario de San Juan Grande hasta la Parroquia de San Juan de Dios, sede de la Hermandad de Bondad y Misericordia, ir\u00e1 sobre un paso de palio de traslado del sevillano grupo de Oraci\u00f3n del Mayor Dolor. En esta ocasi\u00f3n contar\u00e1 con el acompa\u00f1amiento musical de la Banda de M\u00fasica de Agripino Lozano de San Fernando.<\/p>\n<p>Hay que destacar que Jos\u00e9 Antonio Navarro Arteaga es tambi\u00e9n el autor de las im\u00e1genes titulares y todo el grupo escult\u00f3rico de la Hermandad de la Entrega de Guadalcac\u00edn.<\/p>\n<p>\u00a0<\/p>\n<p>\u00a0<\/p>\n","protected":false},"excerpt":{"rendered":"La alcaldesa de Jerez, Mar\u00eda Jos\u00e9 Garc\u00eda-Pelayo, ha felicitado a la Hermandad de Bondad y Misericordia por la&hellip;\n","protected":false},"author":2,"featured_media":333727,"comment_status":"","ping_status":"","sticky":false,"template":"","format":"standard","meta":{"footnotes":""},"categories":[8],"tags":[17,18,25,24,13,14,11,19,20,9,10,15,16,23,12,21,22],"class_list":{"0":"post-333726","1":"post","2":"type-post","3":"status-publish","4":"format-standard","5":"has-post-thumbnail","7":"category-espana","8":"tag-breaking-news","9":"tag-breakingnews","10":"tag-es","11":"tag-espana","12":"tag-featured-news","13":"tag-featurednews","14":"tag-headlines","15":"tag-latest-news","16":"tag-latestnews","17":"tag-news","18":"tag-noticias","19":"tag-noticias-destacadas","20":"tag-noticiasdestacadas","21":"tag-spain","22":"tag-titulares","23":"tag-ultimas-noticias","24":"tag-ultimasnoticias"},"share_on_mastodon":{"url":"https:\/\/pubeurope.com\/@es\/115872407470511218","error":""},"_links":{"self":[{"href":"https:\/\/www.europesays.com\/es\/wp-json\/wp\/v2\/posts\/333726","targetHints":{"allow":["GET"]}}],"collection":[{"href":"https:\/\/www.europesays.com\/es\/wp-json\/wp\/v2\/posts"}],"about":[{"href":"https:\/\/www.europesays.com\/es\/wp-json\/wp\/v2\/types\/post"}],"author":[{"embeddable":true,"href":"https:\/\/www.europesays.com\/es\/wp-json\/wp\/v2\/users\/2"}],"replies":[{"embeddable":true,"href":"https:\/\/www.europesays.com\/es\/wp-json\/wp\/v2\/comments?post=333726"}],"version-history":[{"count":0,"href":"https:\/\/www.europesays.com\/es\/wp-json\/wp\/v2\/posts\/333726\/revisions"}],"wp:featuredmedia":[{"embeddable":true,"href":"https:\/\/www.europesays.com\/es\/wp-json\/wp\/v2\/media\/333727"}],"wp:attachment":[{"href":"https:\/\/www.europesays.com\/es\/wp-json\/wp\/v2\/media?parent=333726"}],"wp:term":[{"taxonomy":"category","embeddable":true,"href":"https:\/\/www.europesays.com\/es\/wp-json\/wp\/v2\/categories?post=333726"},{"taxonomy":"post_tag","embeddable":true,"href":"https:\/\/www.europesays.com\/es\/wp-json\/wp\/v2\/tags?post=333726"}],"curies":[{"name":"wp","href":"https:\/\/api.w.org\/{rel}","templated":true}]}}