{"id":333758,"date":"2026-01-10T19:38:14","date_gmt":"2026-01-10T19:38:14","guid":{"rendered":"https:\/\/www.europesays.com\/es\/333758\/"},"modified":"2026-01-10T19:38:14","modified_gmt":"2026-01-10T19:38:14","slug":"la-nevada-cierra-varias-estaciones-de-esqui-y-corta-carreteras-en-huesca-nevasport-com","status":"publish","type":"post","link":"https:\/\/www.europesays.com\/es\/333758\/","title":{"rendered":"La nevada cierra varias estaciones de esqu\u00ed y corta carreteras en Huesca &#8211; Nevasport.com"},"content":{"rendered":"<ol>\n<li><a href=\"https:\/\/news.google.com\/rss\/articles\/CBMi0AFBVV95cUxQYWpBWXBvREtMRWJ6ZkQwZDBJTExnR2FhQkVmOUFEZFZTbFdEcnRSVTV2b0pIQ21TZk1IWmttaDNNaXlLMmw0bFJkaGl5R19HLWpHeXNvd1NqT05jMDRDZV8xTGtZR0JnUzhfQkREbXR4b2o1QnNlNGJuUWhwak9JYWpmRnBnd2FGbGdqbnZEWjdyQVZGbnZSSDJCQUswRFRCQkxuLWpySmcwRlU3Zi1pWUQxaVFPZmJ2M01nYWxWN0drOTdrcGtTdFkyTHRTaUVZ?oc=5\" target=\"_blank\" rel=\"nofollow noopener\">La nevada cierra varias estaciones de esqu\u00ed y corta carreteras en Huesca<\/a>&nbsp;&nbsp;Nevasport.com<\/li>\n<li><a href=\"https:\/\/news.google.com\/rss\/articles\/CBMiwwFBVV95cUxQSnNNNmFOVTRVcnRmY3VvQmpMSUVSS0JDYVY0NXBlbWlpMzg4X2lrMnZ1TDdMMnAzWnRuUFN0NTV4MHIwQ0ctRUlGYjYydmVTQjR2REhKVU1oa081RXV5SFlZVG9YY2liTEhuV2wtRkVsU05jSG53S3FJLUFjUWl5eHI1R01IZWpNMTF0NURjYmVfZVBpNEJ2bjNac3k3LVpfaDY3U21WZGdwYVVoTGZaeUU4Qnp4a0dVN2xtSjViS0RYUTjSAdcBQVVfeXFMT3hyRV94UEZfcjR4czRZYkFxZEV2NjBPXzF0RXlzeTZSMUJCTWM2ZjBib19HUEV2WDcySVFYUmVlcEktRjdFTXM1My11c09fU3h1ZkhrU1haUXZwVG9ER2tMcW5PZmtLOXhsblBEczRvUVY5ek9SUDlWOXBHS1lmQ1R3MklDeC1aR0FYZzRaSTl1UmpBdkdURXFHbDZHRTQ4SHA4aEdLWTFYQ1JsMHVya2lzWFB1by1HYXdGYmUzaXBDUlU4ZzhYX01WamZJd2ljalRoZU9mVTg?oc=5\" target=\"_blank\" rel=\"nofollow noopener\">La borrasca Goretti deja cerradas estaciones de esqu\u00ed hoy s\u00e1bado en el Pirineo de Huesca<\/a>&nbsp;&nbsp;Cadena SER<\/li>\n<li><a href=\"https:\/\/news.google.com\/rss\/articles\/CBMiiwJBVV95cUxPaWlqbHVNU0FRVmhlY29sdnZjM00ybV9Lb3NOQ1ZqVnRzUHBVM3NYSjJIZ0p5Qm1lVXdBYkNUNml1NEVjSzNhYjBrdGF6Y3Z4OTAxcXoyV3J3amI1Y0xRbC1iOFFrbjZlTXhLMGRtamdvRE1LYU1qV0FPaWltYWV6QzJNUkREalI2Q3Q0aTR0VjY3MzU0QWlCNENXSzlaQlU5SEF3eVQ3QWlxUURyb1NZeFR0ZzdkaVVVUjlrMWl5SmtDcWIyb09CLTU5TlVzNnAwVUpfUjFOLU9VdHBvQVlRUUF1Sks5S1Y3OUxRUEVuQjEzTmh2elg3eThKVHhGWEFBbGpJZy1CX1FYRUk?oc=5\" target=\"_blank\" rel=\"nofollow noopener\">La borrasca Goretti impacta en los refugios del Pirineo aragon\u00e9s: \u00abQuiz\u00e1 tengamos que salir de aqu\u00ed en helic\u00f3ptero\u00bb<\/a>&nbsp;&nbsp;heraldo.es<\/li>\n<li><a href=\"https:\/\/news.google.com\/rss\/articles\/CBMiowFBVV95cUxPZ3pLdE1pNFl0YnhKRW8xRFV0MWVMeHNKbVFEU2Z3U2l5LWpIMXNVWmhvMjE4blZIWmVuZ1RzY2I5QURZQnBmQXY3RDdQdXUzd19mSTFVMGdOdWYzSGhINWZNNDd4eDQzREtUWkJ3Z1BySDg1dmZUelJ6LXc0U3JBNmFoZWVZRkF1SzJYejBCcFBhYVZGTnRIZWE4a1Uyc0R2Qmx3?oc=5\" target=\"_blank\" rel=\"nofollow noopener\">La nevada intensa deja hasta 55 cent\u00edmetros de nieve en el Pirineo catal\u00e1n y Protecci\u00f3 Civil activa la alerta<\/a>&nbsp;&nbsp;El Peri\u00f3dico<\/li>\n<li><a href=\"https:\/\/news.google.com\/rss\/articles\/CBMi2AFBVV95cUxNelN5V29JeW8tRkUzamFGdURsclNoMmtCZW5lZFhXTFVESFoxcUNUT1VOc1F3dEN5NTdraWMtZXpFZ05ZQzFHR19Jb1Vxd01McHM3VnJxd3RRYktXNERqcjZ3Z1EwMWgzZW9rOW85Z1BYbVAyN3BpNlJSQlppQ0ttck95U1NkY0pyS1JKVFFzNzhWb2hVMkR3T2MzckpWYXE2Q0FqZlRWYnJSOFBrWFFOQWdoUnpaUHJoY1VfVjVrZllBY0FWZmNacFlzcGRtQzNYcnl2M3hrSG3SAdgBQVVfeXFMTjNmRXp3M3pnbTlONk02UlpCc1BMSG45RVNXRGZLWFMxaHVSRlBWWmxURm5RQXJaeEFiekFlZTRjV2U4MFZKVW5CbkJDN1ZmTUVUMzRSOUgzMm4tNEtZMDBWTzZucExqSF9nUUhUS2hxQWZyeFJGLVpOQ2E3ekc0TTNaNW5ET2Q5RU1FenpPQlB6cFdVZkZLOEwwaVgyNjFEY3pCVG9mTnRzQjFhYUJidVZCc1hwamNHXzZsOEo2THcxLTFubGw1VVlRekE2TmE0ZzRTWW9IRFlM?oc=5\" target=\"_blank\" rel=\"nofollow noopener\">Los \u00faltimos coletazos de Goretti dejan un riesgo fuerte de aludes en el Pirineo<\/a>&nbsp;&nbsp;LaSexta<\/li>\n<\/ol>\n","protected":false},"excerpt":{"rendered":"La nevada cierra varias estaciones de esqu\u00ed y corta carreteras en Huesca&nbsp;&nbsp;Nevasport.com La borrasca Goretti deja cerradas estaciones&hellip;\n","protected":false},"author":2,"featured_media":330182,"comment_status":"","ping_status":"","sticky":false,"template":"","format":"standard","meta":{"footnotes":""},"categories":[8],"tags":[17,18,25,24,13,14,11,19,20,9,10,15,16,23,12,21,22],"class_list":{"0":"post-333758","1":"post","2":"type-post","3":"status-publish","4":"format-standard","5":"has-post-thumbnail","7":"category-espana","8":"tag-breaking-news","9":"tag-breakingnews","10":"tag-es","11":"tag-espana","12":"tag-featured-news","13":"tag-featurednews","14":"tag-headlines","15":"tag-latest-news","16":"tag-latestnews","17":"tag-news","18":"tag-noticias","19":"tag-noticias-destacadas","20":"tag-noticiasdestacadas","21":"tag-spain","22":"tag-titulares","23":"tag-ultimas-noticias","24":"tag-ultimasnoticias"},"share_on_mastodon":{"url":"https:\/\/pubeurope.com\/@es\/115872497870504219","error":""},"_links":{"self":[{"href":"https:\/\/www.europesays.com\/es\/wp-json\/wp\/v2\/posts\/333758","targetHints":{"allow":["GET"]}}],"collection":[{"href":"https:\/\/www.europesays.com\/es\/wp-json\/wp\/v2\/posts"}],"about":[{"href":"https:\/\/www.europesays.com\/es\/wp-json\/wp\/v2\/types\/post"}],"author":[{"embeddable":true,"href":"https:\/\/www.europesays.com\/es\/wp-json\/wp\/v2\/users\/2"}],"replies":[{"embeddable":true,"href":"https:\/\/www.europesays.com\/es\/wp-json\/wp\/v2\/comments?post=333758"}],"version-history":[{"count":0,"href":"https:\/\/www.europesays.com\/es\/wp-json\/wp\/v2\/posts\/333758\/revisions"}],"wp:featuredmedia":[{"embeddable":true,"href":"https:\/\/www.europesays.com\/es\/wp-json\/wp\/v2\/media\/330182"}],"wp:attachment":[{"href":"https:\/\/www.europesays.com\/es\/wp-json\/wp\/v2\/media?parent=333758"}],"wp:term":[{"taxonomy":"category","embeddable":true,"href":"https:\/\/www.europesays.com\/es\/wp-json\/wp\/v2\/categories?post=333758"},{"taxonomy":"post_tag","embeddable":true,"href":"https:\/\/www.europesays.com\/es\/wp-json\/wp\/v2\/tags?post=333758"}],"curies":[{"name":"wp","href":"https:\/\/api.w.org\/{rel}","templated":true}]}}