{"id":333803,"date":"2026-01-10T20:17:07","date_gmt":"2026-01-10T20:17:07","guid":{"rendered":"https:\/\/www.europesays.com\/es\/333803\/"},"modified":"2026-01-10T20:17:07","modified_gmt":"2026-01-10T20:17:07","slug":"sebastian-stan-suena-con-fuerza-para-dar-vida-al-iconico-dos-caras","status":"publish","type":"post","link":"https:\/\/www.europesays.com\/es\/333803\/","title":{"rendered":"Sebastian Stan suena con fuerza para dar vida al ic\u00f3nico Dos Caras"},"content":{"rendered":"<p>Hay ganas, pero que muchas ganas de comprobar qu\u00e9 es lo que est\u00e1 preparando Matt Reeves con el regreso del Caballero Oscuro. <strong>The Batman Parte 2<\/strong> llegar\u00e1 a las salas de cine el pr\u00f3ximo 1 de octubre del 2027, pero todav\u00eda hay que rodar una cinta que est\u00e1 perfilando los rostros que la protagonizar\u00e1n.<\/p>\n<p>Hace unos d\u00edas, desde <a rel=\"noopener, noreferrer nofollow\" href=\"https:\/\/deadline.com\/2025\/12\/scarlett-johansson-the-batman-part-ii-cast-1236634721\/\" target=\"_blank\">Deadline<\/a> se se\u00f1al\u00f3 que Scarlett Johansson se encontraba en conversaciones con la producci\u00f3n para sumarse al reparto con un papel que no est\u00e1 claro todav\u00eda. A su vez, su compa\u00f1ero en el UCM, Sebastian Stan, estaba haciendo lo propio para convertirse en uno de los fichajes de relumbr\u00f3n de la secuela.<\/p>\n<p>    <a href=\"https:\/\/www.vidaextra.com\/rpg\/descenso-a-locura-fallout-enfermedad-que-afecta-a-todos-jugadores-ahora-a-protagonista-serie-prime-video\" class=\"pivot-outboundlink\" data-vars-post-title=\"El descenso a la locura de Fallout: una enfermedad que afecta a todos los jugadores y ahora a la protagonista de la serie de Prime Video \" rel=\"nofollow noopener\" target=\"_blank\"><br \/>\n     <img loading=\"lazy\" decoding=\"async\" alt=\"El descenso a la locura de Fallout: una enfermedad que afecta a todos los jugadores y ahora a la protagonista de la serie de Prime Video \" width=\"375\" height=\"142\" src=\"https:\/\/i.blogs.es\/5b3f63\/fallout-main\/375_142.webp\" onerror=\"this.src=\" https:=\"\"\/><br \/>\n    <\/a><\/p>\n<p>Ahora, gracias a una peque\u00f1a pero interesante filtraci\u00f3n por parte de <a rel=\"noopener, noreferrer nofollow\" href=\"https:\/\/view.email.hollywoodreporter.com\/?qs=ca40c03fe0447bb0f1b6ce255294bd51521d51b051d69c6479f6a14dc26a79fce81ab460fa332fe660a20a8db51d2c3bb76e67f5d6ba9b86baf71c9c5ddef915d6a3d7f370b8e914\" target=\"_blank\">The Hollywood Reporter<\/a>, sabemos que el actor ser\u00e1 el encargado de dar vida al ic\u00f3nico Dos Caras. Estamos hablando de uno de los villanos m\u00e1s carism\u00e1ticos de Batman y que, en principio, deber\u00eda pasar de su transici\u00f3n como Harvey Dent hasta el despiadado criminal que provoca quebraderos de cabeza por Gotham.<\/p>\n<p>Por supuesto, todav\u00eda falta la confirmaci\u00f3n oficial de la noticia, pero estar\u00edamos hablando de otro int\u00e9rprete de gran calado en las pel\u00edculas de Marvel que veremos en una historia de DC. Por ahora, sabemos que <strong>The Batman Parte 2<\/strong> comenzar\u00e1 su rodaje en mayo y que el guion ha sido escrito, codo con codo, entre Reeves y Mattson Tomlin.<\/p>\n<p>En VidaExtra |\u00a0<a class=\"text-outboundlink\" href=\"https:\/\/www.vidaextra.com\/comics\/superman-batman-se-fusionaron-a-dragon-ball-z-resultado-fue-apoteosico\" data-vars-post-title=\"Qui\u00e9n es Superbat, la fusi\u00f3n de Batman y Superman al m\u00e1s puro estilo Dragon Ball\" data-vars-post-url=\"https:\/\/www.vidaextra.com\/comics\/superman-batman-se-fusionaron-a-dragon-ball-z-resultado-fue-apoteosico\" target=\"_blank\" rel=\"nofollow noopener\">Qui\u00e9n es Superbat, la fusi\u00f3n de Batman y Superman al m\u00e1s puro estilo Dragon Ball<\/a><\/p>\n<p>En VidaExtra |\u00a0<a class=\"text-outboundlink\" href=\"https:\/\/www.vidaextra.com\/comics\/que-batman-teme-a-plastic-man-uno-heroes-divertidos-dc-comics\" data-vars-post-title=\"Por qu\u00e9 Batman teme tanto a Plastic Man, uno de los h\u00e9roes m\u00e1s bobos (y divertidos) de DC Comics\" data-vars-post-url=\"https:\/\/www.vidaextra.com\/comics\/que-batman-teme-a-plastic-man-uno-heroes-divertidos-dc-comics\" target=\"_blank\" rel=\"nofollow noopener\">Por qu\u00e9 Batman teme tanto a Plastic Man, uno de los h\u00e9roes m\u00e1s bobos (y divertidos) de DC Comics<\/a><\/p>\n","protected":false},"excerpt":{"rendered":"Hay ganas, pero que muchas ganas de comprobar qu\u00e9 es lo que est\u00e1 preparando Matt Reeves con el&hellip;\n","protected":false},"author":2,"featured_media":333804,"comment_status":"","ping_status":"","sticky":false,"template":"","format":"standard","meta":{"footnotes":""},"categories":[169],"tags":[177,146,147,25,24,176,175,23],"class_list":{"0":"post-333803","1":"post","2":"type-post","3":"status-publish","4":"format-standard","5":"has-post-thumbnail","7":"category-cine","8":"tag-cine","9":"tag-entertainment","10":"tag-entretenimiento","11":"tag-es","12":"tag-espana","13":"tag-film","14":"tag-movies","15":"tag-spain"},"share_on_mastodon":{"url":"https:\/\/pubeurope.com\/@es\/115872651383087086","error":""},"_links":{"self":[{"href":"https:\/\/www.europesays.com\/es\/wp-json\/wp\/v2\/posts\/333803","targetHints":{"allow":["GET"]}}],"collection":[{"href":"https:\/\/www.europesays.com\/es\/wp-json\/wp\/v2\/posts"}],"about":[{"href":"https:\/\/www.europesays.com\/es\/wp-json\/wp\/v2\/types\/post"}],"author":[{"embeddable":true,"href":"https:\/\/www.europesays.com\/es\/wp-json\/wp\/v2\/users\/2"}],"replies":[{"embeddable":true,"href":"https:\/\/www.europesays.com\/es\/wp-json\/wp\/v2\/comments?post=333803"}],"version-history":[{"count":0,"href":"https:\/\/www.europesays.com\/es\/wp-json\/wp\/v2\/posts\/333803\/revisions"}],"wp:featuredmedia":[{"embeddable":true,"href":"https:\/\/www.europesays.com\/es\/wp-json\/wp\/v2\/media\/333804"}],"wp:attachment":[{"href":"https:\/\/www.europesays.com\/es\/wp-json\/wp\/v2\/media?parent=333803"}],"wp:term":[{"taxonomy":"category","embeddable":true,"href":"https:\/\/www.europesays.com\/es\/wp-json\/wp\/v2\/categories?post=333803"},{"taxonomy":"post_tag","embeddable":true,"href":"https:\/\/www.europesays.com\/es\/wp-json\/wp\/v2\/tags?post=333803"}],"curies":[{"name":"wp","href":"https:\/\/api.w.org\/{rel}","templated":true}]}}