{"id":333822,"date":"2026-01-10T20:33:09","date_gmt":"2026-01-10T20:33:09","guid":{"rendered":"https:\/\/www.europesays.com\/es\/333822\/"},"modified":"2026-01-10T20:33:09","modified_gmt":"2026-01-10T20:33:09","slug":"el-unicaja-asalta-valencia-de-la-mano-de-un-audige-de-luto","status":"publish","type":"post","link":"https:\/\/www.europesays.com\/es\/333822\/","title":{"rendered":"El Unicaja asalta Valencia de la mano de un Audige de luto"},"content":{"rendered":"<p data-mrf-recirculation=\"Links P\u00e1rrafos\" class=\"ue-c-article__paragraph paragraph ue-c-article--first-letter-highlighted\">El <strong>Unicaja <\/strong>consigui\u00f3 un<strong> triunfo hist\u00f3rico en Valencia por 70-76<\/strong>. El cuadro malague\u00f1o es el primer equipo ACB que logra ganar a los valencianos en su pista, <strong>un Roig Arena que hasta ahora hab\u00eda sido inexpugnable <\/strong>con siete triunfos en otros tantos partidos.\u00a0<\/p>\n<p><img decoding=\"async\" width=\"974\" height=\"720\" class=\"ue-c-article__image lazyload\" alt=\".\" loading=\"lazy\" src=\"https:\/\/www.europesays.com\/es\/wp-content\/uploads\/2026\/01\/6962ab5832a77.jpeg\"\/><\/p>\n<p>.ACB PHOTO<\/p>\n<p data-mrf-recirculation=\"Links P\u00e1rrafos\" class=\"ue-c-article__paragraph paragraph\">Los de<strong> Ibon Navarro <\/strong>vencieron a lomos de un <strong>Chase Audige<\/strong> que puso los vellos de punta a locales y visitantes. El neoyorquino <strong>fue el mejor del partido justo en el d\u00eda en el que conoci\u00f3 el fallecimiento de su madre<\/strong> horas antes del encuentro. Sus<strong> 20 puntos<\/strong> fueron claves para que el Unicaja se llevase un triunfo <strong>aprovechando el cansancio<\/strong> de los de <strong>Pedro Mart\u00ednez<\/strong>.<\/p>\n<p>Gran puesta en escena taronja<\/p>\n<p data-mrf-recirculation=\"Links P\u00e1rrafos\" class=\"ue-c-article__paragraph paragraph\">El partido arranc\u00f3 con un Valencia Basket muy acertado, que logr\u00f3 un parcial inicial de 8-2. Un triple de Audige acerc\u00f3 al Unicaja, pero el juego interior local segu\u00eda imponi\u00e9ndose, sum\u00e1ndose a la anotaci\u00f3n Badio desde m\u00e1s all\u00e1 del arco. L\u00f3pez-Arostegui ampli\u00f3 la ventaja valenciana hasta casi alcanzar los diez puntos, aunque un triple de Webb III recortaba distancias. Costello manten\u00eda a los locales en ventaja (21-11), pero un \u00faltimo arre\u00f3n del Unicaja, con un triple de Duarte, dej\u00f3 el marcador en 23-18. Webb III y Audige cerraron el primer cuarto acercando a los visitantes, que se fueron 25-21.<\/p>\n<p><img decoding=\"async\" width=\"1032\" height=\"720\" class=\"ue-c-article__image lazyload\" alt=\".\" loading=\"lazy\" src=\"https:\/\/www.europesays.com\/es\/wp-content\/uploads\/2026\/01\/6962ac844d0ba.jpeg\"\/><\/p>\n<p>.ACB PHOTO<\/p>\n<p data-mrf-recirculation=\"Links P\u00e1rrafos\" class=\"ue-c-article__paragraph paragraph\">En el segundo acto, Alberto D\u00edaz continu\u00f3 acercando al Unicaja, aunque el Valencia Basket respond\u00eda r\u00e1pidamente. Un triple de Tillie situ\u00f3 a los malague\u00f1os a un punto (29-28), y un parcial de 6-0 liderado por Key devolvi\u00f3 la ventaja a los locales, que luego recort\u00f3 Barreiro. El intercambio de canastas continu\u00f3 hasta el descanso, con los valencianos manteniendo la ventaja m\u00ednima, 39-36.<\/p>\n<p>Primera ventaja de los malague\u00f1os<\/p>\n<p data-mrf-recirculation=\"Links P\u00e1rrafos\" class=\"ue-c-article__paragraph paragraph\">Tras el paso por vestuarios, Reuvers volvi\u00f3 a ampliar la renta local, pero Balcerowski y un espectacular mate de Webb III dieron aire al Unicaja. Tras otra canasta valenciana, un triple de Audige puso a los visitantes a solo un punto, y Perry, con otro triple, permiti\u00f3 al Unicaja ponerse por delante por primera vez en el partido. Audige sigui\u00f3 dirigiendo el ataque con una asistencia a Sulejmanovic y otro triple que aument\u00f3 la ventaja hasta 50-57.<\/p>\n<p><img decoding=\"async\" width=\"671\" height=\"720\" class=\"ue-c-article__image lazyload\" alt=\".\" loading=\"lazy\" src=\"https:\/\/www.europesays.com\/es\/wp-content\/uploads\/2026\/01\/6962aca84c98e.jpeg\"\/><\/p>\n<p>.ACB PHOTO<\/p>\n<p data-mrf-recirculation=\"Links P\u00e1rrafos\" class=\"ue-c-article__paragraph paragraph\">El Unicaja continu\u00f3 ampliando la renta con un mate de Sulejmanovic y un contraataque de Perry, llegando a la m\u00e1xima con un triple de Djedovic. A pesar de los intentos de los locales por acercarse, Audige y Perry respondieron con acierto desde el per\u00edmetro, manteniendo la diferencia en torno a los diez puntos. Un triple de Perry en el \u00faltimo minuto pr\u00e1cticamente sell\u00f3 el triunfo (65-76).\u00a0<\/p>\n<p>Reacci\u00f3n est\u00e9ril del Valencia<\/p>\n<p data-mrf-recirculation=\"Links P\u00e1rrafos\" class=\"ue-c-article__paragraph paragraph\">Aunque Valencia Basket sum\u00f3 un 5-0 final, no fue suficiente, y el Unicaja cerr\u00f3 la victoria hist\u00f3rica por 70-76, convirti\u00e9ndose en el primer equipo capaz de vencer al Valencia Basket en el Roig Arena en Liga Endesa. Audige brill\u00f3 en un partido dedicado a su madre, cuya muerte le sobrevino al jugador horas antes del partido. Sus n\u00fameros fueron 20 puntos, 2 asistencias, 2 tapones y 18 de valoraci\u00f3n.<\/p>\n<p>Ficha t\u00e9cnica:<\/p>\n<p data-mrf-recirculation=\"Links P\u00e1rrafos\" class=\"ue-c-article__paragraph paragraph\"><strong>70.- Valencia Basket (25+14+12+19):<\/strong> Badio (8), Taylor (5), Montero (4), Pradilla (10), Reuvers (13) -cinco titular- De Larrea (2), L\u00f3pez-Arostegui (3), Key (7), Moore (-), Thompson (9), Costello (9), Sima (-).<\/p>\n<p data-mrf-recirculation=\"Links P\u00e1rrafos\" class=\"ue-c-article__paragraph paragraph\"><strong>76.- Unicaja de M\u00e1laga (21+15+21+19): <\/strong>Perry (8), Audige (20), Barreiro (2), Tillie (9), Balcerowski (10) -cinco titular- Webb (6), Kalinoski (2), D\u00edaz (-), Djedovic (5), Sulejmanovic (6), Duarte (3) y P\u00e9rez (5).<\/p>\n<p data-mrf-recirculation=\"Links P\u00e1rrafos\" class=\"ue-c-article__paragraph paragraph\"><strong>\u00c1rbitros: <\/strong>Emilio P\u00e9rez Pizarro, Ra\u00fal Zamorano y Alberto Baena. Sin eliminados.<\/p>\n<p data-mrf-recirculation=\"Links P\u00e1rrafos\" class=\"ue-c-article__paragraph paragraph\"><strong>Incidencias: <\/strong>partido correspondiente a la decimoquinta jornada de la acb disputado en el pabell\u00f3n Roig Arena de Val\u00e8ncia ante 12.923 espectadores.<\/p>\n","protected":false},"excerpt":{"rendered":"El Unicaja consigui\u00f3 un triunfo hist\u00f3rico en Valencia por 70-76. El cuadro malague\u00f1o es el primer equipo ACB&hellip;\n","protected":false},"author":2,"featured_media":333823,"comment_status":"","ping_status":"","sticky":false,"template":"","format":"standard","meta":{"footnotes":""},"categories":[269],"tags":[299,298,168,25,24,23,167],"class_list":{"0":"post-333822","1":"post","2":"type-post","3":"status-publish","4":"format-standard","5":"has-post-thumbnail","7":"category-baloncesto","8":"tag-baloncesto","9":"tag-basketball","10":"tag-deportes","11":"tag-es","12":"tag-espana","13":"tag-spain","14":"tag-sports"},"share_on_mastodon":{"url":"https:\/\/pubeurope.com\/@es\/115872714384396072","error":""},"_links":{"self":[{"href":"https:\/\/www.europesays.com\/es\/wp-json\/wp\/v2\/posts\/333822","targetHints":{"allow":["GET"]}}],"collection":[{"href":"https:\/\/www.europesays.com\/es\/wp-json\/wp\/v2\/posts"}],"about":[{"href":"https:\/\/www.europesays.com\/es\/wp-json\/wp\/v2\/types\/post"}],"author":[{"embeddable":true,"href":"https:\/\/www.europesays.com\/es\/wp-json\/wp\/v2\/users\/2"}],"replies":[{"embeddable":true,"href":"https:\/\/www.europesays.com\/es\/wp-json\/wp\/v2\/comments?post=333822"}],"version-history":[{"count":0,"href":"https:\/\/www.europesays.com\/es\/wp-json\/wp\/v2\/posts\/333822\/revisions"}],"wp:featuredmedia":[{"embeddable":true,"href":"https:\/\/www.europesays.com\/es\/wp-json\/wp\/v2\/media\/333823"}],"wp:attachment":[{"href":"https:\/\/www.europesays.com\/es\/wp-json\/wp\/v2\/media?parent=333822"}],"wp:term":[{"taxonomy":"category","embeddable":true,"href":"https:\/\/www.europesays.com\/es\/wp-json\/wp\/v2\/categories?post=333822"},{"taxonomy":"post_tag","embeddable":true,"href":"https:\/\/www.europesays.com\/es\/wp-json\/wp\/v2\/tags?post=333822"}],"curies":[{"name":"wp","href":"https:\/\/api.w.org\/{rel}","templated":true}]}}