{"id":333828,"date":"2026-01-10T20:38:08","date_gmt":"2026-01-10T20:38:08","guid":{"rendered":"https:\/\/www.europesays.com\/es\/333828\/"},"modified":"2026-01-10T20:38:08","modified_gmt":"2026-01-10T20:38:08","slug":"golpe-a-tve-su-ultima-apuesta-se-estrena-con-un-duro-pinchazo-en-audiencias","status":"publish","type":"post","link":"https:\/\/www.europesays.com\/es\/333828\/","title":{"rendered":"Golpe a TVE: su \u00faltima apuesta se estrena con un duro \u2018pinchazo\u2019 en audiencias"},"content":{"rendered":"<p class=\"\">Cuando<b> <\/b><b>Directo al grano<\/b><b> <\/b>aterriz\u00f3 en la parrilla de <b>TVE <\/b>a comienzos del presente curso televisivo lo hizo para <b>conquistar una franja televisiva<\/b>, la del primer tercio de la tarde, que hab\u00eda merodeado sin mucho \u00e9xito La Corporaci\u00f3n en los meses anteriores. Para acometer dicha tarea se \u2018fich\u00f3\u2019 a <b>Marta Flich y Gonzalo Mir\u00f3<\/b>, se ide\u00f3 un espacio de informaci\u00f3n y entretenimiento y, sin hacer demasiado ruido, <b>el programa ha triunfado<\/b>, compartiendo dicho logro con el formato que le sucede en la sesi\u00f3n vespertina, <b>Malas lenguas<\/b>, presentado por <b>Jes\u00fas Cintora.<\/b><\/p>\n<p class=\"\">El buen funcionamiento de este t\u00e1ndem ha empujado a RTVE a trasladar estos dos magacines de actualidad a una emisi\u00f3n especial bajo el nombre<b> <\/b><b>Directo a la gente<\/b> en la noche del viernes. La intenci\u00f3n de <b>Jos\u00e9 Pablo L\u00f3pez<\/b>, presidente del ente p\u00fablico, era n\u00edtida: extender los buenos datos de la tarde al prime time televisivo. Tambi\u00e9n invitaba al optimismo el contenido: <b>el momento era de m\u00e1ximo inter\u00e9s informativo tras el ataque de Estados Unidos a Venezuela y el secuestro de Nicol\u00e1s Maduro<\/b> para su posterior juicio en Nueva York. Pero no ha cuajado.<\/p>\n<p>Una noche gobernada por Antena 3<\/p>\n<p class=\"\">En datos, Directo a la gente se hundi\u00f3 y qued\u00f3 muy lejos de cualquier tipo de liderazgo: registr\u00f3 un escaso<b> 6\u20329% de cuota de pantalla y una media de 602.000 espectadores<\/b> a lo largo de las cuatro horas de duraci\u00f3n del formato. Para contextualizar el golpe: <b>El Desaf\u00edo<\/b>, que estren\u00f3 temporada, arras\u00f3 como primera opci\u00f3n con un <b>17% de share y 1.578.000 espectadores.<\/b><\/p>\n<p class=\"\">No tuvo mal dato<b> \u00a1De Viernes!<\/b>, que alcanz\u00f3 un<b> 10\u20327% <\/b>de cuota de pantalla con una media de<b> 870.000 televidentes<\/b>: funcion\u00f3 la visita de <b>Roc\u00edo Flores, Raquel Mosquera y Ana Obreg\u00f3n<\/b>, quien tambi\u00e9n se encontraba de actualidad por las informaciones que se\u00f1alaban su v\u00ednculo en el pasado con Jeffrey Epstein. Pese a todo, <b>qued\u00f3 tambi\u00e9n lejos del concurso presentado por Roberto Leal.<\/b> Fue tal la debacle de La 1 que incluso Cuatro mejor\u00f3 su dato: la pel\u00edcula <b>El \u00faltimo desaf\u00edo<\/b> emitida en la cuarta cadena obtuvo un <b>7\u20329%<\/b> de share y <b>823.000 <\/b>espectadores.<\/p>\n<p>Noticias relacionadas<a href=\"https:\/\/as.com\/tikitakas\/famosos\/el-actor-can-yaman-detenido-por-posesion-de-drogas-f202601-n\/\" class=\"s_m_w\" title=\"El int\u00e9rprete ha sido arrestado en el marco de una operaci\u00f3n antidrogas dirigida a famosos y tras una ola de redadas en nueve locales de la capital turca.\" data-tb-link=\"\" rel=\"nofollow noopener\" target=\"_blank\"><img decoding=\"async\" src=\"https:\/\/www.europesays.com\/es\/wp-content\/uploads\/2026\/01\/POIMI5UKXRBGNJQNYFXB4DXGOI.jpg\" alt=\"El actor Can Yaman, detenido por posesi\u00f3n de drogas\" class=\"\" height=\"9\" width=\"16\"   loading=\"lazy\" data-tb-thumbnail=\"\"\/><\/a><a href=\"https:\/\/as.com\/tikitakas\/virales\/emily-madre-estadounidense-en-espana-vamos-a-hacer-la-compra-saludable-despues-de-tanto-roscon-toca-comer-verdura-f202601-n\/\" class=\"s_m_w\" title=\"La influencer americana, residente en Madrid, ha mostrado el contenido de su carrito en su primera visita al supermercado despu\u00e9s de Navidades.\" data-tb-link=\"\" rel=\"nofollow noopener\" target=\"_blank\"><img decoding=\"async\" src=\"https:\/\/www.europesays.com\/es\/wp-content\/uploads\/2026\/01\/DBYKYMVZHJBQVJQHXGYA6WKVKM.jpg\" alt=\"Emily, madre estadounidense en Espa\u00f1a: \u201cVamos a hacer la compra saludable. Despu\u00e9s de tanto rosc\u00f3n toca comer verdura\u201d\" class=\"\" height=\"9\" width=\"16\"   loading=\"lazy\" data-tb-thumbnail=\"\"\/><\/a><\/p>\n<p class=\"\">A quien s\u00ed gan\u00f3 en los registros de audiencia fue a<b> <\/b><b>Equipo de investigaci\u00f3n<\/b>: el programa de <b>La Sexta<\/b> se estanc\u00f3 en un pobre <b>6%<\/b> de cuota y <b>669.000<\/b> espectadores. Qued\u00f3 as\u00ed la noche del viernes, marcada por un monopolio de Antena 3.<\/p>\n<p class=\"\"><b>\u00a1Tus opiniones importan!<\/b> Comenta en los art\u00edculos y suscr\u00edbete gratis a nuestra <a href=\"https:\/\/asfan.as.com\/newsletters\/\" target=\"_blank\" rel=\"nofollow noopener\" title=\"https:\/\/asfan.as.com\/newsletters\/\">newsletter<\/a> y a las alertas informativas en la <a href=\"https:\/\/as.com\/aplicacion-de-as-n\/\" target=\"_blank\" rel=\"nofollow noopener\" title=\"https:\/\/as.com\/aplicacion-de-as-n\/\">App<\/a> o el canal de <a href=\"https:\/\/www.whatsapp.com\/channel\/0029VaAasdA7j6g745nz9M10\" target=\"_blank\" rel=\"nofollow noopener\" title=\"https:\/\/www.whatsapp.com\/channel\/0029VaAasdA7j6g745nz9M10\">WhatsApp<\/a>. \u00bfBuscas licenciar contenido? Haz clic <a href=\"https:\/\/profesional.elpais.com\/landing-sindicacion?utm_medium=interno&amp;utm_source=crosslinking&amp;utm_campaign=sindicacion_as_pie_articulos\" target=\"_blank\" rel=\"nofollow noopener\" title=\"https:\/\/profesional.elpais.com\/landing-sindicacion?utm_medium=interno&amp;utm_source=crosslinking&amp;utm_campaign=sindicacion_as_pie_articulos\">aqu\u00ed<\/a><\/p>\n","protected":false},"excerpt":{"rendered":"Cuando Directo al grano aterriz\u00f3 en la parrilla de TVE a comienzos del presente curso televisivo lo hizo&hellip;\n","protected":false},"author":2,"featured_media":333829,"comment_status":"","ping_status":"","sticky":false,"template":"","format":"standard","meta":{"footnotes":""},"categories":[171],"tags":[146,147,25,24,23,214],"class_list":{"0":"post-333828","1":"post","2":"type-post","3":"status-publish","4":"format-standard","5":"has-post-thumbnail","7":"category-tv","8":"tag-entertainment","9":"tag-entretenimiento","10":"tag-es","11":"tag-espana","12":"tag-spain","13":"tag-tv"},"share_on_mastodon":{"url":"https:\/\/pubeurope.com\/@es\/115872734102834934","error":""},"_links":{"self":[{"href":"https:\/\/www.europesays.com\/es\/wp-json\/wp\/v2\/posts\/333828","targetHints":{"allow":["GET"]}}],"collection":[{"href":"https:\/\/www.europesays.com\/es\/wp-json\/wp\/v2\/posts"}],"about":[{"href":"https:\/\/www.europesays.com\/es\/wp-json\/wp\/v2\/types\/post"}],"author":[{"embeddable":true,"href":"https:\/\/www.europesays.com\/es\/wp-json\/wp\/v2\/users\/2"}],"replies":[{"embeddable":true,"href":"https:\/\/www.europesays.com\/es\/wp-json\/wp\/v2\/comments?post=333828"}],"version-history":[{"count":0,"href":"https:\/\/www.europesays.com\/es\/wp-json\/wp\/v2\/posts\/333828\/revisions"}],"wp:featuredmedia":[{"embeddable":true,"href":"https:\/\/www.europesays.com\/es\/wp-json\/wp\/v2\/media\/333829"}],"wp:attachment":[{"href":"https:\/\/www.europesays.com\/es\/wp-json\/wp\/v2\/media?parent=333828"}],"wp:term":[{"taxonomy":"category","embeddable":true,"href":"https:\/\/www.europesays.com\/es\/wp-json\/wp\/v2\/categories?post=333828"},{"taxonomy":"post_tag","embeddable":true,"href":"https:\/\/www.europesays.com\/es\/wp-json\/wp\/v2\/tags?post=333828"}],"curies":[{"name":"wp","href":"https:\/\/api.w.org\/{rel}","templated":true}]}}