{"id":333842,"date":"2026-01-10T20:47:26","date_gmt":"2026-01-10T20:47:26","guid":{"rendered":"https:\/\/www.europesays.com\/es\/333842\/"},"modified":"2026-01-10T20:47:26","modified_gmt":"2026-01-10T20:47:26","slug":"noches-en-la-catedral-la-belleza-como-camino-pastoral-bajo-las-bovedas-de-la-catedral","status":"publish","type":"post","link":"https:\/\/www.europesays.com\/es\/333842\/","title":{"rendered":"NOCHES EN LA CATEDRAL: LA BELLEZA COMO CAMINO PASTORAL BAJO LAS B\u00d3VEDAS DE LA CATEDRAL"},"content":{"rendered":"<p>La Catedral de Sevilla contin\u00faa con una de sus propuestas culturales m\u00e1s singulares y exitosas. Noches en la Catedral, la oferta cultural en horario nocturno impulsada por el Cabildo Metropolitano, se ha consolidado como una experiencia que a\u00fana patrimonio, cultura y espiritualidad, ofreciendo al visitante una visi\u00f3n integral del templo desde la v\u00eda pulchritudinis, el camino de la belleza como v\u00eda de encuentro y contemplaci\u00f3n.<\/p>\n<p>Lejos de una visita convencional, esta iniciativa propone redescubrir el mayor templo g\u00f3tico del mundo en un ambiente de silencio, luz y recogimiento. La noche se convierte as\u00ed en aliada para una lectura m\u00e1s profunda del espacio catedralicio, permitiendo apreciar no solo su grandiosidad art\u00edstica, sino tambi\u00e9n el mensaje espiritual que inspira su arquitectura y su historia.<\/p>\n<p>Noches en la Catedral ofrece una experiencia estructurada en dos grandes momentos. <strong>El Evangelio de Madera<\/strong>, el eje central de la propuesta nocturna. Esta experiencia sensorial, centrada en el Retablo Mayor, combina iluminaci\u00f3n art\u00edstica, m\u00fasica y narraci\u00f3n para desvelar el contenido teol\u00f3gico y catequ\u00e9tico de uno de los mayores conjuntos escult\u00f3ricos de la cristiandad. El retablo se presenta as\u00ed como un aut\u00e9ntico \u201cevangelio visual\u201d, capaz de comunicar su mensaje a trav\u00e9s de la emoci\u00f3n y la belleza. <\/p>\n<p><a href=\"https:\/\/catedraldesevilla.entradasdemuseos.com\/visit\/el-evangelio-de-madera-noches-de-la-catedral\" rel=\"nofollow noopener\" target=\"_blank\">https:\/\/catedraldesevilla.entradasdemuseos.com\/visit\/el-evangelio-de-madera-noches-de-la-catedral<\/a><\/p>\n<p>El Cabildo Metropolitano ha concebido esta iniciativa desde una clara vocaci\u00f3n pastoral, utilizando el lenguaje universal de la belleza para acercar el mensaje cristiano a p\u00fablicos diversos. La v\u00eda pulchritudinis se manifiesta en cada detalle de la experiencia: desde el cuidado dise\u00f1o lum\u00ednico hasta la narrativa que acompa\u00f1a la visita, pensada para suscitar contemplaci\u00f3n, reflexi\u00f3n y di\u00e1logo interior.<\/p>\n<p>De 20:30 a 22:00 h. <strong>Incluye la visita libre a las Catedral excepto Giralda y patio de los Naranjos.<\/strong><\/p>\n<p>La segunda de las visitas que forman parte de este proyecto nocturno es <strong>De Profundis: los sepulcros de los arzobispos de la Catedral<\/strong>. Se trata de una visita guiada a trav\u00e9s de un notable conjunto de sepulcros episcopales, un patrimonio que refleja la importancia de los prelados hispalenses en la historia de la Iglesia Universal.<\/p>\n<p>El recorrido\u00a0<strong>cuenta con la novedad de la visita de la cripta de los arzobispos de la Parroquia del Sagrario<\/strong>\u00a0abierta por primera vez al p\u00fablico en una visita cultural. Tambi\u00e9n\u00a0<strong>cuenta con m\u00fasica sacra en directo con la participaci\u00f3n de Arcadiantiqua\u00a0<\/strong>que, para esta visita guiada, interpretar\u00e1n tres piezas musicales.<\/p>\n<p><a href=\"https:\/\/catedraldesevilla.entradasdemuseos.com\/visit\/de-profundis-los-sepulcros-de-los-arzobispos-de-la-catedral\" rel=\"nofollow noopener\" target=\"_blank\">https:\/\/catedraldesevilla.entradasdemuseos.com\/visit\/de-profundis-los-sepulcros-de-los-arzobispos-de-la-catedral<\/a><\/p>\n<p>Este enfoque ha despertado un notable inter\u00e9s tanto entre visitantes nacionales e internacionales como entre los propios sevillanos, que encuentran en estas noches una oportunidad para reencontrarse con su Catedral desde una mirada m\u00e1s pausada y profunda. El control de aforos y el car\u00e1cter guiado de la actividad refuerzan, adem\u00e1s, un modelo de turismo cultural sostenible y respetuoso con el car\u00e1cter sagrado del espacio.<\/p>\n<p>Noches en la Catedral demuestra que el patrimonio hist\u00f3rico-religioso puede dialogar con la contemporaneidad sin perder su esencia. Al caer la noche, la Catedral de Sevilla no solo muestra su esplendor art\u00edstico, sino que se ofrece como un espacio de experiencia y significado, donde la belleza act\u00faa como puente entre la cultura y la fe.<\/p>\n<p>Con una acogida creciente y un desarrollo cuidadosamente dise\u00f1ado, esta propuesta se ha convertido en una de las iniciativas culturales m\u00e1s destacadas de la ciudad, confirmando que la noche tambi\u00e9n puede ser tiempo de encuentro, contemplaci\u00f3n y descubrimiento.<\/p>\n","protected":false},"excerpt":{"rendered":"La Catedral de Sevilla contin\u00faa con una de sus propuestas culturales m\u00e1s singulares y exitosas. Noches en la&hellip;\n","protected":false},"author":2,"featured_media":333843,"comment_status":"","ping_status":"","sticky":false,"template":"","format":"standard","meta":{"footnotes":""},"categories":[8],"tags":[17,18,25,24,13,14,11,19,20,9,10,15,16,23,12,21,22],"class_list":{"0":"post-333842","1":"post","2":"type-post","3":"status-publish","4":"format-standard","5":"has-post-thumbnail","7":"category-espana","8":"tag-breaking-news","9":"tag-breakingnews","10":"tag-es","11":"tag-espana","12":"tag-featured-news","13":"tag-featurednews","14":"tag-headlines","15":"tag-latest-news","16":"tag-latestnews","17":"tag-news","18":"tag-noticias","19":"tag-noticias-destacadas","20":"tag-noticiasdestacadas","21":"tag-spain","22":"tag-titulares","23":"tag-ultimas-noticias","24":"tag-ultimasnoticias"},"share_on_mastodon":{"url":"https:\/\/pubeurope.com\/@es\/115872769225259255","error":""},"_links":{"self":[{"href":"https:\/\/www.europesays.com\/es\/wp-json\/wp\/v2\/posts\/333842","targetHints":{"allow":["GET"]}}],"collection":[{"href":"https:\/\/www.europesays.com\/es\/wp-json\/wp\/v2\/posts"}],"about":[{"href":"https:\/\/www.europesays.com\/es\/wp-json\/wp\/v2\/types\/post"}],"author":[{"embeddable":true,"href":"https:\/\/www.europesays.com\/es\/wp-json\/wp\/v2\/users\/2"}],"replies":[{"embeddable":true,"href":"https:\/\/www.europesays.com\/es\/wp-json\/wp\/v2\/comments?post=333842"}],"version-history":[{"count":0,"href":"https:\/\/www.europesays.com\/es\/wp-json\/wp\/v2\/posts\/333842\/revisions"}],"wp:featuredmedia":[{"embeddable":true,"href":"https:\/\/www.europesays.com\/es\/wp-json\/wp\/v2\/media\/333843"}],"wp:attachment":[{"href":"https:\/\/www.europesays.com\/es\/wp-json\/wp\/v2\/media?parent=333842"}],"wp:term":[{"taxonomy":"category","embeddable":true,"href":"https:\/\/www.europesays.com\/es\/wp-json\/wp\/v2\/categories?post=333842"},{"taxonomy":"post_tag","embeddable":true,"href":"https:\/\/www.europesays.com\/es\/wp-json\/wp\/v2\/tags?post=333842"}],"curies":[{"name":"wp","href":"https:\/\/api.w.org\/{rel}","templated":true}]}}