{"id":333846,"date":"2026-01-10T20:53:06","date_gmt":"2026-01-10T20:53:06","guid":{"rendered":"https:\/\/www.europesays.com\/es\/333846\/"},"modified":"2026-01-10T20:53:06","modified_gmt":"2026-01-10T20:53:06","slug":"nadal-era-un-pistolero-djokovic-era-un-arquero-pero-carlos","status":"publish","type":"post","link":"https:\/\/www.europesays.com\/es\/333846\/","title":{"rendered":"Nadal era un pistolero, Djokovic era un arquero, pero Carlos&#8230;"},"content":{"rendered":"<p class=\"L6-news-detail__text\"><b><a title=\"Carlos Alcaraz\" href=\"https:\/\/www.lasexta.com\/noticias\/deportes\/tenis\/mensaje-que-alcaraz-manda-sinner-cara-2026-terminamos-temporada-juntos_2026011069627cdaea66eb73532c0795.html\" target=\"_blank\" rel=\"nofollow noopener\">Carlos Alcaraz<\/a><\/b> encara 2026 con el complicado objetivo de superar o, como m\u00ednimo, igualar lo conseguido en 2025. El murciano, tras su mejor a\u00f1o en el tenis profesional, consigui\u00f3 conquistar <b>Roland Garros<\/b> y el US Open adem\u00e1s de terminar el a\u00f1o como n\u00famero uno del mundo por delante de su m\u00e1ximo rival, <b><a title=\"Jannik Sinner\" href=\"https:\/\/www.lasexta.com\/noticias\/deportes\/tenis\/mensaje-que-alcaraz-manda-sinner-cara-2026-terminamos-temporada-juntos_2026011069627cdaea66eb73532c0795.html\" target=\"_blank\" rel=\"nofollow noopener\">Jannik Sinner<\/a><\/b>.<\/p>\n<p class=\"L6-news-detail__text\">Carlitos ya tiene toda su atenci\u00f3n puesta en el <b>Open de Australia<\/b>. El objetivo del espa\u00f1ol es intentar conquistar el \u00fanico &#8216;Grand Slam&#8217; que le queda por ganar y convertirse as\u00ed en el jugador m\u00e1s joven de la historia en conseguir ganar los cuatro &#8216;Majors&#8217;.<\/p>\n<p class=\"L6-news-detail__text\">Alcaraz tendr\u00e1 por delante un reto muy complicado. Sinner es el rival a batir teniendo en cuenta que ha ganado las dos \u00faltimas ediciones. Sin embargo, para <b>Rick Macci<\/b>, exentrenador de las Williams, el juego de Carlitos no tiene l\u00edmite. El reconocido t\u00e9cnico no ha tenido duda en comparar el talento de Alcaraz con el de <b><a title=\"Nadal\" href=\"https:\/\/www.lasexta.com\/noticias\/deportes\/tenis\/sinner-rehuye-comparaciones-nadal-federer-djokovic-carlos-alcaraz-queremos_202601096960dd65ea66eb73532ad697.html\" target=\"_blank\" rel=\"nofollow noopener\">Nadal<\/a><\/b>, <b>Federer<\/b> y Djokovic, as\u00ed como con el de <b>Sinner<\/b>.<\/p>\n<p class=\"L6-news-detail__text\">\u00abFed era un mago (Federer). Rafa un pistoleto (Nadal). Joker es un arquero (Djokovic). Sinner es una m\u00e1quina de pelotas. <b>Carlos es lo que decida ser en cada punto<\/b>\u00ab, asegura Macci en una publicaci\u00f3n en sus redes sociales.<\/p>\n<p class=\"L6-news-detail__text\"><b>Alcaraz<\/b> deber\u00e1 desplegar todo su arsenal para conquistar un t\u00edtulo que se le ha resistido mucho los \u00faltimos a\u00f1os. El murciano cay\u00f3 ante Djokovic en cuartos el a\u00f1o pasado aunque, como dice Macci, Carlitos puede ser lo que quiera <b>en cada punto y <\/b>eso le convierte, sin duda, en uno de los grandes favoritos<b>. <\/b><\/p>\n<p class=\"L6-support-news-video__title\">De los fuegos al Dakar<\/p>\n<p>            <a href=\"https:\/\/www.lasexta.com\/noticias\/deportes\/motor\/nandu-jubany-cocinero-estrella-michelin-piloto-dakar-menu-fin-ano-carrera-mas-peligrosa-mundo_2025123169553e5222f0db7daf0221f6.html\" class=\"L6-news__link\" rel=\"nofollow noopener\" target=\"_blank\"><br \/>\n                Nandu Jubany, cocinero con Estrella Michelin y piloto del Dakar: del men\u00fa de fin de a\u00f1o a la carrera m\u00e1s peligrosa del mundo<\/p>\n<p class=\"recirculation-video-desc\">El piloto del Dakar ultima los men\u00fas de Nochevieja antes de llegar al Dakar casi el \u00faltimo: \u00abLlegar\u00e9 esta noche a Estambul y ya ma\u00f1ana, d\u00eda 1, a Arabia Saud\u00ed\u00bb.<\/p>\n<p>            <\/a><\/p>\n","protected":false},"excerpt":{"rendered":"Carlos Alcaraz encara 2026 con el complicado objetivo de superar o, como m\u00ednimo, igualar lo conseguido en 2025.&hellip;\n","protected":false},"author":2,"featured_media":168568,"comment_status":"","ping_status":"","sticky":false,"template":"","format":"standard","meta":{"footnotes":""},"categories":[274],"tags":[168,25,24,23,167,327,326],"class_list":{"0":"post-333846","1":"post","2":"type-post","3":"status-publish","4":"format-standard","5":"has-post-thumbnail","7":"category-tenis","8":"tag-deportes","9":"tag-es","10":"tag-espana","11":"tag-spain","12":"tag-sports","13":"tag-tenis","14":"tag-tennis"},"share_on_mastodon":{"url":"https:\/\/pubeurope.com\/@es\/115872792873515813","error":""},"_links":{"self":[{"href":"https:\/\/www.europesays.com\/es\/wp-json\/wp\/v2\/posts\/333846","targetHints":{"allow":["GET"]}}],"collection":[{"href":"https:\/\/www.europesays.com\/es\/wp-json\/wp\/v2\/posts"}],"about":[{"href":"https:\/\/www.europesays.com\/es\/wp-json\/wp\/v2\/types\/post"}],"author":[{"embeddable":true,"href":"https:\/\/www.europesays.com\/es\/wp-json\/wp\/v2\/users\/2"}],"replies":[{"embeddable":true,"href":"https:\/\/www.europesays.com\/es\/wp-json\/wp\/v2\/comments?post=333846"}],"version-history":[{"count":0,"href":"https:\/\/www.europesays.com\/es\/wp-json\/wp\/v2\/posts\/333846\/revisions"}],"wp:featuredmedia":[{"embeddable":true,"href":"https:\/\/www.europesays.com\/es\/wp-json\/wp\/v2\/media\/168568"}],"wp:attachment":[{"href":"https:\/\/www.europesays.com\/es\/wp-json\/wp\/v2\/media?parent=333846"}],"wp:term":[{"taxonomy":"category","embeddable":true,"href":"https:\/\/www.europesays.com\/es\/wp-json\/wp\/v2\/categories?post=333846"},{"taxonomy":"post_tag","embeddable":true,"href":"https:\/\/www.europesays.com\/es\/wp-json\/wp\/v2\/tags?post=333846"}],"curies":[{"name":"wp","href":"https:\/\/api.w.org\/{rel}","templated":true}]}}