{"id":333847,"date":"2026-01-10T20:54:07","date_gmt":"2026-01-10T20:54:07","guid":{"rendered":"https:\/\/www.europesays.com\/es\/333847\/"},"modified":"2026-01-10T20:54:07","modified_gmt":"2026-01-10T20:54:07","slug":"enmanuel-viloria-asalta-el-liderato-de-la-vuelta-al-tachira-con-una-gran-victoria-en-san-cristobal-esciclismo-com","status":"publish","type":"post","link":"https:\/\/www.europesays.com\/es\/333847\/","title":{"rendered":"Enmanuel Viloria asalta el liderato de la Vuelta al T\u00e1chira con una gran victoria en San Crist\u00f3bal &#8211; EsCiclismo.com"},"content":{"rendered":"<ol>\n<li><a href=\"https:\/\/news.google.com\/rss\/articles\/CBMiakFVX3lxTFBlNE4zQ3NlTnk3MFRsQjdCUzJJMXhkeTZhTTE5SWRaUkRUNTVhRktRMlRIV1dPSDk5SWlmRFQ3UGotYnNicTdVZ1lIdFpNenJGR2JkazRQamszamlpU3lzOGpiMWVTcEtrcVE?oc=5\" target=\"_blank\" rel=\"nofollow noopener\">Enmanuel Viloria asalta el liderato de la Vuelta al T\u00e1chira con una gran victoria en San Crist\u00f3bal<\/a>&nbsp;&nbsp;EsCiclismo.com<\/li>\n<li><a href=\"https:\/\/news.google.com\/rss\/articles\/CBMiakFVX3lxTFBlblNEUVJ4bm5CM1JTdlNtaFBFVlBZVmJ2aV9sU1g0dVI2bll2a1hRdDBIT0JxMVRLbjVxZWNoSVNtcDNLTHk1MEpvWlJLUlBVS2VERWh1dV9vUktjVmU1WTgxN3hZV0hGNWc?oc=5\" target=\"_blank\" rel=\"nofollow noopener\">Listado oficial de ciclistas inscritos en la Vuelta al T\u00e1chira 2026<\/a>&nbsp;&nbsp;EsCiclismo.com<\/li>\n<li><a href=\"https:\/\/news.google.com\/rss\/articles\/CBMid0FVX3lxTE03VFdFTnctVVIyZWtucHc4Mk5YTE9VOHIxU0kzQTV1c0N0cG5jU3NQcFo1eHhLdl9sZHVpMm9RNFkwRTJFWVU4a3NZMHBlc0I1Z3kweXZ2VEVxQjBLSWU1RXpGNjEyRmRQLU52MFJYalVVNjZaaEVz?oc=5\" target=\"_blank\" rel=\"nofollow noopener\">Ciclobreves internacionales enero 2026<\/a>&nbsp;&nbsp;Ciclo21<\/li>\n<li><a href=\"https:\/\/news.google.com\/rss\/articles\/CBMiZkFVX3lxTFAtTHB4WUJLazVMeWMyeGZPdldCd2hDTXBISE5tNHktOFNiNFV0MHZyWmdtS0VHZ25TMnZnSS1hUi1oUm1MSkNiVGl6RE85RlFQT3pyQjV3cTFaaDZMUnNKLV9NTTQxdw?oc=5\" target=\"_blank\" rel=\"nofollow noopener\">Arlex M\u00e9ndez mand\u00f3 en Socop\u00f3<\/a>&nbsp;&nbsp;Ministerio del Poder Popular para el Deporte<\/li>\n<li><a href=\"https:\/\/news.google.com\/rss\/articles\/CBMilwFBVV95cUxON2pCVW5rNFNoQ2I4TEZpdUVOTG9ZLWxGTlpBc1JuWkRFT0Q1bWhFNy1nSHpwZVNMcUdldmNmRGt4VGJIV3Z4S3RPWVFFSDJ0eUo1b19rcnNVMTNuemtmVWhOVWJxVnVwVkF2UUFEbEdyUk5VMGlzMm5UbzlRTnB5VTZtWlRHcUFkYkpQMzZyTjdsT0hfWEFV?oc=5\" target=\"_blank\" rel=\"nofollow noopener\">Socop\u00f3: El Coraz\u00f3n del Llano que Late a Golpe de Pedal<\/a>&nbsp;&nbsp;Deportes Digital<\/li>\n<\/ol>\n","protected":false},"excerpt":{"rendered":"Enmanuel Viloria asalta el liderato de la Vuelta al T\u00e1chira con una gran victoria en San Crist\u00f3bal&nbsp;&nbsp;EsCiclismo.com Listado&hellip;\n","protected":false},"author":2,"featured_media":333848,"comment_status":"","ping_status":"","sticky":false,"template":"","format":"standard","meta":{"footnotes":""},"categories":[273],"tags":[76664,313,1757,312,168,158,76662,25,24,314,41700,10165,1928,59020,3745,8155,23,167,43936,2618,381,76663,1357],"class_list":["post-333847","post","type-post","status-publish","format-standard","has-post-thumbnail","category-ciclismo","tag-birdman","tag-ciclismo","tag-ciclista","tag-cycling","tag-deportes","tag-el","tag-enmanuel","tag-es","tag-espana","tag-etapa","tag-fam","tag-impuesto","tag-joven","tag-level","tag-segunda","tag-solitario","tag-spain","tag-sports","tag-up","tag-venezolano","tag-viernes","tag-viloria","tag-vuelta"],"share_on_mastodon":{"url":"https:\/\/pubeurope.com\/@es\/115872796658187384","error":""},"_links":{"self":[{"href":"https:\/\/www.europesays.com\/es\/wp-json\/wp\/v2\/posts\/333847","targetHints":{"allow":["GET"]}}],"collection":[{"href":"https:\/\/www.europesays.com\/es\/wp-json\/wp\/v2\/posts"}],"about":[{"href":"https:\/\/www.europesays.com\/es\/wp-json\/wp\/v2\/types\/post"}],"author":[{"embeddable":true,"href":"https:\/\/www.europesays.com\/es\/wp-json\/wp\/v2\/users\/2"}],"replies":[{"embeddable":true,"href":"https:\/\/www.europesays.com\/es\/wp-json\/wp\/v2\/comments?post=333847"}],"version-history":[{"count":0,"href":"https:\/\/www.europesays.com\/es\/wp-json\/wp\/v2\/posts\/333847\/revisions"}],"wp:featuredmedia":[{"embeddable":true,"href":"https:\/\/www.europesays.com\/es\/wp-json\/wp\/v2\/media\/333848"}],"wp:attachment":[{"href":"https:\/\/www.europesays.com\/es\/wp-json\/wp\/v2\/media?parent=333847"}],"wp:term":[{"taxonomy":"category","embeddable":true,"href":"https:\/\/www.europesays.com\/es\/wp-json\/wp\/v2\/categories?post=333847"},{"taxonomy":"post_tag","embeddable":true,"href":"https:\/\/www.europesays.com\/es\/wp-json\/wp\/v2\/tags?post=333847"}],"curies":[{"name":"wp","href":"https:\/\/api.w.org\/{rel}","templated":true}]}}