{"id":333851,"date":"2026-01-10T20:57:11","date_gmt":"2026-01-10T20:57:11","guid":{"rendered":"https:\/\/www.europesays.com\/es\/333851\/"},"modified":"2026-01-10T20:57:11","modified_gmt":"2026-01-10T20:57:11","slug":"el-sanse-no-puede-con-el-alba-en-su-estreno-en-zubieta","status":"publish","type":"post","link":"https:\/\/www.europesays.com\/es\/333851\/","title":{"rendered":"El Sanse no puede con el Alba en su estreno en Zubieta"},"content":{"rendered":"<p data-mrf-recirculation=\"Links P\u00e1rrafos\" class=\"ue-c-article__paragraph paragraph ue-c-article--first-letter-highlighted\">El Sanse no pudo lograr <strong>la victoria en su estreno en el estadio Zubieta, en el que el Albacete<\/strong> estuvo m\u00e1s cerca de llevarse los tres puntos, por las ocasiones que dispuso, pero <strong>la falta de punter\u00eda y la madera <\/strong>hicieron que se tuviera que conformar con uno que le sabr\u00e1 a poco, como a los locales.<\/p>\n<p><img decoding=\"async\" src=\"https:\/\/www.europesays.com\/es\/wp-content\/uploads\/2026\/01\/69628e331154a.jpeg\" class=\"ue-c-article__image\" alt=\"\"\/><\/p>\n<p>Lance a\u00e9reo del Sanse-Albacete disputado en Zubieta.LALIGA<\/p>\n<p data-mrf-recirculation=\"Links P\u00e1rrafos\" class=\"ue-c-article__paragraph paragraph\">El Albacete demostr\u00f3 desde el pitido inicial que estaba centrado en ganar al <strong>Sanse en Zubieta y no en su eliminatoria de Copa contra el Real Madrid <\/strong>la pr\u00f3xima semana, porque en apenas cinco minutos tuvo dos ocasiones muy claras, <strong>un cabezazo de Jeft\u00e9 Betancor al larguero y un disparo cercano de Lazo rechazado por Fraga<\/strong>, acciones a las que el Sanse respondi\u00f3 con un <strong>centrochut de Astiazaran<\/strong> y un remate de <strong>Eceizabarrena <\/strong>despejado por<strong> Neva. Ayo<\/strong> se cruz\u00f3 providencial ante otro intento de <strong>Lazo<\/strong>, haciendo lo propio en la otra \u00e1rea <strong>Vallejo <\/strong>con uno de <strong>Ochieng<\/strong>, que poco despu\u00e9s marc\u00f3, pero ligeramente en fuera de juego.<\/p>\n<p data-mrf-recirculation=\"Links P\u00e1rrafos\" class=\"ue-c-article__paragraph paragraph\"><strong>El partido, pese al fr\u00edo, el viento y la lluvia,<\/strong> continu\u00f3 con idas y vueltas de una \u00e1rea a la otra, pidiendo el conjunto manchego en la local un penalti de <strong>Mikel Rodr\u00edguez a Lazo que el \u00e1rbitro Carlos Mu\u00f1iz<\/strong> no lo consider\u00f3 sancionable. <strong>El propio Lazo sac\u00f3 con potencia una falta directa<\/strong> que Fraga despej\u00f3 de pu\u00f1os como pudo, toc\u00e1ndole luego a <strong>Mari\u00f1o <\/strong>emplearse a fondo ante un remate de <strong>Ayo y otro de Astiazaran<\/strong>, justo antes del descanso.<\/p>\n<p>Una gran oportunidad<\/p>\n<p data-mrf-recirculation=\"Links P\u00e1rrafos\" class=\"ue-c-article__paragraph paragraph\">El <strong>Sanse pudo adelantarse nada m\u00e1s volver de los vestuarios,<\/strong> pero el cabezazo de <strong>Eceizabarrena<\/strong>, tras buen env\u00edo de <strong>Ochieng<\/strong>, lo detuvo <strong>Mari\u00f1o <\/strong>con la estirada de la tarde. El conjunto de <strong>Alberto Gonz\u00e1lez<\/strong> reaccion\u00f3 r\u00e1pido, pero los disparos de V<strong>alverde y Lazo<\/strong>, una vez m\u00e1s, se fueron arriba. Cuando los visitantes se pensaban dominadores, una contra de <strong>Astiazaran <\/strong>con pase de la muerte al que no llegaron ni <strong>Carrera <\/strong>ni <strong>Ochieng <\/strong>sembr\u00f3 el p\u00e1nico en la <strong>zaga del Alba,<\/strong> cuyo centenar de seguidores desplazados casi celebraban ya el gol de <strong>Jeft\u00e9 Betancor cuando Fraga apareci\u00f3 para salvar el tanto<\/strong> casi sobre la misma l\u00ednea de gol.<\/p>\n<p><img decoding=\"async\" src=\"https:\/\/www.europesays.com\/es\/wp-content\/uploads\/2026\/01\/6962838cd8a1c.jpeg\" class=\"ue-c-article__image\" alt=\"\"\/><\/p>\n<p>Lance del partido Sanse-Albacete.LALIGA<\/p>\n<p data-mrf-recirculation=\"Links P\u00e1rrafos\" class=\"ue-c-article__paragraph paragraph\">Los dos entrenadores movieron el banquillo en busca del gol que les diese el triunfo, pero fue un titular, <strong>Valverde<\/strong>, el que tras hacer un jugad\u00f3n e irse de los dos defensores que le marcaban dispar\u00f3 fuera por poco, con el s\u00ed incorporado <strong>Morcillo <\/strong>haciendo volver a intervenir a <strong>Fraga<\/strong>, que luego bloc\u00f3 sin problemas un chut flojo de <strong>Escriche. Carrera<\/strong> volvi\u00f3 a no llegar por muy poco a un bal\u00f3n desde la izquierda para ser el h\u00e9roe, algo que tampoco consigui\u00f3 un insistente <strong>Morcillo<\/strong>, con una falta directa que se perdi\u00f3 por poco, en<strong> la \u00faltima acci\u00f3n de peligro del choque<\/strong>, que finaliz\u00f3 con el resultado inicial.<\/p>\n","protected":false},"excerpt":{"rendered":"El Sanse no pudo lograr la victoria en su estreno en el estadio Zubieta, en el que el&hellip;\n","protected":false},"author":2,"featured_media":333852,"comment_status":"","ping_status":"","sticky":false,"template":"","format":"standard","meta":{"footnotes":""},"categories":[268],"tags":[168,25,24,280,282,281,23,167],"class_list":{"0":"post-333851","1":"post","2":"type-post","3":"status-publish","4":"format-standard","5":"has-post-thumbnail","7":"category-futbol","8":"tag-deportes","9":"tag-es","10":"tag-espana","11":"tag-football","12":"tag-futbol","13":"tag-soccer","14":"tag-spain","15":"tag-sports"},"share_on_mastodon":{"url":"https:\/\/pubeurope.com\/@es\/115872808675066613","error":""},"_links":{"self":[{"href":"https:\/\/www.europesays.com\/es\/wp-json\/wp\/v2\/posts\/333851","targetHints":{"allow":["GET"]}}],"collection":[{"href":"https:\/\/www.europesays.com\/es\/wp-json\/wp\/v2\/posts"}],"about":[{"href":"https:\/\/www.europesays.com\/es\/wp-json\/wp\/v2\/types\/post"}],"author":[{"embeddable":true,"href":"https:\/\/www.europesays.com\/es\/wp-json\/wp\/v2\/users\/2"}],"replies":[{"embeddable":true,"href":"https:\/\/www.europesays.com\/es\/wp-json\/wp\/v2\/comments?post=333851"}],"version-history":[{"count":0,"href":"https:\/\/www.europesays.com\/es\/wp-json\/wp\/v2\/posts\/333851\/revisions"}],"wp:featuredmedia":[{"embeddable":true,"href":"https:\/\/www.europesays.com\/es\/wp-json\/wp\/v2\/media\/333852"}],"wp:attachment":[{"href":"https:\/\/www.europesays.com\/es\/wp-json\/wp\/v2\/media?parent=333851"}],"wp:term":[{"taxonomy":"category","embeddable":true,"href":"https:\/\/www.europesays.com\/es\/wp-json\/wp\/v2\/categories?post=333851"},{"taxonomy":"post_tag","embeddable":true,"href":"https:\/\/www.europesays.com\/es\/wp-json\/wp\/v2\/tags?post=333851"}],"curies":[{"name":"wp","href":"https:\/\/api.w.org\/{rel}","templated":true}]}}