{"id":333853,"date":"2026-01-10T20:58:09","date_gmt":"2026-01-10T20:58:09","guid":{"rendered":"https:\/\/www.europesays.com\/es\/333853\/"},"modified":"2026-01-10T20:58:09","modified_gmt":"2026-01-10T20:58:09","slug":"de-su-pasion-por-galicia-a-su-infancia-en-escocia","status":"publish","type":"post","link":"https:\/\/www.europesays.com\/es\/333853\/","title":{"rendered":"de su pasi\u00f3n por Galicia a su infancia en Escocia"},"content":{"rendered":"<p class=\"HOLA-TEMAS_5--TEXTO-1er-PARRAFO\" id=\"e9LjgPD0VgXI\" data-wc=\"147\">El\u00a0regreso de Daniel S\u00e1nchez Ar\u00e9valo <a class=\"hm-link ho-link\" href=\"https:\/\/www.hola.com\/actualidad\/20220809214980\/las-de-la-ultima-fila-serie-daniel-sanchez-arevalo-netflix-dn\/\" data-mrf-recirculation=\"article-body-link\" rel=\"nofollow noopener\" target=\"_blank\">con su sexto largometraje<\/a> inaugura el cine espa\u00f1ol de 2026. Rondallas, producida por Ram\u00f3n Campos, lleg\u00f3 a los cines el 1 de enero y es ese tipo de pel\u00edcula que habr\u00eda que convertir en tradici\u00f3n estrenar siempre en estas fechas para comenzar el a\u00f1o con buen rollo: una feel good movie\u00a0en toda regla y una oda a la resiliencia y a la importancia de la comunidad en tiempos dif\u00edciles a ritmo de folclore. Un filme sobre una rondalla gallega (agrupaci\u00f3n musical con numerosos integrantes, que tocan instrumentos de cuerda, percusi\u00f3n y gaitas) que ha hecho mucho ruido, ha devuelto el p\u00fablico a las salas y provocado mucha emoci\u00f3n en los espectadores. Junto a actores consagrados como Javier Guti\u00e9rrez, Mar\u00eda V\u00e1zquez y Tamar Novas, <strong>los j\u00f3venes actores Judith Fern\u00e1ndez y Fer Fraga<\/strong> se convierten finalmente en el coraz\u00f3n de la pel\u00edcula.<\/p>\n<p>  <img src=\"https:\/\/www.europesays.com\/es\/wp-content\/uploads\/2026\/01\/95e17541a902-holajudithfdezshoot01030cmykcut.jpg\"   width=\"1080\" height=\"1080\" loading=\"lazy\" decoding=\"async\" alt=\"Judith Fern\u00e1ndez sentada en un sof\u00e1\" fetchpriority=\"auto\" class=\"image ho-image\"\/>\u00a9 Felix Valiente\u00bbMe gustar\u00eda imaginarme en unos a\u00f1os con el mismo amor, pasi\u00f3n e ilusi\u00f3n que tengo ahora\u00bb, nos dice Judith Fern\u00e1ndez, protagonista de &#8216;Rondallas&#8217;, la nueva pel\u00edcula del director Daniel S\u00e1nchez Ar\u00e9valo, producida por Ram\u00f3n Campos. Junto a estas l\u00edneas, lleva vestido de Louis Vuitton y anillos de Dinh Van<\/p>\n<p>\u2014\u00bfC\u00f3mo lleg\u00f3 Rondallas\u00a0a tu vida?<\/p>\n<p class=\"HOLA-TEMAS_5a--TEXTO-NORMAL answer-s1\" id=\"e_1VDcrxvGdQ\" data-wc=\"44\">Hicimos un casting, como todos los gallegos, deduzco, porque \u00e9ramos much\u00edsimos \u2014r\u00ede\u2014. Yo hice el casting desde el principio con Fer Fraga. Luego pasaron tres meses, porque empezaron a probar a los gaiteiros o algo as\u00ed, y nos volvieron a llamar. Y as\u00ed lleg\u00f3.<\/p>\n<p>\u2014\u00a1Qu\u00e9 dif\u00edcil os debi\u00f3 resultar la gaita!<\/p>\n<p class=\"HOLA-TEMAS_5a--TEXTO-NORMAL answer-s1\" id=\"eUQMAzTeA3lD\" data-wc=\"89\">Es dificil\u00edsimo, pero lo pasamos muy bien. Tanto Fer como yo ten\u00edamos la idea de que era m\u00e1s f\u00e1cil de lo que parec\u00eda; luego comenzamos con la flauta, como la del cole, y estuvimos seis meses dando clase. Dar\u00edo, nuestro profesor en Madrid, nos dijo que, al llenar el saco de aire, nos \u00edbamos a marear; yo pensaba que lo dec\u00eda de broma, pero no, te mareas much\u00edsimo. <strong>En el grupo de gaitas de Rondallas nadie es profesional, aprendieron a base de repetici\u00f3n; nosotros, exactamente igual<\/strong>. Fue una aventura.<\/p>\n<p>\u2014\u00bfC\u00f3mo es tu personaje en la pel\u00edcula?<\/p>\n<p class=\"HOLA-TEMAS_5a--TEXTO-NORMAL answer-s1\" id=\"efnhIkFoBpzW\" data-wc=\"100\">Andy pierde a su padre dos a\u00f1os antes del momento en que est\u00e1 ambientada la trama. <strong>Todos los personajes de la pel\u00edcula est\u00e1n en la oscuridad<\/strong>, pero ella especialmente. Es una chica muy de pueblo, con mucha fuerza, muy para adentro, muy para ella, creo que con muchas ganas de salir de ah\u00ed y muy pocas herramientas para poder hacerlo. Y con la llegada de El\u00edas empieza a salir y encontrar la luz. Y viendo que el de enfrente tambi\u00e9n tiene mucha oscuridad, empieza a tranquilizarse en el sentido de darse cuenta de que su realidad no es tan importante.<\/p>\n<p>\u2014\u00bfY tienes algo en com\u00fan con tu personaje?<\/p>\n<p class=\"HOLA-TEMAS_5a--TEXTO-NORMAL answer-s1\" id=\"eNXlHbbxFGhh\" data-wc=\"70\">Siento que no mucho, honestamente. <strong>Bueno, es de pueblo gallego, y eso es en lo que m\u00e1s conecto con ella<\/strong>, porque tiene una personalidad bastante distinta a la m\u00eda. Yo vengo de Corcubi\u00f3n, un pueblo de la Costa da Morte. Ella quiere conocer mundo y tiene mucha ambici\u00f3n con la m\u00fasica, aunque en ese momento est\u00e9 m\u00e1s apagada por la etapa emocional que vive. Y ah\u00ed creo que conectamos bastante.<\/p>\n<p>  <img src=\"https:\/\/www.europesays.com\/es\/wp-content\/uploads\/2026\/01\/bfab3f570a5a-holajudithfdezshoot02039cmyk.jpg\"   width=\"1080\" height=\"1800\" loading=\"lazy\" decoding=\"async\" alt=\"Judith Fern\u00e1ndez posa de pie con gabardina\" fetchpriority=\"auto\" class=\"image ho-image\"\/>\u00a9 F\u00c9LIX VALIENTECon &#8216;look&#8217; de Loro Piana, cintur\u00f3n de The IQ Collection y sandalias de Martinelli<\/p>\n<p>\u2014\u00bfQu\u00e9 quieres decir con ser de pueblo gallego?<\/p>\n<p class=\"HOLA-TEMAS_5a--TEXTO-NORMAL answer-s1\" id=\"evEtErHwUut6\" data-wc=\"49\">Si ves a mi abuela, es la buena decisi\u00f3n. No s\u00e9, hay algo muy de casa, mucha humanidad y simpleza. Para m\u00ed, ser de pueblo gallego es eso, es humanidad, es volver a casa, saludar al mismo panadero, caminar por la calle y decir buenos d\u00edas. Es mucha comunidad.<\/p>\n<p>\u2014\u00bfCrees que eso es lo que te hace mantener los pies en el suelo?<\/p>\n<p class=\"HOLA-TEMAS_5a--TEXTO-NORMAL answer-s1\" id=\"ebZmDMSJGnfj\" data-wc=\"86\">Completamente, s\u00ed. Volver a casa, en general, y volver al pueblo me apaga el ruido de la ciudad, que en la capital pasa todo muy r\u00e1pido y de repente <strong>te olvidas de muchas cosas que recuperas cuando vuelves a casa<\/strong>, ves el mar y, simplemente, te sientas con la abuela un rato y recuerdas que no todo es para tanto y que todo est\u00e1 bien. Cuando me mud\u00e9 a Madrid, los primeros a\u00f1os iba much\u00edsimo a casa; necesito mucho mi dosis de Galicia y de Corcubi\u00f3n.<\/p>\n<p>\u2014\u00bfCu\u00e1nto tiempo llevas en Madrid?<\/p>\n<p class=\"HOLA-TEMAS_5a--TEXTO-NORMAL answer-s1\" id=\"eIO_dxTaizDW\" data-wc=\"5\">Desde los 18, cinco a\u00f1os.<\/p>\n<p>\u2014\u00bfCu\u00e1ndo sentiste por primera vez que quer\u00edas ser actriz?<\/p>\n<p class=\"HOLA-TEMAS_5a--TEXTO-NORMAL answer-s1\" id=\"enEQz854YnHx\" data-wc=\"103\">No tengo una fecha exacta, porque empec\u00e9 a hacer teatro muy peque\u00f1a y, con doce a\u00f1os, me cogieron para hacer una serie donde Mar\u00eda V\u00e1zquez hac\u00eda de mi madre. As\u00ed que <strong>no fue una pregunta que me hice, simplemente, me gustaba actuar<\/strong>\u2026 De hecho, te dir\u00e9 que a m\u00ed me castigaban sin ir a teatro. Me pasaba horas entre bambalinas con los mayores vi\u00e9ndolos ensayar en el Ruise\u00f1or, que es una compa\u00f1\u00eda de teatro de A Coru\u00f1a. No recuerdo el momento en que les dije quiero ser actriz, pero creo que mi familia ten\u00eda muy claro que lo ser\u00eda desde que era peque\u00f1a.<\/p>\n<p>  <img src=\"https:\/\/www.europesays.com\/es\/wp-content\/uploads\/2026\/01\/64e87997675d-holajudithfdezshoot03018cmykcut.jpg\"   width=\"1080\" height=\"1080\" loading=\"lazy\" decoding=\"async\" alt=\"Judith Fern\u00e1ndez, la actriz revelaci\u00f3n del nuevo a\u00f1o\" fetchpriority=\"auto\" class=\"image ho-image\"\/>\u00a9 F\u00c9LIX VALIENTECon total look de Tory Burch, sandalias de Elie Saab y anillos de Dinh Van<\/p>\n<p>\u2014\u00bfEn tu familia hab\u00eda alg\u00fan v\u00ednculo con la interpretaci\u00f3n?<\/p>\n<p class=\"HOLA-TEMAS_5a--TEXTO-NORMAL answer-s1\" id=\"eiC5513V0B7z\" data-wc=\"11\">No hay nadie que haya seguido alguna rama parecida a esto.<\/p>\n<p>\u2014\u00bfQu\u00e9 te dijeron en casa cuando comentaste que quer\u00edas ser actriz y qu\u00e9 dicen ahora cu\u00e1ndo te ven?<\/p>\n<p class=\"HOLA-TEMAS_5a--TEXTO-NORMAL answer-s1\" id=\"ecOIzD97IkdE\" data-wc=\"123\">Tengo mucha suerte, porque mis padres, mi hermana, mis abuelos, mis t\u00edos, <strong>todos confiaron en m\u00ed mucho antes de que lo hiciese yo misma, y estoy segura de que hoy estoy aqu\u00ed gracias a ellos.<\/strong> No creo que nunca hubiera tirado la toalla, porque soy muy apasionada de esto, pero en muchas ocasiones, cuando estaba abajo, me sacaron de ah\u00ed. Y mis padres y mi hermana me han hecho r\u00e9plica y han grabado el 90 por ciento de los castings por v\u00eddeo y me han acompa\u00f1ado a los presenciales cuando viv\u00edamos en A Coru\u00f1a y me llevaban a Madrid. Esos viajes los hemos hecho mi padre y yo much\u00edsimas veces. Soy muy afortunada y, ahora, creo que est\u00e1n contentos, quiero pensar que s\u00ed.<\/p>\n<p>\u2014\u00bfQu\u00e9 o qui\u00e9n te sigue imponiendo mucho respeto en el mundo de la interpretaci\u00f3n?<\/p>\n<p class=\"HOLA-TEMAS_5a--TEXTO-NORMAL answer-s1\" id=\"exjMT2oEXcJD\" data-wc=\"65\">Respeto le tengo a todo, pero no desde un lugar de miedo o inseguridad. Admiro y respeto carreras como las de Mar\u00eda V\u00e1zquez o Daniel S\u00e1nchez Ar\u00e9valo, a compa\u00f1eros que, aunque pasen los a\u00f1os, sigue ah\u00ed con la misma ilusi\u00f3n, constancia y amor por la profesi\u00f3n. Esta es una pregunta sobre la cual reflexionar\u00e9, nunca lo he hecho antes. Me has abierto un mel\u00f3n \u2014r\u00ede\u2014.<\/p>\n<p>\u2014\u00bfQu\u00e9 crees que te distingue de otras compa\u00f1eras de tu misma generaci\u00f3n?<\/p>\n<p class=\"HOLA-TEMAS_5a--TEXTO-NORMAL answer-s1\" id=\"ejbBP3Elvzts\" data-wc=\"35\">Yo creo que la comparaci\u00f3n es con mi yo de antes, m\u00e1s que con mis compa\u00f1eras, porque somos todas distintas. Antes era m\u00e1s un juego y ahora soy m\u00e1s consciente de a d\u00f3nde quiero llegar.<\/p>\n<blockquote class=\"ho-bl-1081603 -no-figcaption\" cite=\"\">\n<p id=\"e7wsxMycqSW\">\u00abSiempre me ha gustado la moda y, honestamente, soy bastante presumida gracias a mi gran abuela Marisa, que tambi\u00e9n lo es y creo que lo he heredado de ella\u00bb<\/p>\n<\/blockquote>\n<p>\u2014\u00bfQu\u00e9 te gusta hacer para desconectar?<\/p>\n<p class=\"HOLA-TEMAS_5a--TEXTO-NORMAL answer-s1\" id=\"eqIvOT5q6tGW\" data-wc=\"31\">La m\u00fasica. Tambi\u00e9n me preparo mucho con Lorena Bayonas, y ella trabaja mucho con la m\u00fasica, y <strong>a m\u00ed me conecta y me concentra estar con la m\u00fasica cuando estoy rodando.<\/strong><\/p>\n<p>\u2014\u00bfCu\u00e1l es tu plan perfecto?<\/p>\n<p class=\"HOLA-TEMAS_5a--TEXTO-NORMAL answer-s1\" id=\"eooBNi71jOci\" data-wc=\"38\">Sin ning\u00fan tipo de duda, estar en mi pueblo con mis amigos de siempre (la chavalada nos llaman a mi grupo) y bajar a la playa de Quenxe un d\u00eda de verano. S\u00ed, ese ser\u00eda mi plan perfecto.<\/p>\n<p>\u2014\u00bfQu\u00e9 tipo de pel\u00edculas o de series te gusta ver?<\/p>\n<p class=\"HOLA-TEMAS_5a--TEXTO-NORMAL answer-s1\" id=\"ea7uBfL9xp1w\" data-wc=\"19\">No podr\u00eda destacar un g\u00e9nero. Me gustan las historias muy humanas, <strong>me gusta mucho Disney, soy muy chica Disney.<\/strong><\/p>\n<p>El comienzo del a\u00f1o\u2014\u00bfC\u00f3mo llevas la presi\u00f3n en los momentos de inseguridad?<\/p>\n<p class=\"HOLA-TEMAS_5a--TEXTO-NORMAL answer-s1\" id=\"evkoSgXoqSOR\" data-wc=\"72\">Tengo la suerte de tener un buen c\u00edrculo, tanto de amigos como de familia. Y por ahora no he sentido tanto esos momentos de presi\u00f3n o inseguridad; creo que relativizo bastante y volvemos a lo que contaba antes, se trata de volver a casa y recordar que no todo es para tanto; eso me devuelve a tierra y me da equilibrio. Pero creo que mi c\u00edrculo es bastante responsable de mi tranquilidad.<\/p>\n<p>  <img src=\"https:\/\/www.europesays.com\/es\/wp-content\/uploads\/2026\/01\/d1c5ea2050ec-holajudithfdezshoot05043cmykcut.jpg\"   width=\"1080\" height=\"1800\" loading=\"lazy\" decoding=\"async\" alt=\"Judith Fern\u00e1ndez, la actriz revelaci\u00f3n del nuevo a\u00f1o\" fetchpriority=\"auto\" class=\"image ho-image\"\/>\u00a9 F\u00c9LIX VALIENTE\u00bbIr al cine se ha vuelto algo extraordinario y me gustar\u00eda que se volviera otra vez algo rutinario\u00bb, dice Judith, que creci\u00f3 hasta los once a\u00f1os en Escocia. Lleva top y falda, de Isabel Sanch\u00eds<\/p>\n<p>\u2014\u00bfC\u00f3mo crees que te describir\u00edan tus amigos m\u00e1s cercanos?<\/p>\n<p class=\"HOLA-TEMAS_5a--TEXTO-NORMAL answer-s1\" id=\"eo_b77Fmo-w9\" data-wc=\"14\">Seguramente, alocada ser\u00eda un buen adjetivo, y tambi\u00e9n me describir\u00edan como alegre y cari\u00f1osa.<\/p>\n<p>\u2014\u00bfQu\u00e9 tal llevas aparecer cada vez m\u00e1s en las alfombras rojas, elegir los looks, experimentar con la moda?<\/p>\n<p class=\"HOLA-TEMAS_5a--TEXTO-NORMAL answer-s1\" id=\"e2Ooz-eyoiql\" data-wc=\"64\">Mis estilistas son amigos m\u00edos y me siento muy segura con ellos, porque saben perfectamente lo que hacen y eso me da tranquilidad para probarme todo lo que me propongan. Por otro lado, <strong>a m\u00ed siempre me ha gustado la moda y, honestamente, soy bastante presumida gracias a mi gran abuela Marisa<\/strong>, que tambi\u00e9n lo es y creo que lo he heredado de ella.<\/p>\n<p>\u2014En tu d\u00eda a d\u00eda, \u00bfcu\u00e1l es tu estilo?<\/p>\n<p class=\"HOLA-TEMAS_5a--TEXTO-NORMAL answer-s1\" id=\"e0bKti5A3ISB\" data-wc=\"54\">Como te digo, <strong>soy bastante presumida, no suelo ir en ch\u00e1ndal.<\/strong> Puedo tardar mi ratito en salir de casa, eso es una buena definici\u00f3n. Soy muy Coru\u00f1a vistiendo, all\u00ed hay un estilo muy definido: la gente viste muy bien, va de punta en blanco, y creo que eso lo llevo muy en la sangre.<\/p>\n<p>\u2014\u00bfQu\u00e9 es lo que m\u00e1s te ilusiona ahora mismo?<\/p>\n<p class=\"HOLA-TEMAS_5a--TEXTO-NORMAL answer-s1\" id=\"e4HLAuaYUV0j\" data-wc=\"18\">Ahora mismo, el comienzo del a\u00f1o. Me gusta pensar que, cuando un a\u00f1o comienza, pueden empezar muchas cosas.<\/p>\n<blockquote class=\"ho-bl-1081603 -no-figcaption\" cite=\"\">\n<p id=\"ehRfNOVJkfk\">\u00abViv\u00ed en Escocia hasta los once a\u00f1os y, de hecho, me siento bastante escocesa. Lo echo mucho de menos. Hace un par de a\u00f1os volv\u00ed y entend\u00ed muchas partes de mi personalidad, fue muy bonito\u00bb<\/p>\n<\/blockquote>\n<p>\u2014\u00bfQu\u00e9 esperas de este 2026 que acaba de llegar?<\/p>\n<p class=\"HOLA-TEMAS_5a--TEXTO-NORMAL answer-s1\" id=\"eojTcGOj-HUO\" data-wc=\"17\">Espero mucho amor, mucha tranquilidad, mucha paz mental. Espero mucha salud para los ni\u00f1os y mucho trabajo.<\/p>\n<p>\u2014\u00bfY qu\u00e9 te gustar\u00eda conseguir a corto plazo en tu carrera?<\/p>\n<p class=\"HOLA-TEMAS_5a--TEXTO-NORMAL answer-s1\" id=\"eseQI6mdeBX3\" data-wc=\"47\"><strong>Me gustar\u00eda tener sobre la mesa historias muy humanas, que vayan m\u00e1s all\u00e1 de lo superficial<\/strong>. Aunque tambi\u00e9n entiendo que se me hace m\u00e1s complicado salir del papel de adolescente, como la hija. Y luego, bueno, soy medio escocesa, entonces, obviamente, me gustar\u00eda trabajar en mi idioma.<\/p>\n<p>  <img src=\"https:\/\/www.europesays.com\/es\/wp-content\/uploads\/2026\/01\/74f33db4327b-holajudithfdezshoot06051cmyk.jpg\"   width=\"1080\" height=\"1800\" loading=\"lazy\" decoding=\"async\" alt=\"Judith Fern\u00e1ndez, la actriz revelaci\u00f3n del nuevo a\u00f1o\" fetchpriority=\"auto\" class=\"image ho-image\"\/>\u00a9 F\u00c9LIX VALIENTE\u00bbSin ning\u00fan tipo de duda, mi plan perfecto es estar en mi pueblo con mis amigos de siempre y bajar a la playa de Quenxe un d\u00eda de verano\u00bb, asegura la actriz, en esta imagen, de Mans Concept<\/p>\n<p>\u2014\u00bfEres medio escocesa?<\/p>\n<p class=\"HOLA-TEMAS_5a--TEXTO-NORMAL answer-s1\" id=\"ehxIfQyEjaP6\" data-wc=\"13\">S\u00ed, de Edimburgo. Viv\u00ed ah\u00ed diez a\u00f1os, entonces, me gustar\u00eda trabajar en ingl\u00e9s<\/p>\n<p>\u2014\u00bfPor parte de familia paterna o materna?\u00a0<\/p>\n<p class=\"HOLA-TEMAS_5a--TEXTO-NORMAL\" id=\"epkcBhHtCsk8\" data-wc=\"31\">No, ninguno de los dos. Estuvimos viviendo all\u00ed hasta los once a\u00f1os. Yo me siento bastante escocesa, de hecho. Hablaba poco espa\u00f1ol realmente y ahora todav\u00eda pienso a veces en ingl\u00e9s<\/p>\n<p>\u2014\u00bfEchas entonces de menos Escocia?<\/p>\n<p class=\"HOLA-TEMAS_5a--TEXTO-NORMAL answer-s1\" id=\"e4l0-vHIChRy\" data-wc=\"49\">Lo bueno es que siento que Galicia y Edimburgo son un poco primos hermanos, se parecen mucho. Pero s\u00ed, lo echo mucho de menos. <strong>Hace un par de a\u00f1os volv\u00ed y entend\u00ed muchas partes de mi personalidad, y volver a casa y darme cuenta de eso fue muy bonito.<\/strong><\/p>\n<p>  <img src=\"https:\/\/www.europesays.com\/es\/wp-content\/uploads\/2026\/01\/dc9bca29abc7-holajudithfdezshoot04024cmykcut.jpg\"   width=\"1080\" height=\"1800\" loading=\"lazy\" decoding=\"async\" alt=\"Judith Fern\u00e1ndez, la actriz revelaci\u00f3n del nuevo a\u00f1o\" fetchpriority=\"auto\" class=\"image ho-image\"\/>\u00a9 F\u00c9LIX VALIENTECon &#8216;total look&#8217; de Emporio Armani y anillo de Dinh Van<\/p>\n<p>\u2014\u00bfC\u00f3mo te imaginas en unos a\u00f1os o c\u00f3mo te gustar\u00eda verte?<\/p>\n<p class=\"HOLA-TEMAS_5a--TEXTO-NORMAL answer-s1\" id=\"emNuLhIwY7ok\" data-wc=\"48\">Me gustar\u00eda imaginarme con el mismo amor, pasi\u00f3n e ilusi\u00f3n que tengo ahora por la profesi\u00f3n. Y me gustar\u00eda imaginarme como veo a mis compa\u00f1eros, a los que admiro, que son muy constantes y muy trabajadores y tienen en cuenta e incluyen a todo aquel que venga nuevo.<\/p>\n<p>\u2014\u00bfY qu\u00e9 esperas de Rondallas?<\/p>\n<p class=\"HOLA-TEMAS_5a--TEXTO-NORMAL answer-s1\" id=\"ekx-ZfwX1GHU\" data-wc=\"112\">Espero que vaya mucha gente al cine. Se ha vuelto algo extraordinario y me gustar\u00eda que se volviera otra vez algo rutinario. <strong>Me parece algo muy bonito y, ahora mismo, pr\u00e1cticamente solo consigue el cine que una banda de desconocidos se junte,<\/strong> se sienten en la misma fila, apaguen el m\u00f3vil y todos lloren y r\u00edan por las mismas cosas, olvid\u00e1ndose de d\u00f3nde vienen, qu\u00e9 trabajos tienen o qu\u00e9 piensan pol\u00edticamente. As\u00ed que espero que Rondallas nos vuelva a recordar eso. Y es una pel\u00edcula que habla de comunidad y de c\u00f3mo gente que seguramente no se saludar\u00eda por la calle, durante un par de horas, se une para hacer lo mismo.<\/p>\n","protected":false},"excerpt":{"rendered":"El\u00a0regreso de Daniel S\u00e1nchez Ar\u00e9valo con su sexto largometraje inaugura el cine espa\u00f1ol de 2026. Rondallas, producida por&hellip;\n","protected":false},"author":2,"featured_media":333854,"comment_status":"","ping_status":"","sticky":false,"template":"","format":"standard","meta":{"footnotes":""},"categories":[174],"tags":[3900,517,255,177,3899,146,147,25,24,256,23],"class_list":{"0":"post-333853","1":"post","2":"type-post","3":"status-publish","4":"format-standard","5":"has-post-thumbnail","7":"category-famosos","8":"tag-hola","9":"tag-actualidad","10":"tag-celebrities","11":"tag-cine","12":"tag-contenido-sensible","13":"tag-entertainment","14":"tag-entretenimiento","15":"tag-es","16":"tag-espana","17":"tag-famosos","18":"tag-spain"},"share_on_mastodon":{"url":"https:\/\/pubeurope.com\/@es\/115872812581053682","error":""},"_links":{"self":[{"href":"https:\/\/www.europesays.com\/es\/wp-json\/wp\/v2\/posts\/333853","targetHints":{"allow":["GET"]}}],"collection":[{"href":"https:\/\/www.europesays.com\/es\/wp-json\/wp\/v2\/posts"}],"about":[{"href":"https:\/\/www.europesays.com\/es\/wp-json\/wp\/v2\/types\/post"}],"author":[{"embeddable":true,"href":"https:\/\/www.europesays.com\/es\/wp-json\/wp\/v2\/users\/2"}],"replies":[{"embeddable":true,"href":"https:\/\/www.europesays.com\/es\/wp-json\/wp\/v2\/comments?post=333853"}],"version-history":[{"count":0,"href":"https:\/\/www.europesays.com\/es\/wp-json\/wp\/v2\/posts\/333853\/revisions"}],"wp:featuredmedia":[{"embeddable":true,"href":"https:\/\/www.europesays.com\/es\/wp-json\/wp\/v2\/media\/333854"}],"wp:attachment":[{"href":"https:\/\/www.europesays.com\/es\/wp-json\/wp\/v2\/media?parent=333853"}],"wp:term":[{"taxonomy":"category","embeddable":true,"href":"https:\/\/www.europesays.com\/es\/wp-json\/wp\/v2\/categories?post=333853"},{"taxonomy":"post_tag","embeddable":true,"href":"https:\/\/www.europesays.com\/es\/wp-json\/wp\/v2\/tags?post=333853"}],"curies":[{"name":"wp","href":"https:\/\/api.w.org\/{rel}","templated":true}]}}