{"id":333865,"date":"2026-01-10T21:06:07","date_gmt":"2026-01-10T21:06:07","guid":{"rendered":"https:\/\/www.europesays.com\/es\/333865\/"},"modified":"2026-01-10T21:06:07","modified_gmt":"2026-01-10T21:06:07","slug":"los-tops-virales-de-medellin-en-la-vuelta-al-mundo-en-80-likes","status":"publish","type":"post","link":"https:\/\/www.europesays.com\/es\/333865\/","title":{"rendered":"Los tops virales de Medell\u00edn en &#8216;La vuelta al mundo en 80 Likes&#8217;"},"content":{"rendered":"<p>Medell\u00edn se ha convertido en uno de los destinos m\u00e1s virales de Latinoam\u00e9rica, y el programa <strong>La vuelta al mundo en 80 likes<\/strong> lo confirma. En su visita a la ciudad colombiana, la periodista <strong>Eva Rojas<\/strong> y el influencer<strong> Carlo Cu\u00f1ado <\/strong>recopilan los lugares que m\u00e1s arrasan en redes sociales. Colores, historia, arte urbano y paisajes naturales se combinan en una ruta perfecta para amantes de la fotograf\u00eda y el postureo con alma. Estos son los <strong>cinco rincones de Medell\u00edn que m\u00e1s lo petan en Instagram<\/strong> (y no solo por su est\u00e9tica).<\/p>\n<p>1. Comuna 13: arte que transforma el pasado<\/p>\n<p>La <a href=\"https:\/\/www.rtve.es\/play\/audios\/esto-merece-una-explicacion\/escombrera-comuna-13\/16792833\/\" target=\"_blank\" rel=\"nofollow noopener\">Comuna 13<\/a> es una de las 16 comunas en las que se divide <strong>Medell\u00edn <\/strong>y est\u00e1 ubicada en la ladera occidental de la ciudad, en una zona monta\u00f1osa con vistas espectaculares del<strong> valle del Aburr\u00e1<\/strong>. Su nombre oficial es <strong>San Javier<\/strong>, aunque es conocida popularmente por su n\u00famero: <strong>13<\/strong>.<\/p>\n<p>Durante d\u00e9cadas, fue uno de los sectores m\u00e1s golpeados por la <strong>violencia urbana<\/strong>, especialmente entre los a\u00f1os 80 y principios de los 2000, debido a la presencia de <strong>grupos armados ilegales, pandillas y narcotr\u00e1fico<\/strong>. En 2002 fue escenario de la controvertida <strong>Operaci\u00f3n Ori\u00f3n<\/strong>, un operativo militar del gobierno colombiano para retomar el control del territorio, que dej\u00f3 un fuerte impacto social en sus habitantes.<\/p>\n<p>En los \u00faltimos a\u00f1os, sin embargo, la <strong>Comuna 13<\/strong> ha protagonizado una profunda <strong>transformaci\u00f3n social y urbana.<\/strong> Gracias a <strong>iniciativas vecinales<\/strong>, pol\u00edticas p\u00fablicas como la instalaci\u00f3n de las <strong>escaleras el\u00e9ctricas en 2011 <\/strong>y al auge del <strong>arte urbano<\/strong> como herramienta de memoria y resistencia, el barrio se ha convertido en un s\u00edmbolo de resiliencia y creatividad. Hoy es tambi\u00e9n el <strong>enclave m\u00e1s fotog\u00e9nico de Medell\u00edn,<\/strong> con murales, miradores y espacios pensados para ser compartidos en redes sociales.<\/p>\n<p>Entre sus rincones m\u00e1s virales destacan la escultura de la <strong>Pachamama<\/strong>, realizada con materiales biodegradables y vestida seg\u00fan la estaci\u00f3n; las <strong>manos de Karol G<\/strong>, convertidas en emblema de orgullo local con proyecci\u00f3n internacional; y un <strong>tobog\u00e1n<\/strong> cargado de significado, construido en memoria de un ni\u00f1o del barrio y transformado en s\u00edmbolo de juego y esperanza.<\/p>\n<p>Carlo Cu\u00f1ado en el tobog\u00e1n m\u00e1s viral de Medell\u00edn, ubicado en la Comuna 13, es un homenaje a un ni\u00f1o del barrio y s\u00edmbolo de memoria transformada en juego.\u00a0RTVE<\/p>\n<p>2. El Pe\u00f1\u00f3n de Guatap\u00e9: 740 escalones hasta el cielo<\/p>\n<p>A poco m\u00e1s de una hora de la ciudad, se encuentra el <strong>Pe\u00f1\u00f3n de Guatap\u00e9<\/strong>. Este gigantesco monolito, de unos 200 metros de altura y declarado Monumento Nacional por el Gobierno colombiano, ofrece una de las <strong>vistas m\u00e1s impresionantes del pa\u00eds<\/strong>. Subir sus<strong> 740 escalones<\/strong> es un reto f\u00edsico, pero cada pelda\u00f1o merece la pena: desde la cima, el <strong>embalse de Guatap\u00e9 <\/strong>se extiende como una pintura. Las fotos aqu\u00ed, con lago y cielo infinito de fondo, son puro oro para las redes.<\/p>\n<p>A una hora de Medell\u00edn, el embalse de Guatap\u00e9 ofrece una de las vistas m\u00e1s espectaculares del pa\u00eds: un para\u00edso de islas verdes y aguas tranquilas.\u00a0RTVE<\/p>\n<p>3. Plaza Botero: curvas, arte y cr\u00edtica social<\/p>\n<p>En pleno centro de Medell\u00edn, la<strong> Plaza Botero<\/strong> alberga <strong>23 esculturas de gran formato<\/strong> donadas por el artista colombiano Fernando Botero a su ciudad natal. Sus <strong>figuras voluminosas<\/strong>, entre ellas \u201cAd\u00e1n y Eva\u201d o la \u201cMujer reclinada\u201d, invitan a posar, pero tambi\u00e9n a reflexionar: <a href=\"https:\/\/www.rtve.es\/noticias\/20230915\/muere-fernando-botero\/2456087.shtml\" target=\"_blank\" rel=\"nofollow noopener\">Botero<\/a> no solo juega con las formas, sino que denuncia la violencia y cuenta la historia de Colombia desde el arte. Un <strong>museo al aire libre<\/strong> ideal para selfies con contenido.<\/p>\n<p>La periodista Ana Rojas se hace un selfie junto a la escultura de Botero \u201cMujer con espejo\u201d, una de las m\u00e1s fotografiadas, en la Plaza Botero, en Medell\u00edn, Colombia.\u00a0RTVE<\/p>\n<p>4. La granja El Alto del Chocho: llamas, peces y surrealismo rural<\/p>\n<p>Este lugar, con nombre peculiar para los o\u00eddos espa\u00f1oles, ofrece una <strong>experiencia tan curiosa como viral:<\/strong> alimentar peces con biber\u00f3n, abrazar llamas andinas y tomarse fotos con fondos naturales perfectos para TikTok. Un rinc\u00f3n rural que mezcla <strong>humor, ternura y extravagancia<\/strong>.<\/p>\n<p>Eva Rojas visita la granja &#8216;El Alto del Chocho&#8217; en las afueras de Medell\u00edn donde conviven llamas, cabras y una buena dosis de diversi\u00f3n rural.\u00a0RTVE<\/p>\n<p>5. El Mirador del Cielo: adrenalina con vistas<\/p>\n<p>Ubicado en <strong>Altavista<\/strong>, este parque es una joya para quienes buscan adrenalina y fotos extremas. <strong>Bicicletas a\u00e9reas, toboganes de 40 metros y una casa al rev\u00e9s<\/strong> componen un escenario que parece hecho para Instagram. Todo, con el skyline de Medell\u00edn como tel\u00f3n de fondo.<\/p>\n<p>Carlo Cu\u00f1ado se atreve con la bicicleta a\u00e9rea del Mirador del Cielo, una experiencia extrema con Medell\u00edn como tel\u00f3n de fondo.\u00a0RTVE<\/p>\n<p>M\u00e1s all\u00e1 de su belleza, estos lugares cuentan historias y reflejan el esp\u00edritu de una ciudad que se reinventa, se enorgullece de sus ra\u00edces y conquista a todo el que la visita. Y t\u00fa, \u00bfcu\u00e1l de estos rincones sumar\u00edas a tu galer\u00eda?<\/p>\n","protected":false},"excerpt":{"rendered":"Medell\u00edn se ha convertido en uno de los destinos m\u00e1s virales de Latinoam\u00e9rica, y el programa La vuelta&hellip;\n","protected":false},"author":2,"featured_media":333866,"comment_status":"","ping_status":"","sticky":false,"template":"","format":"standard","meta":{"footnotes":""},"categories":[91],"tags":[146,147,25,24,23],"class_list":{"0":"post-333865","1":"post","2":"type-post","3":"status-publish","4":"format-standard","5":"has-post-thumbnail","7":"category-entretenimiento","8":"tag-entertainment","9":"tag-entretenimiento","10":"tag-es","11":"tag-espana","12":"tag-spain"},"share_on_mastodon":{"url":"https:\/\/pubeurope.com\/@es\/115872844131269803","error":""},"_links":{"self":[{"href":"https:\/\/www.europesays.com\/es\/wp-json\/wp\/v2\/posts\/333865","targetHints":{"allow":["GET"]}}],"collection":[{"href":"https:\/\/www.europesays.com\/es\/wp-json\/wp\/v2\/posts"}],"about":[{"href":"https:\/\/www.europesays.com\/es\/wp-json\/wp\/v2\/types\/post"}],"author":[{"embeddable":true,"href":"https:\/\/www.europesays.com\/es\/wp-json\/wp\/v2\/users\/2"}],"replies":[{"embeddable":true,"href":"https:\/\/www.europesays.com\/es\/wp-json\/wp\/v2\/comments?post=333865"}],"version-history":[{"count":0,"href":"https:\/\/www.europesays.com\/es\/wp-json\/wp\/v2\/posts\/333865\/revisions"}],"wp:featuredmedia":[{"embeddable":true,"href":"https:\/\/www.europesays.com\/es\/wp-json\/wp\/v2\/media\/333866"}],"wp:attachment":[{"href":"https:\/\/www.europesays.com\/es\/wp-json\/wp\/v2\/media?parent=333865"}],"wp:term":[{"taxonomy":"category","embeddable":true,"href":"https:\/\/www.europesays.com\/es\/wp-json\/wp\/v2\/categories?post=333865"},{"taxonomy":"post_tag","embeddable":true,"href":"https:\/\/www.europesays.com\/es\/wp-json\/wp\/v2\/tags?post=333865"}],"curies":[{"name":"wp","href":"https:\/\/api.w.org\/{rel}","templated":true}]}}