{"id":333867,"date":"2026-01-10T21:07:11","date_gmt":"2026-01-10T21:07:11","guid":{"rendered":"https:\/\/www.europesays.com\/es\/333867\/"},"modified":"2026-01-10T21:07:11","modified_gmt":"2026-01-10T21:07:11","slug":"rumor-la-existencia-de-life-is-strange-reunion-se-habria-filtrado","status":"publish","type":"post","link":"https:\/\/www.europesays.com\/es\/333867\/","title":{"rendered":"RUMOR: la existencia de Life is Strange: Reunion se habr\u00eda filtrado"},"content":{"rendered":"<p class=\"entry-title title flipboard-title\">La \u00faltima entrega de la aclamada franquicia Life is Strange, vio la luz a finales de 2024 con <a href=\"https:\/\/www.nextn.es\/2025\/07\/analisis-life-is-strange-double-exposure\/\" rel=\"nofollow noopener\" target=\"_blank\">Life is Strange: Double Exposure<\/a>. Una entrega en la que Max Caulfield volv\u00eda como protagonista una vez m\u00e1s, a\u00f1os despu\u00e9s de los sucesos acaecidos en la primera entrega. Y aunque a\u00fan estamos esperando noticias de la nueva<a href=\"https:\/\/www.nextn.es\/2025\/09\/life-is-strange-serie-television-amazon\/\" rel=\"nofollow noopener\" target=\"_blank\"> serie televisiva de Life is Strange<\/a>, producida por Amazon MGM Studios, <strong>recientemente parece haberse dejado ver durante un breve laxo de tiempo la llegada de un nuevo t\u00edtulo<\/strong> que previsiblemente continuar\u00eda los hechos ocurridos en Double Exposure. Al parecer, <strong>se habr\u00eda filtrado a trav\u00e9s de la web de PEGI la existencia de Life is Strange: Reunion<\/strong>.<\/p>\n<p>\u00a0<\/p>\n<p><strong>PEGI<\/strong> (Pan European Game Information) <strong>es un sistema europeo de clasificaci\u00f3n por edades para videojuegos<\/strong>. Con \u00e9l, se informa a los consumidores sobre la edad m\u00ednima recomendada para cada t\u00edtulo distribuido en Europa. Pues bien, <strong>recientemente se a\u00f1adi\u00f3 entre los videojuegos clasificados<\/strong> un nuevo t\u00edtulo que a\u00fan no hab\u00eda sido anunciado oficialmente, <strong>Life is Strange: Reunion<\/strong>. <strong>Esta informaci\u00f3n fue retirada poco tiempo despu\u00e9s de su publicaci\u00f3n<\/strong> y hac\u00eda menci\u00f3n a bastante informaci\u00f3n sobre este lanzamiento.<\/p>\n<p>\u00a0<\/p>\n<p><strong>El t\u00edtulo recibir\u00eda una clasificaci\u00f3n PEGI 16<\/strong>, no siendo acto para menores de diecis\u00e9is a\u00f1os, debido a la existencia de lenguaje malsonante, menci\u00f3n o ingesta de drogas y violencia explicita. Nada que no hubi\u00e9ramos visto ya en anteriores entregas de la franquicia. En lo que respecta a las plataformas previstas para su lanzamiento,<strong> por ahora habr\u00eda sido listado \u00fanicamente para PlayStation 5<\/strong>. Esto podr\u00eda preocuparnos inicialmente, pero la ausencia de una versi\u00f3n para PC en el listado, plataforma donde hist\u00f3ricamente se ha lanzado la franquicia con preferencia, hace sospechar que sea<strong>\u00a0probable que solo se trate de una informaci\u00f3n incompleta<\/strong>.<\/p>\n<p>\u00a0<\/p>\n<p><strong>La publicaci\u00f3n tambi\u00e9n contaba con una sinopsis del t\u00edtulo<\/strong>, que resumir\u00eda brevemente el inicio de la trama, que se ubicar\u00eda en la saga como una continuaci\u00f3n directa de Double Exposure, aunque centr\u00e1ndose en uno de los posibles finales del primer t\u00edtulo. La sinopsis ser\u00eda la siguiente (<strong>alerta ante spoilers<\/strong>):<\/p>\n<blockquote>\n<p>Chloe Price era la compa\u00f1era de Max Caulfield en el tiempo\u2026 Perderla es lo que m\u00e1s lamenta Max. Ahora Chloe ha llegado a la Universidad de Caledon. Atormentada por pesadillas y recuerdos imposibles, Chloe necesita la ayuda de Max. Pero Max ya est\u00e1 en crisis: en tres d\u00edas, un infierno mortal destruir\u00e1 el campus.<\/p>\n<\/blockquote>\n<p>\u00a0<\/p>\n<p>Por ahora, solo queda esperar a que Square Enix haga un anuncio oficial del t\u00edtulo. Un t\u00edtulo que esperamos que tambi\u00e9n vea la luz en las plataformas Nintendo, donde la saga tiene numerosos fans.<\/p>\n<p>\u00a0<\/p>\n<p>Ver tambi\u00e9n<\/p>\n<p><a href=\"https:\/\/www.nextn.es\/2026\/01\/dragon-quest-vii-reimagined-demo-7-de-enero-traje-regalo\/\" class=\"mask-img\" title=\"2509_19 Dragon Quest VII Reimagined Switch 001\" rel=\"nofollow noopener\" target=\"_blank\"><img loading=\"lazy\" decoding=\"async\" width=\"150\" height=\"150\" src=\"data:image\/svg+xml,%3Csvg%20xmlns=\" http:=\"\" class=\"attachment-thumbnail size-thumbnail wp-post-image\" alt=\"\" data-lazy- data-lazy- data-attachment-id=\"336074\" data-permalink=\"https:\/\/www.nextn.es\/2509_19-dragon-quest-vii-reimagined-switch-001\/\" data-orig-file=\"https:\/\/imagen.nextn.es\/wp-content\/uploads\/2025\/09\/2509_19-Dragon-Quest-VII-Reimagined-Switch-001.jpg?strip=all&amp;sharp=1\" data-orig-size=\"1280,720\" data-comments-opened=\"0\" data-image-meta=\"{&quot;aperture&quot;:&quot;0&quot;,&quot;credit&quot;:&quot;&quot;,&quot;camera&quot;:&quot;&quot;,&quot;caption&quot;:&quot;&quot;,&quot;created_timestamp&quot;:&quot;0&quot;,&quot;copyright&quot;:&quot;&quot;,&quot;focal_length&quot;:&quot;0&quot;,&quot;iso&quot;:&quot;0&quot;,&quot;shutter_speed&quot;:&quot;0&quot;,&quot;title&quot;:&quot;&quot;,&quot;orientation&quot;:&quot;0&quot;}\" data-image-title=\"2509_19 Dragon Quest VII Reimagined Switch 001\" data-image-description=\"\" data-image-caption=\"\" data-medium-file=\"https:\/\/imagen.nextn.es\/wp-content\/uploads\/2025\/09\/2509_19-Dragon-Quest-VII-Reimagined-Switch-001-267x150.jpg?strip=all&amp;sharp=1\" data-large-file=\"https:\/\/imagen.nextn.es\/wp-content\/uploads\/2025\/09\/2509_19-Dragon-Quest-VII-Reimagined-Switch-001-600x338.jpg?strip=all&amp;sharp=1\" data-lazy-src=\"https:\/\/www.europesays.com\/es\/wp-content\/uploads\/2026\/01\/2509_19-Dragon-Quest-VII-Reimagined-Switch-001-150x150.jpg\"\/><\/a><\/p>\n<p style=\"text-align: right\"><a href=\"https:\/\/www.gematsu.com\/2026\/01\/life-is-strange-reunion-rated-in-europe\" rel=\"nofollow noopener\" target=\"_blank\">Fuente 1<\/a><\/p>\n<p style=\"text-align: right\"><a href=\"https:\/\/pegi.info\/search-pegi?q=life%20is%20strange&amp;op=Search&amp;age%5B0%5D=&amp;descriptor%5B0%5D=&amp;publisher=&amp;platform%5B0%5D=&amp;release_year%5B0%5D=&amp;page=1&amp;form_build_id=form-81eGuZckjPQ3buJikytFNQNQ7dlj2m3r6HpbbuwqoKs&amp;form_id=pegi_search_form\" rel=\"nofollow noopener\" target=\"_blank\">Fuente 2<\/a><\/p>\n<p>\u00a0<\/p>\n<p>\u00a0<\/p>\n<p>\u00a0<\/p>\n","protected":false},"excerpt":{"rendered":"La \u00faltima entrega de la aclamada franquicia Life is Strange, vio la luz a finales de 2024 con&hellip;\n","protected":false},"author":2,"featured_media":333868,"comment_status":"","ping_status":"","sticky":false,"template":"","format":"standard","meta":{"footnotes":""},"categories":[81],"tags":[76671,119,123,124,25,24,6022,4337,117,121,122,23,118,120],"class_list":{"0":"post-333867","1":"post","2":"type-post","3":"status-publish","4":"format-standard","5":"has-post-thumbnail","7":"category-ciencia-y-tecnologia","8":"tag-aventura-grafica","9":"tag-ciencia","10":"tag-ciencia-y-tecnologia","11":"tag-cienciaytecnologia","12":"tag-es","13":"tag-espana","14":"tag-multiplataforma","15":"tag-nintendo-switch","16":"tag-science","17":"tag-science-and-technology","18":"tag-scienceandtechnology","19":"tag-spain","20":"tag-technology","21":"tag-tecnologia"},"share_on_mastodon":{"url":"https:\/\/pubeurope.com\/@es\/115872847928837912","error":""},"_links":{"self":[{"href":"https:\/\/www.europesays.com\/es\/wp-json\/wp\/v2\/posts\/333867","targetHints":{"allow":["GET"]}}],"collection":[{"href":"https:\/\/www.europesays.com\/es\/wp-json\/wp\/v2\/posts"}],"about":[{"href":"https:\/\/www.europesays.com\/es\/wp-json\/wp\/v2\/types\/post"}],"author":[{"embeddable":true,"href":"https:\/\/www.europesays.com\/es\/wp-json\/wp\/v2\/users\/2"}],"replies":[{"embeddable":true,"href":"https:\/\/www.europesays.com\/es\/wp-json\/wp\/v2\/comments?post=333867"}],"version-history":[{"count":0,"href":"https:\/\/www.europesays.com\/es\/wp-json\/wp\/v2\/posts\/333867\/revisions"}],"wp:featuredmedia":[{"embeddable":true,"href":"https:\/\/www.europesays.com\/es\/wp-json\/wp\/v2\/media\/333868"}],"wp:attachment":[{"href":"https:\/\/www.europesays.com\/es\/wp-json\/wp\/v2\/media?parent=333867"}],"wp:term":[{"taxonomy":"category","embeddable":true,"href":"https:\/\/www.europesays.com\/es\/wp-json\/wp\/v2\/categories?post=333867"},{"taxonomy":"post_tag","embeddable":true,"href":"https:\/\/www.europesays.com\/es\/wp-json\/wp\/v2\/tags?post=333867"}],"curies":[{"name":"wp","href":"https:\/\/api.w.org\/{rel}","templated":true}]}}