{"id":333881,"date":"2026-01-10T21:20:07","date_gmt":"2026-01-10T21:20:07","guid":{"rendered":"https:\/\/www.europesays.com\/es\/333881\/"},"modified":"2026-01-10T21:20:07","modified_gmt":"2026-01-10T21:20:07","slug":"el-bayern-munich-acelera-por-un-fichaje-de-12-me","status":"publish","type":"post","link":"https:\/\/www.europesays.com\/es\/333881\/","title":{"rendered":"El Bayern M\u00fanich acelera por un fichaje de 12 M\u20ac"},"content":{"rendered":"<p>En su segunda temporada, tras haber ganado la <a href=\"https:\/\/www.fichajes.com\/alemania\/bundesliga\/\" rel=\"nofollow noopener\" target=\"_blank\">Bundesliga<\/a> el pasado curso, ya se ha afianzado Vincent Kompany en este proyecto del <a href=\"https:\/\/www.fichajes.com\/equipo\/bayern-munich\/\" rel=\"nofollow noopener\" target=\"_blank\">Bayern M\u00fanich<\/a> que es uno de los m\u00e1s fiables de Europa. Pero vemos trabajar mucho a este club en los despachos para asegurar su futuro.<\/p>\n<p>            Sigue despu\u00e9s de este anuncio<\/p>\n<p>Movimientos como las renovaciones de Konrad Laimer o Dayot Upamecano dan prueba de ello. Y es que poco a poco se va rejuveneciendo la plantilla, sin grandes traumas ni cataclismos, pero enfoc\u00e1ndose en ir dando al club jugadores de futuro como Jamal Musiala o Lennart Karl, las \u00faltimas joyas emergentes.<\/p>\n<p>        Kennet Eichhorn se aproxima<\/p>\n<p>Fiel a su tradici\u00f3n de tener siempre en sus filas a los mejores jugadores de Alemania, los b\u00e1varos planean su siguiente gran golpe. Y ser\u00eda, de acuerdo con Sky Sports, Kennet Eichhorn, centrocampista de apenas 16 a\u00f1os que se va asentando poco a poco en el <a href=\"https:\/\/www.fichajes.com\/equipo\/hertha-bsc\/\" rel=\"nofollow noopener\" target=\"_blank\">Hertha de Berl\u00edn<\/a>.<\/p>\n<p>            Sigue despu\u00e9s de este anuncio<\/p>\n<p>Donde ya ha aparecido en 13 duelos de la 2.Bundesliga este mismo curso. Una joya que se disputan grandes como Real Madrid o FC Barcelona. Los campeones de Alemania creen que podr\u00e1n ficharlo por alrededor de 12 M\u20ac y preparan su gran ofensiva.<\/p>\n","protected":false},"excerpt":{"rendered":"En su segunda temporada, tras haber ganado la Bundesliga el pasado curso, ya se ha afianzado Vincent Kompany&hellip;\n","protected":false},"author":2,"featured_media":333882,"comment_status":"","ping_status":"","sticky":false,"template":"","format":"standard","meta":{"footnotes":""},"categories":[268],"tags":[168,25,24,280,282,281,23,167],"class_list":{"0":"post-333881","1":"post","2":"type-post","3":"status-publish","4":"format-standard","5":"has-post-thumbnail","7":"category-futbol","8":"tag-deportes","9":"tag-es","10":"tag-espana","11":"tag-football","12":"tag-futbol","13":"tag-soccer","14":"tag-spain","15":"tag-sports"},"share_on_mastodon":{"url":"https:\/\/pubeurope.com\/@es\/115872899069950874","error":""},"_links":{"self":[{"href":"https:\/\/www.europesays.com\/es\/wp-json\/wp\/v2\/posts\/333881","targetHints":{"allow":["GET"]}}],"collection":[{"href":"https:\/\/www.europesays.com\/es\/wp-json\/wp\/v2\/posts"}],"about":[{"href":"https:\/\/www.europesays.com\/es\/wp-json\/wp\/v2\/types\/post"}],"author":[{"embeddable":true,"href":"https:\/\/www.europesays.com\/es\/wp-json\/wp\/v2\/users\/2"}],"replies":[{"embeddable":true,"href":"https:\/\/www.europesays.com\/es\/wp-json\/wp\/v2\/comments?post=333881"}],"version-history":[{"count":0,"href":"https:\/\/www.europesays.com\/es\/wp-json\/wp\/v2\/posts\/333881\/revisions"}],"wp:featuredmedia":[{"embeddable":true,"href":"https:\/\/www.europesays.com\/es\/wp-json\/wp\/v2\/media\/333882"}],"wp:attachment":[{"href":"https:\/\/www.europesays.com\/es\/wp-json\/wp\/v2\/media?parent=333881"}],"wp:term":[{"taxonomy":"category","embeddable":true,"href":"https:\/\/www.europesays.com\/es\/wp-json\/wp\/v2\/categories?post=333881"},{"taxonomy":"post_tag","embeddable":true,"href":"https:\/\/www.europesays.com\/es\/wp-json\/wp\/v2\/tags?post=333881"}],"curies":[{"name":"wp","href":"https:\/\/api.w.org\/{rel}","templated":true}]}}