{"id":333895,"date":"2026-01-10T21:29:16","date_gmt":"2026-01-10T21:29:16","guid":{"rendered":"https:\/\/www.europesays.com\/es\/333895\/"},"modified":"2026-01-10T21:29:16","modified_gmt":"2026-01-10T21:29:16","slug":"cristina-ybarra-expone-artes-entrelazadas-en-la-fundacion","status":"publish","type":"post","link":"https:\/\/www.europesays.com\/es\/333895\/","title":{"rendered":"Cristina Ybarra expone \u00abArtes entrelazadas\u00bb en la Fundaci\u00f3n"},"content":{"rendered":"<p>\t\t\t<img loading=\"lazy\" decoding=\"async\" width=\"1762\" height=\"964\" src=\"https:\/\/www.europesays.com\/es\/wp-content\/uploads\/2026\/01\/cybarra_artes.jpg\" class=\"attachment-full size-full wp-post-image\" alt=\"\"  \/><\/p>\n<p>La artista pl\u00e1stica Cristina Ybarra inaugura su exposici\u00f3n individual Artes entrelazadas el jueves 15 de enero a las 19.00 horas en Espacio Gala. Esta exposici\u00f3n individual de pintura de Cristina Ybarra presenta un conjunto de obras inspiradas en textos literarios de escogidos autores, entre ellos Ibn Jafaya, Lope de Vega, Agust\u00edn de Fox\u00e1, Junichiro Tanizaki y Jacobo Cortines. A partir de estas referencias, la muestra articula una reflexi\u00f3n visual en torno a temas universales como el amor, la vida, la muerte, la belleza, la naturaleza y la cultura. Fragmentos de \u201cEl elogio de la sombra\u201d, \u201cSoneto de amor\u201d, \u201cMelancol\u00eda de desaparecer\u201d, \u201cPoemas florales\u201d, \u201cGrecia\u201d y \u201cHacia el encuentro\u201d, funcionan como referentes conceptuales y po\u00e9ticos que inspiran el lenguaje pict\u00f3rico y act\u00faan de hilo conductor.<br \/>A trav\u00e9s de la pintura, Ybarra traduce estas resonancias literarias en obras con carga simb\u00f3lica, un uso depurado del color y una gran intensidad contemplativa, estableciendo un di\u00e1logo sutil con el espectador.<br \/>Artista contempor\u00e1nea espa\u00f1ola \u201cdel renacimiento\u201d, Cristina Ybarra nos ofrece un recorrido pict\u00f3rico a trav\u00e9s de su universo est\u00e9tico personal. Apasionado, simb\u00f3lico, honesto, rom\u00e1ntico, colorido, sutil y diferente.<br \/>Ybarra, acad\u00e9mica de Bellas Artes de C\u00f3rdoba, ha centrado su actividad en las artes, principalmente en la pintura, colaborando en otros campos art\u00edsticos, como la direcci\u00f3n art\u00edstica en restauraci\u00f3n arquitect\u00f3nica, gesti\u00f3n cultural, dise\u00f1o de jardines e interiores, y consultor\u00eda de imagen empresarial. Ha llevado a cabo la direcci\u00f3n art\u00edstica de la restauraci\u00f3n, rehabilitaci\u00f3n y gesti\u00f3n del alc\u00e1zar-palacio Portocarrero, un monumento que se encontraba en ruinas, ya declarado bien de inter\u00e9s cultural (www.palacioportocarrero.com) y dise\u00f1\u00f3 sus jardines con m\u00e1s de 400 variedades de c\u00edtricos clasificados.<br \/>Sus obras no se limitan a un tema espec\u00edfico, sino que evolucionan a trav\u00e9s de su poemario favorito, conect\u00e1ndolos con sus propias experiencias, pensamientos y sentimientos. Nos ofrece un valiente viaje pict\u00f3rico y vital, ilustrado con su estilo \u00fanico e individual.<br \/>Varios temas se ocultan bajo primeras impresiones; el uso del simbolismo y de los c\u00f3digos teje un hilo subyacente que ata la esencia de todas sus creaciones. La muestra permanecer\u00e1 abierta al p\u00fablico hasta el d\u00eda 15 de febrero.<\/p>\n","protected":false},"excerpt":{"rendered":"La artista pl\u00e1stica Cristina Ybarra inaugura su exposici\u00f3n individual Artes entrelazadas el jueves 15 de enero a las&hellip;\n","protected":false},"author":2,"featured_media":333896,"comment_status":"","ping_status":"","sticky":false,"template":"","format":"standard","meta":{"footnotes":""},"categories":[91],"tags":[146,147,25,24,23],"class_list":{"0":"post-333895","1":"post","2":"type-post","3":"status-publish","4":"format-standard","5":"has-post-thumbnail","7":"category-entretenimiento","8":"tag-entertainment","9":"tag-entretenimiento","10":"tag-es","11":"tag-espana","12":"tag-spain"},"share_on_mastodon":{"url":"https:\/\/pubeurope.com\/@es\/115872934425935565","error":""},"_links":{"self":[{"href":"https:\/\/www.europesays.com\/es\/wp-json\/wp\/v2\/posts\/333895","targetHints":{"allow":["GET"]}}],"collection":[{"href":"https:\/\/www.europesays.com\/es\/wp-json\/wp\/v2\/posts"}],"about":[{"href":"https:\/\/www.europesays.com\/es\/wp-json\/wp\/v2\/types\/post"}],"author":[{"embeddable":true,"href":"https:\/\/www.europesays.com\/es\/wp-json\/wp\/v2\/users\/2"}],"replies":[{"embeddable":true,"href":"https:\/\/www.europesays.com\/es\/wp-json\/wp\/v2\/comments?post=333895"}],"version-history":[{"count":0,"href":"https:\/\/www.europesays.com\/es\/wp-json\/wp\/v2\/posts\/333895\/revisions"}],"wp:featuredmedia":[{"embeddable":true,"href":"https:\/\/www.europesays.com\/es\/wp-json\/wp\/v2\/media\/333896"}],"wp:attachment":[{"href":"https:\/\/www.europesays.com\/es\/wp-json\/wp\/v2\/media?parent=333895"}],"wp:term":[{"taxonomy":"category","embeddable":true,"href":"https:\/\/www.europesays.com\/es\/wp-json\/wp\/v2\/categories?post=333895"},{"taxonomy":"post_tag","embeddable":true,"href":"https:\/\/www.europesays.com\/es\/wp-json\/wp\/v2\/tags?post=333895"}],"curies":[{"name":"wp","href":"https:\/\/api.w.org\/{rel}","templated":true}]}}