{"id":333921,"date":"2026-01-10T21:51:06","date_gmt":"2026-01-10T21:51:06","guid":{"rendered":"https:\/\/www.europesays.com\/es\/333921\/"},"modified":"2026-01-10T21:51:06","modified_gmt":"2026-01-10T21:51:06","slug":"siete-biomarcadores-pueden-revelar-el-riesgo-de-multimorbilidad-a-traves-de-un-analisis-de-sangre","status":"publish","type":"post","link":"https:\/\/www.europesays.com\/es\/333921\/","title":{"rendered":"Siete biomarcadores pueden revelar el riesgo de multimorbilidad a trav\u00e9s de un an\u00e1lisis de sangre\u00a0\u00a0"},"content":{"rendered":"<p>Un<a href=\"https:\/\/www.nature.com\/articles\/s41591-025-04038-2\" rel=\"nofollow noopener\" target=\"_blank\"> estudio colaborativo <\/a>dirigido por investigadores del Centro de Investigaci\u00f3n del Envejecimiento del Instituto Karolinska ha identificado un peque\u00f1o n\u00famero de biomarcadores sangu\u00edneos que pueden predecir el riesgo de multimorbilidad. El estudio incluy\u00f3 a m\u00e1s de 2200 personas de la poblaci\u00f3n general de Estocolmo, <a href=\"https:\/\/diariofarma.com\/tag\/suecia?utm_source=diariofarma&amp;utm_medium=web&amp;utm_campaign=smartlink\" rel=\"nofollow noopener\" target=\"_blank\">Suecia<\/a>, mayores de 60 a\u00f1os.<\/p>\n<p>Los investigadores analizaron 54 biomarcadores en la sangre de los participantes que reflejan procesos biol\u00f3gicos como la <a href=\"https:\/\/diariofarma.com\/tag\/inflamacion?utm_source=diariofarma&amp;utm_medium=web&amp;utm_campaign=smartlink\" rel=\"nofollow noopener\" target=\"_blank\">inflamaci\u00f3n<\/a>, la salud vascular, el metabolismo y la neurodegeneraci\u00f3n. Posteriormente, examinaron la correlaci\u00f3n entre estos marcadores y tres medidas de multimorbilidad: n\u00famero total de enfermedades, cinco patrones comunes de enfermedad y la rapidez con la que se acumularon las enfermedades durante un per\u00edodo de 15 a\u00f1os.<\/p>\n<p>\u201cDescubrimos que ciertos biomarcadores sangu\u00edneos, especialmente aquellos relacionados con el metabolismo, estaban estrechamente vinculados tanto a combinaciones espec\u00edficas de enfermedades como a la rapidez con la que se desarrollaban nuevas enfermedades\u201d, afirma la primera autora del estudio, Alice Margherita Ornago, estudiante de doctorado del Centro de Investigaci\u00f3n del Envejecimiento del Departamento de Neurobiolog\u00eda, Ciencias del Cuidado y Sociedad<\/p>\n<p>Siete marcadores clave<\/p>\n<p>Siete biomarcadores resultaron particularmente significativos. Cinco de ellos (GDF-15, HbA1c, cistatina C, leptina e <a href=\"https:\/\/diariofarma.com\/tag\/insulina?utm_source=diariofarma&amp;utm_medium=web&amp;utm_campaign=smartlink\" rel=\"nofollow noopener\" target=\"_blank\">insulina<\/a>) se asociaron consistentemente con todas las medidas de multimorbilidad consideradas en el estudio. Otros dos (gamma-glutamil transferasa y alb\u00famina) se vincularon espec\u00edficamente con la velocidad de progresi\u00f3n de la enfermedad a lo largo del tiempo. Los resultados se corroboraron en una cohorte independiente de 522 participantes en EE. UU.<\/p>\n<p>\u201cNuestro estudio sugiere que las alteraciones del metabolismo, las respuestas al estr\u00e9s y la regulaci\u00f3n energ\u00e9tica se encuentran entre los principales impulsores de la multimorbilidad en las personas mayores\u201d, afirma el investigador principal, Davide Liborio Vetrano, profesor asociado del mismo departamento. \u201cEsto abre la posibilidad de utilizar an\u00e1lisis de sangre sencillos para identificar a las personas de alto riesgo, lo que permitir\u00e1 una intervenci\u00f3n m\u00e1s temprana en el futuro\u201d.<\/p>\n<p>Los investigadores planean ahora rastrear c\u00f3mo estos biomarcadores sangu\u00edneos cambian con el tiempo y estudiar si los cambios en el estilo de vida o la medicaci\u00f3n pueden afectar el proceso patol\u00f3gico. El estudio se realiz\u00f3 en colaboraci\u00f3n con investigadores del Real Instituto de Tecnolog\u00eda y SciLifeLab de Suecia, la <a href=\"https:\/\/diariofarma.com\/tag\/universidad?utm_source=diariofarma&amp;utm_medium=web&amp;utm_campaign=smartlink\" rel=\"nofollow noopener\" target=\"_blank\">Universidad<\/a> de Brescia y la Universidad de Milano-Bicocca de <a href=\"https:\/\/diariofarma.com\/tag\/italia?utm_source=diariofarma&amp;utm_medium=web&amp;utm_campaign=smartlink\" rel=\"nofollow noopener\" target=\"_blank\">Italia<\/a>, y el Instituto Nacional sobre el Envejecimiento de EE. UU.<\/p>\n","protected":false},"excerpt":{"rendered":"Un estudio colaborativo dirigido por investigadores del Centro de Investigaci\u00f3n del Envejecimiento del Instituto Karolinska ha identificado un&hellip;\n","protected":false},"author":2,"featured_media":333922,"comment_status":"","ping_status":"","sticky":false,"template":"","format":"standard","meta":{"footnotes":""},"categories":[92],"tags":[25,24,165,2383,9948,1294,8443,628,166,23,7218,2845],"class_list":{"0":"post-333921","1":"post","2":"type-post","3":"status-publish","4":"format-standard","5":"has-post-thumbnail","7":"category-salud","8":"tag-es","9":"tag-espana","10":"tag-health","11":"tag-inflamacion","12":"tag-insulina","13":"tag-investigacion","14":"tag-investigacion-desarrollo-e-innovacion-idi","15":"tag-italia","16":"tag-salud","17":"tag-spain","18":"tag-suecia","19":"tag-universidad"},"share_on_mastodon":{"url":"https:\/\/pubeurope.com\/@es\/115873021027036553","error":""},"_links":{"self":[{"href":"https:\/\/www.europesays.com\/es\/wp-json\/wp\/v2\/posts\/333921","targetHints":{"allow":["GET"]}}],"collection":[{"href":"https:\/\/www.europesays.com\/es\/wp-json\/wp\/v2\/posts"}],"about":[{"href":"https:\/\/www.europesays.com\/es\/wp-json\/wp\/v2\/types\/post"}],"author":[{"embeddable":true,"href":"https:\/\/www.europesays.com\/es\/wp-json\/wp\/v2\/users\/2"}],"replies":[{"embeddable":true,"href":"https:\/\/www.europesays.com\/es\/wp-json\/wp\/v2\/comments?post=333921"}],"version-history":[{"count":0,"href":"https:\/\/www.europesays.com\/es\/wp-json\/wp\/v2\/posts\/333921\/revisions"}],"wp:featuredmedia":[{"embeddable":true,"href":"https:\/\/www.europesays.com\/es\/wp-json\/wp\/v2\/media\/333922"}],"wp:attachment":[{"href":"https:\/\/www.europesays.com\/es\/wp-json\/wp\/v2\/media?parent=333921"}],"wp:term":[{"taxonomy":"category","embeddable":true,"href":"https:\/\/www.europesays.com\/es\/wp-json\/wp\/v2\/categories?post=333921"},{"taxonomy":"post_tag","embeddable":true,"href":"https:\/\/www.europesays.com\/es\/wp-json\/wp\/v2\/tags?post=333921"}],"curies":[{"name":"wp","href":"https:\/\/api.w.org\/{rel}","templated":true}]}}