{"id":333991,"date":"2026-01-10T22:43:22","date_gmt":"2026-01-10T22:43:22","guid":{"rendered":"https:\/\/www.europesays.com\/es\/333991\/"},"modified":"2026-01-10T22:43:22","modified_gmt":"2026-01-10T22:43:22","slug":"una-de-las-presas-venezolanas-liberadas-agradece-las-gestiones-del-gobierno-y-de-zapatero","status":"publish","type":"post","link":"https:\/\/www.europesays.com\/es\/333991\/","title":{"rendered":"Una de las presas venezolanas liberadas agradece las gestiones del Gobierno y de Zapatero"},"content":{"rendered":"<p style=\"\">La familia de <strong>Roc\u00edo San Miguel<\/strong>, reconocida activista venezolana, ha publicado un comunicado en el que agradece las<a href=\"https:\/\/www.abc.es\/espana\/pp-acusa-zapatero-enriquecerse-costa-venezuela-forzara-20260110120733-nt.html\" target=\"_self\" data-voc-vtm-id=\"in-text-traffic\" title=\" gestiones realizadas\" data-mrf-link=\"www.abc.es\" rel=\"nofollow noopener\"> gestiones realizadas<\/a> por <strong>Jos\u00e9 Luis Rodr\u00edguez Zapatero<\/strong> para su liberaci\u00f3n.  \u00abNo se trata de una libertad plena, sino de una medida cautelar\u00bb, ha afirmado  &#8230; su hermano en la nota en la que reconocer que ella no puede hablar.<\/p>\n<p class=\"voc-p\" style=\"\">El <a href=\"https:\/\/www.abc.es\/espana\/cinco-espanoles-liberados-venezuela-aterrizan-madrid-abandonan-20260109153936-nt.html\" target=\"_self\" data-voc-vtm-id=\"in-text-traffic\" title=\"viaje a Espa\u00f1a\" data-mrf-link=\"www.abc.es\" rel=\"nofollow noopener\">viaje a Espa\u00f1a<\/a> de esta mujer tras su liberaci\u00f3n se ha producido por la \u00abintermediaci\u00f3n directa del Gobierno espa\u00f1ol, en especial gracias a las <strong>gestiones sostenidas durante m\u00e1s de un a\u00f1o<\/strong> por el expresidente Jos\u00e9 Luis Rodr\u00edguez Zapatero, a quien Roc\u00edo San Miguel ha expresado su profundo agradecimiento\u00ab.<\/p>\n<p class=\"voc-p\" style=\"\">Jos\u00e9 Manuel San Miguel, el hermano de esta activista, ha expresado su agradecimiento a los<strong> gobiernos de Venezuela, Espa\u00f1a y a Jos\u00e9 Luis Rodr\u00edguez Zapatero<\/strong>. Tambi\u00e9n al resto de actores que ha participado en los recientes di\u00e1logos y conversaciones entre este pa\u00eds y Estados Unidos. \u00abCuyas gestiones han sido determinantes para que se produjeran estas excarcelaciones\u00bb, sostiene.<\/p>\n<p class=\"voc-p\" style=\"\">De la misma forma, reconoce el valor de la \u00abdiplomacia, la intermediaci\u00f3n y el di\u00e1logo como v\u00edas efectivas para la resoluci\u00f3n de situaciones complejas y de alta sensibilidad humana\u00bb. \u00abEs importante aclarar, con absoluta responsabilidad jur\u00eddica, que <strong>no se trata de una libertad plena<\/strong> sino de una medida cautelar sustitutiva de la privaci\u00f3n de libertad, otorgada en el marco de su proceso judicial\u00bb, remarca.<\/p>\n<p>\nSilencio obligado\n<\/p>\n<p class=\"voc-p\" style=\"\">Roc\u00edo San Miguel mantiene la <strong>medida de prohibici\u00f3n de declarar p\u00fablicamente<\/strong> por lo que ninguna persona, a excepci\u00f3n de su hermano, puede emitir declaraciones en su nombre. Nadie puede proferir valoraciones pol\u00edticas, legales o sobre su estado de salud o las condiciones que vivi\u00f3 de reclusi\u00f3n. <\/p>\n<p class=\"voc-p\" style=\"\">Sobre su traslado a Espa\u00f1a, la familia de la activista asegura que \u00abno constituye un destierro, ni una renuncia a sus derechos, sino parte de los <strong>acuerdos humanitarios y diplom\u00e1ticos<\/strong> alcanzados para viabilizar su excarcelaci\u00f3n\u00bb. Asimismo, aseguran que Roc\u00edo se encuentra en buen estado y continuar\u00e1 con su proceso de rehabilitaci\u00f3n de un hombre, del que fue intervenida quir\u00fargicamente en abril y octubre de 2025.<\/p>\n<p class=\"voc-p\" style=\"\">A pesar de todo lo vivido, la activista mantiene la<strong> \u00abesperanza firme\u00bb<\/strong> de que todas las personas que se encuentran privadas por razones pol\u00edticas en Venezuela puedan recuperar su libertad. Y que todos estos pasos \u00abformen parte de un proceso amplio de reconciliaci\u00f3n nacional\u00bb.<\/p>\n<p class=\"voc-p\" style=\"\">El comunicado del hermano de Roc\u00edo San Miguel finaliza suscribiendo que este es el \u00fanico documento oficial que recoge informaci\u00f3n <strong>\u00abver\u00eddica y autorizada\u00bb<\/strong> sobre la situaci\u00f3n de la activista. Esta mujer fue una de las liberadas tras la<a href=\"https:\/\/www.abc.es\/internacional\/venezuela-anuncia-retorno-aguas-petroleo-operacion-conjunta-20260110071422-nt.html\" target=\"_self\" data-voc-vtm-id=\"in-text-traffic\" title=\" detenci\u00f3n de Nicol\u00e1s Maduro\" data-mrf-link=\"www.abc.es\" rel=\"nofollow noopener\"> detenci\u00f3n de Nicol\u00e1s Maduro<\/a> y aterriz\u00f3 este viernes en Madrid, procedente de un vuelo desde Colombia.<\/p>\n","protected":false},"excerpt":{"rendered":"La familia de Roc\u00edo San Miguel, reconocida activista venezolana, ha publicado un comunicado en el que agradece las&hellip;\n","protected":false},"author":2,"featured_media":333992,"comment_status":"","ping_status":"","sticky":false,"template":"","format":"standard","meta":{"footnotes":""},"categories":[5],"tags":[7035,17,18,25,24,13,14,20509,11,19,20,9906,9,10,15,16,76687,23,12,21,22,76688,7472],"class_list":{"0":"post-333991","1":"post","2":"type-post","3":"status-publish","4":"format-standard","5":"has-post-thumbnail","7":"category-titulares","8":"tag-agradece","9":"tag-breaking-news","10":"tag-breakingnews","11":"tag-es","12":"tag-espana","13":"tag-featured-news","14":"tag-featurednews","15":"tag-gestiones","16":"tag-headlines","17":"tag-latest-news","18":"tag-latestnews","19":"tag-liberadas","20":"tag-news","21":"tag-noticias","22":"tag-noticias-destacadas","23":"tag-noticiasdestacadas","24":"tag-presas","25":"tag-spain","26":"tag-titulares","27":"tag-ultimas-noticias","28":"tag-ultimasnoticias","29":"tag-venezolanas","30":"tag-zapatero"},"share_on_mastodon":{"url":"https:\/\/pubeurope.com\/@es\/115873225323119955","error":""},"_links":{"self":[{"href":"https:\/\/www.europesays.com\/es\/wp-json\/wp\/v2\/posts\/333991","targetHints":{"allow":["GET"]}}],"collection":[{"href":"https:\/\/www.europesays.com\/es\/wp-json\/wp\/v2\/posts"}],"about":[{"href":"https:\/\/www.europesays.com\/es\/wp-json\/wp\/v2\/types\/post"}],"author":[{"embeddable":true,"href":"https:\/\/www.europesays.com\/es\/wp-json\/wp\/v2\/users\/2"}],"replies":[{"embeddable":true,"href":"https:\/\/www.europesays.com\/es\/wp-json\/wp\/v2\/comments?post=333991"}],"version-history":[{"count":0,"href":"https:\/\/www.europesays.com\/es\/wp-json\/wp\/v2\/posts\/333991\/revisions"}],"wp:featuredmedia":[{"embeddable":true,"href":"https:\/\/www.europesays.com\/es\/wp-json\/wp\/v2\/media\/333992"}],"wp:attachment":[{"href":"https:\/\/www.europesays.com\/es\/wp-json\/wp\/v2\/media?parent=333991"}],"wp:term":[{"taxonomy":"category","embeddable":true,"href":"https:\/\/www.europesays.com\/es\/wp-json\/wp\/v2\/categories?post=333991"},{"taxonomy":"post_tag","embeddable":true,"href":"https:\/\/www.europesays.com\/es\/wp-json\/wp\/v2\/tags?post=333991"}],"curies":[{"name":"wp","href":"https:\/\/api.w.org\/{rel}","templated":true}]}}