{"id":333999,"date":"2026-01-10T22:53:10","date_gmt":"2026-01-10T22:53:10","guid":{"rendered":"https:\/\/www.europesays.com\/es\/333999\/"},"modified":"2026-01-10T22:53:10","modified_gmt":"2026-01-10T22:53:10","slug":"el-plan-secreto-y-gastronomico-de-david-broncano-y-silvia-alonso-en-avila-han-estado-muy-tranquilos","status":"publish","type":"post","link":"https:\/\/www.europesays.com\/es\/333999\/","title":{"rendered":"El plan secreto y gastron\u00f3mico de David Broncano y Silvia Alonso en \u00c1vila: \u00abHan estado muy tranquilos\u00bb"},"content":{"rendered":"\n<p>  10\/01\/2026 &#8211; 18:08  Actualizado: 10\/01\/2026 &#8211; 18:08   <\/p>\n<p> Es muy dif\u00edcil pillar a <strong>David Broncano<\/strong> y <strong>Silvia Alonso<\/strong> en un plan rom\u00e1ntico que no est\u00e9 <a href=\"https:\/\/www.vanitatis.elconfidencial.com\/famosos\/2023-04-30\/mutua-madrid-opne-tenis-famosos_3620769\/\" target=\"_blank\" rel=\"nofollow noopener\">relacionado con el tenis<\/a>. La pareja prefiere <strong>vivir su amor fuera de los focos<\/strong>, las alfombras rojas o los posados calculados. Sin embargo, la pareja ha elegido <strong>\u00c1vila<\/strong> para disfrutar de una comida tranquila en <strong>Barro<\/strong>, el restaurante del chef <strong>Carlos Casillas<\/strong>, con el que <strong>Vanitatis<\/strong> se ha puesto en contacto. <\/p>\n<p> Es una de las direcciones gastron\u00f3micas m\u00e1s comentadas del momento y, tambi\u00e9n, uno de esos lugares donde <strong>la discreci\u00f3n es casi parte del men\u00fa<\/strong>. Lejos del ruido de Madrid y de la agenda medi\u00e1tica que acompa\u00f1a a ambos, el presentador de &#8216;La Revuelta&#8217; y la actriz han apostado por el <strong>producto de temporada<\/strong> y una velada sin alardes, pero cargada de buena gastronom\u00eda. <\/p>\n<p> Seg\u00fan confirma el propio Casillas a Vanitatis, Broncano y Alonso acudieron a comer al restaurante y optaron por <strong>el men\u00fa que Barro ofrece actualmente<\/strong>. \u00abHan estado tranquilos. Son d\u00edas calmados para nosotros, despu\u00e9s de Navidades es una buena fecha para que la gente venga a visitarnos\u00bb, explica el chef, que a penas pudo atenderlos personalmente debido a que el equipo se encuentra inmerso en el <strong>desarrollo de nuevos platos<\/strong>. Aun as\u00ed, <strong>el ambiente fue relajado<\/strong>, <strong>sin atenciones especiales <\/strong>ni pretensi\u00f3n alguna de protagonismo, y eso que son \u00abamigos de amigos\u00bb. <\/p>\n<p>                Silvia Alonso y Broncano, en Barro junto al chef Carlos Casillas. (Instagram)            <\/p>\n<p> Ubicado en un antiguo almac\u00e9n de trigo y harina, <strong>Barro ha construido su identidad alrededor del mundo del cereal<\/strong> y del producto de temporada. En estos momentos, <strong>el men\u00fa gira en torno a ingredientes invernales<\/strong> como el <strong>guisante<\/strong> o la <strong>trufa<\/strong>, en su punto \u00f3ptimo. \u00abTrabajamos mucho el equilibrio y la narrativa de lo que observamos a diario\u00bb, detalla Casillas, cuya propuesta se articula en un \u00fanico men\u00fa degustaci\u00f3n de 15 pases, con la posibilidad de a\u00f1adir platos extra al llegar a la mesa. <\/p>\n<p> La <strong>filosof\u00eda del restaurante<\/strong>, tal y como recoge su propia web, entiende <strong>la alimentaci\u00f3n como un ritual cotidiano<\/strong>, casi dom\u00e9stico, donde <a href=\"https:\/\/www.vanitatis.elconfidencial.com\/estilo\/ocio\/2024-11-24\/martin-berasategui-calena_4007454\/\" target=\"_blank\" rel=\"nofollow noopener\">el comensal es recibido \u00abcomo en casa\u00bb<\/a>. Un concepto que encaja a la perfecci\u00f3n con la manera que Broncano y Alonso tienen de vivir su relaci\u00f3n: sin grandes exhibiciones p\u00fablicas, pero con planes cuidados y compartidos. <\/p>\n<p>            Carlos Casillas, el chef que conquist\u00f3 Michelin a los 24           <\/p>\n<p> El nombre de Carlos Casillas no es casual en esta historia. El joven cocinero fue uno de los protagonistas de <a href=\"https:\/\/www.vanitatis.elconfidencial.com\/estilo\/ocio\/2025-11-03\/next-vanitatis_4232382\/\" target=\"_blank\" rel=\"nofollow noopener\">Next VA, el proyecto de Vanitatis<\/a> que puso el foco en una <strong>nueva generaci\u00f3n de talentos<\/strong>. Con solo 24 a\u00f1os logr\u00f3 su primera <strong>Estrella Michelin<\/strong>, convirti\u00e9ndose en <strong>el cocinero m\u00e1s joven de Espa\u00f1a en conseguirla<\/strong>. En 2025 fue reconocido como <strong>Chef Revelaci\u00f3n Michelin<\/strong> y suma tambi\u00e9n un <strong>Sol Repsol<\/strong>. <\/p>\n<blockquote class=\"instagram-media\" data-instgrm-captioned=\"\" data-instgrm-permalink=\"https:\/\/www.instagram.com\/p\/DNGg6wVIIsE\/?utm_source=ig_embed&amp;utm_campaign=loading\" data-instgrm-version=\"14\" style=\" background:#FFF; border:0; border-radius:3px; box-shadow:0 0 1px 0 rgba(0,0,0,0.5),0 1px 10px 0 rgba(0,0,0,0.15); margin: 1px; max-width:540px; min-width:326px; padding:0; width:99.375%; width:-webkit-calc(100% - 2px); width:calc(100% - 2px);\"\/>\n<p> Formado en el <strong>Basque Culinary Center<\/strong> y bajo la tutela de <strong>Ferran Adri\u00e0<\/strong> en <strong>El Bulli Foundation<\/strong>, Casillas ha reivindicado siempre <strong>una cocina comprometida<\/strong>, <strong>local y anal\u00f3gica<\/strong>, en contraposici\u00f3n a la inmediatez digital. Un discurso coherente con un restaurante que huye del espect\u00e1culo para centrarse en la experiencia. <\/p>\n<p> La elecci\u00f3n de \u00c1vila no es casual para la pareja. Tal y como adelant\u00f3 Vanitatis, <a href=\"https:\/\/www.vanitatis.elconfidencial.com\/famosos\/2025-10-01\/david-broncano-silvia-alonso-invierten-juntos-propiedades-avila_4218123\/\" target=\"_blank\" rel=\"nofollow noopener\">David Broncano y Silvia Alonso adquirieron a finales de 2025 una vivienda unifamiliar<\/a> en esta zona, la <strong>tercera propiedad <\/strong>que compran en el sur de la provincia en apenas un a\u00f1o. Una casa de m\u00e1s de 300 metros cuadrados construidos, rodeada de un terreno de 4.500 m\u00b2, que confirma su <strong>apuesta por una vida m\u00e1s pausada<\/strong>, alejada del centro de Madrid. <\/p>\n<p>            Una historia de amor cocinada a fuego lento           <\/p>\n<p> La relaci\u00f3n entre Broncano y Alonso se ha construido desde la <strong>discreci\u00f3n<\/strong>. Aunque fueron fotografiados juntos por primera vez en 2021, su historia comenz\u00f3 antes, en una excursi\u00f3n campestre organizada por amigos comunes. Despu\u00e9s llegaron las visitas de la actriz a &#8216;La Resistencia&#8217;, <strong>la qu\u00edmica evidente en pantalla<\/strong> y los primeros planes compartidos: esqu\u00ed, conciertos, tenis y escapadas sin publicidad. <\/p>\n<p> No fue hasta marzo de 2023 cuando <strong>decidieron oficializar su relaci\u00f3n en el propio programa<\/strong>, con una naturalidad que conquist\u00f3 al p\u00fablico. Desde entonces, han mantenido esa misma l\u00ednea: <strong>complicidad<\/strong>, humor y una intimidad muy protegida. <\/p>\n<p> Es muy dif\u00edcil pillar a <strong>David Broncano<\/strong> y <strong>Silvia Alonso<\/strong> en un plan rom\u00e1ntico que no est\u00e9 <a href=\"https:\/\/www.vanitatis.elconfidencial.com\/famosos\/2023-04-30\/mutua-madrid-opne-tenis-famosos_3620769\/\" target=\"_blank\" rel=\"nofollow noopener\">relacionado con el tenis<\/a>. La pareja prefiere <strong>vivir su amor fuera de los focos<\/strong>, las alfombras rojas o los posados calculados. Sin embargo, la pareja ha elegido <strong>\u00c1vila<\/strong> para disfrutar de una comida tranquila en <strong>Barro<\/strong>, el restaurante del chef <strong>Carlos Casillas<\/strong>, con el que <strong>Vanitatis<\/strong> se ha puesto en contacto. <\/p>\n<p>              <script async src=\"\/\/www.instagram.com\/embed.js\"><\/script><\/p>\n","protected":false},"excerpt":{"rendered":"10\/01\/2026 &#8211; 18:08 Actualizado: 10\/01\/2026 &#8211; 18:08 Es muy dif\u00edcil pillar a David Broncano y Silvia Alonso en&hellip;\n","protected":false},"author":2,"featured_media":334000,"comment_status":"","ping_status":"","sticky":false,"template":"","format":"standard","meta":{"footnotes":""},"categories":[174],"tags":[255,146,147,25,24,256,23],"class_list":{"0":"post-333999","1":"post","2":"type-post","3":"status-publish","4":"format-standard","5":"has-post-thumbnail","7":"category-famosos","8":"tag-celebrities","9":"tag-entertainment","10":"tag-entretenimiento","11":"tag-es","12":"tag-espana","13":"tag-famosos","14":"tag-spain"},"share_on_mastodon":{"url":"https:\/\/pubeurope.com\/@es\/115873264581603748","error":""},"_links":{"self":[{"href":"https:\/\/www.europesays.com\/es\/wp-json\/wp\/v2\/posts\/333999","targetHints":{"allow":["GET"]}}],"collection":[{"href":"https:\/\/www.europesays.com\/es\/wp-json\/wp\/v2\/posts"}],"about":[{"href":"https:\/\/www.europesays.com\/es\/wp-json\/wp\/v2\/types\/post"}],"author":[{"embeddable":true,"href":"https:\/\/www.europesays.com\/es\/wp-json\/wp\/v2\/users\/2"}],"replies":[{"embeddable":true,"href":"https:\/\/www.europesays.com\/es\/wp-json\/wp\/v2\/comments?post=333999"}],"version-history":[{"count":0,"href":"https:\/\/www.europesays.com\/es\/wp-json\/wp\/v2\/posts\/333999\/revisions"}],"wp:featuredmedia":[{"embeddable":true,"href":"https:\/\/www.europesays.com\/es\/wp-json\/wp\/v2\/media\/334000"}],"wp:attachment":[{"href":"https:\/\/www.europesays.com\/es\/wp-json\/wp\/v2\/media?parent=333999"}],"wp:term":[{"taxonomy":"category","embeddable":true,"href":"https:\/\/www.europesays.com\/es\/wp-json\/wp\/v2\/categories?post=333999"},{"taxonomy":"post_tag","embeddable":true,"href":"https:\/\/www.europesays.com\/es\/wp-json\/wp\/v2\/tags?post=333999"}],"curies":[{"name":"wp","href":"https:\/\/api.w.org\/{rel}","templated":true}]}}