{"id":334003,"date":"2026-01-10T22:58:15","date_gmt":"2026-01-10T22:58:15","guid":{"rendered":"https:\/\/www.europesays.com\/es\/334003\/"},"modified":"2026-01-10T22:58:15","modified_gmt":"2026-01-10T22:58:15","slug":"alquilarias-una-familia-para-ser-feliz-la-insolita-historia-de-ser-feliz-fingiendo-y-otros-estrenos-libertad-digital","status":"publish","type":"post","link":"https:\/\/www.europesays.com\/es\/334003\/","title":{"rendered":"\u00bfAlquilar\u00edas una familia para ser feliz? La ins\u00f3lita historia de ser feliz fingiendo y otros estrenos &#8211; Libertad Digital"},"content":{"rendered":"<p>Las m\u00e1s de 1.200 salas de cine que sigue ocupando Avatar: Fuego y Ceniza hace que los nuevos <strong>estrenos lleguen con cuentagotas<\/strong>. Esta semana se estrenan <strong>5 t\u00edtulos<\/strong> entre los que encontramos muy <strong>buenas opciones, opciones correctas y alguna pel\u00edcula mala<\/strong>. Los repasamos todos.<\/p>\n<p>Alquilar familiares<\/p>\n<p><strong>Jap\u00f3n<\/strong> es un pa\u00eds del que salen noticias de lo m\u00e1s curiosas, como las empresas que se dedican a alquilar familiares o amigos. La directora de <strong>Rental family (Familia de alquiler)<\/strong> ha encontrado la inspiraci\u00f3n para su pel\u00edcula en las m\u00e1s de 300 empresas que se dedican a ello.<\/p>\n<p>Rental family nos sit\u00faa en Tokio donde vive un actor norteamericano solitario y deprimido (<strong>Brendan Fraser<\/strong>). En el pa\u00eds asi\u00e1tico vivi\u00f3 su minuto de gloria como h\u00e9roe en un anuncio publicitario de una marca de pasta de dientes. Su carrera est\u00e1 ahora totalmente estancada y su representante le encuentra un nuevo trabajo en una empresa japonesa especializada en \u00abfamilias de alquiler\u00bb. Los clientes de estas empresas <strong>contratan una \u00abnovia\u00bb que presentar a sus padres<\/strong>, una \u00abmadre\u00bb que lo lleve al altar el d\u00eda de su boda, \u00abamigos\u00bb para dar una fiesta e impresionar a alguien&#8230;<\/p>\n<p>El personaje de Fraser comienza con su labor es encarnar diversos <strong>roles de suplente en la vida de otras personas<\/strong>. El trabajo de un actor es fingir y que parezca real, sin embargo muchas veces los sentimientos ante lo que est\u00e1n viviendo-interpretando son inevitables. As\u00ed Rental Family se centrar\u00e1 en dos casos que tocan el coraz\u00f3n de nuestro protagonista: el de hacer de fan de un actor ya retirado y el m\u00e1s especial, <strong>fingir ser el padre de una ni\u00f1a hija de una madre soltera<\/strong>.<\/p>\n<p><strong>Rental family<\/strong> es una buena pel\u00edcula que habla, <strong>combinando muy inteligentemente comedia y drama<\/strong>, de las relaciones humanas y sus complejidades, de c\u00f3mo a veces nos autoenga\u00f1amos o de c\u00f3mo la felicidad se puede encontrar en el momento y lugar m\u00e1s insospechado.<\/p>\n<blockquote>\n<p>T\u00edtulo original: Rental Family<br \/>G\u00e9nero: Drama, Comedia<br \/>Pa\u00eds: Jap\u00f3n<br \/>A\u00f1o: 2025<br \/>Duraci\u00f3n: 103 minutos<br \/>Direcci\u00f3n: Hikari<br \/>Reparto: Brendan Fraser (Phillip Vandarpleog), Takehiro Hira (Shinji Tada), Akira Emoto (Kikuo Hasegawa), Mari Yamamoto (Aiko Nakajima), Shannon Gorman (Mia Kawasaki)<br \/>Fecha de estreno en Espa\u00f1a: 16 de enero de 2026<br \/>Distribuidora: Disney<\/p>\n<\/blockquote>\n<p><a class=\"fancybox\" href=\"https:\/\/s1.staticld.com\/2026\/01\/07\/rental-family.jpg\" rel=\"nofollow noreferrer noopener\" target=\"_blank\"><img class=\"l\" data-  style=\"aspect-ratio: 2560 \/ 1707\" alt=\"rental-family.jpg\"\/><\/a><\/p>\n<p>&#8216;Rental family (Familia de alquiler).&#8217;<\/p>\n<p>La pel\u00edcula con la que es imposible no cantar<\/p>\n<p>El siguiente t\u00edtulo, <strong>Song Sung Blue. Canci\u00f3n para dos<\/strong>, est\u00e1 basado en la <strong>historia real <\/strong>de una pareja, Lightning and Thunder, que crearon una banda para <strong>rendir tributo a Neil Diamond.<\/strong> Ya adelantamos que ser\u00e1 imposible que no muevas los pies en la butaca al son de Sweet Caroline.<\/p>\n<p>A este matrimonio de Milwaukee les sorprende un \u00e9xito inesperado en los escenarios. Pero nada es perfecto, <strong>conforme aumenta su popularidad <\/strong>tambi\u00e9n lo hacen las <strong>tensiones personales<\/strong> que pondr\u00e1n a prueba su amor.<\/p>\n<blockquote>\n<p>T\u00edtulo original: Song Sung Blue<br \/>G\u00e9nero: Drama, Musical<br \/>Pa\u00eds: Estados Unidos<br \/>A\u00f1o: 2025<br \/>Duraci\u00f3n: 131 minutos<br \/>Direcci\u00f3n: Craig Brewer<br \/>Reparto: Kate Hudson (Claire Sardina), Hugh Jackman (Mike Sardina), Michael Imperioli (Mike Shurilla), Fisher Stevens (Dave Watson), Jim Belushi (Tom D&#8217;Amato), Ella Anderson (Rachel), King Princess (Angelina), Mustafa Shakir (Sex Machine), Jayson Warner Smith<br \/>Fecha de estreno en Espa\u00f1a: 9 de enero de 2026<br \/>Distribuidora: Universal Pictures<\/p>\n<\/blockquote>\n<p><a class=\"fancybox\" href=\"https:\/\/s1.staticld.com\/2026\/01\/09\/song-sung-blue.jpg\" rel=\"nofollow noreferrer noopener\" target=\"_blank\"><img class=\"l\" data-  style=\"aspect-ratio: 2560 \/ 1707\" alt=\"song-sung-blue.jpg\"\/><\/a><\/p>\n<p>&#8216;Song sung blue. Canci\u00f3n para dos.&#8217;<\/p>\n<p>Homenaje a Godard<\/p>\n<p><strong>Richard Linklater<\/strong> homenajea a <strong>Jean-Luc Godard <\/strong>con su \u00faltima pel\u00edcula, <strong>Nouvelle Vague<\/strong>. Linklater cuenta de una forma muy personal c\u00f3mo fue el rodaje de la \u00f3pera prima de Godard, <strong>Al final de la escapada<\/strong>. A trav\u00e9s del blanco y negro la pel\u00edcula constituye un canto de amor al cine. La pel\u00edcula llega a los cines tras pasar por Cannes y San Sebasti\u00e1n y conseguir <strong>nominaci\u00f3n en los Globos de Oro<\/strong>.<\/p>\n<blockquote>\n<p>T\u00edtulo original: Nouvelle Vague<br \/>G\u00e9nero: Biopic, Comedia, Drama<br \/>Pa\u00eds: Francia<br \/>A\u00f1o: 2026<br \/>Duraci\u00f3n: 106 minutos<br \/>Direcci\u00f3n: Richard Linklater<br \/>Reparto: Guillaume Marbeck, Zoey Deutch, Aubry Dullin<br \/>Fecha de estreno en Espa\u00f1a: 9 de enero de 2026<br \/>Distribuidora: El\u00e1stica Films<\/p>\n<\/blockquote>\n<p><a class=\"fancybox\" href=\"https:\/\/s1.staticld.com\/2026\/01\/09\/nouvelle-vague-still-3.jpg\" rel=\"nofollow noreferrer noopener\" target=\"_blank\"><img class=\"l\" data-  style=\"aspect-ratio: 3 \/ 2\" alt=\"nouvelle-vague-still-3.jpg\"\/><\/a><\/p>\n<p>&#8216;Nouvelle Vague.&#8217;<\/p>\n<p>Debut fallido en la direcci\u00f3n<\/p>\n<p><strong>Kristen Stewart<\/strong>, muy popular gracias a la saga Crep\u00fasculo, debuta en la direcci\u00f3n con <strong>La cronolog\u00eda del agua. <\/strong>Stewart cuenta la historia de<strong> Lidia Yuknavitch<\/strong>, una de las escritoras feministas m\u00e1s influyentes, que no tuvo una infancia y juventud f\u00e1cil, el dolor y la adicci\u00f3n estuvieron muy presentes. Entretanto, descubr\u00eda <strong>su sexualidad <\/strong>y se enfrentaba al <strong>estigma de sentirse atra\u00edda por hombres y mujeres.<\/strong><\/p>\n<blockquote>\n<p>T\u00edtulo original: The chronology of water<br \/>G\u00e9nero: Drama &#8211; Rom\u00e1ntica &#8211; Biopic<br \/>Pa\u00eds: Francia &#8211; Estados Unidos<br \/>A\u00f1o: 2025<br \/>Duraci\u00f3n: 128 minutos<br \/>Director: Kristen Stewart<br \/>Reparto: Imogen Poots, Thora Birch, Jim Belushi, Tom Sturridge, Charlie Carrick<br \/>Distribuidora: Sideral Cinema<br \/>Fecha de estreno en Espa\u00f1a: 9 de enero de 2026<\/p>\n<\/blockquote>\n<p><a class=\"fancybox\" href=\"https:\/\/s1.staticld.com\/2026\/01\/09\/cronologia-del-agua.jpg\" rel=\"nofollow noreferrer noopener\" target=\"_blank\"><img class=\"l\" data-  style=\"aspect-ratio: 16 \/ 9\" alt=\"cronologia-del-agua.jpg\"\/><\/a><\/p>\n<p>&#8216;Sideral Films.&#8217;<\/p>\n<p>Animaci\u00f3n navide\u00f1a&#8230; a 9 de enero<\/p>\n<p>La \u00faltima opci\u00f3n para ir al cine es<strong> Misi\u00f3n Santa: Yoyo al rescate<\/strong>. Para los que no quieran dar la Navidad por terminada, tienen la opci\u00f3n con esta historia animada sobre c\u00f3mo el taller de Pap\u00e1 Noel se ha modernizado tanto que ha perdido su encanto. Un nuevo elfo, Yoyo, llega muy ilusionado a su primer d\u00eda de trabajo, pero pronto todo empeora cuando un hacker se hace con el control del Polo Norte y pone la Navidad al l\u00edmite, mientras Santa est\u00e1 desaparecido.<\/p>\n<p>    Relacionado<\/p>\n<p><strong>Pincha el audio <\/strong>para descubrir, sin spoilers, todos los detalles y saber cu\u00e1l merece m\u00e1s la pena pagar en taquilla.<\/p>\n","protected":false},"excerpt":{"rendered":"Las m\u00e1s de 1.200 salas de cine que sigue ocupando Avatar: Fuego y Ceniza hace que los nuevos&hellip;\n","protected":false},"author":2,"featured_media":334004,"comment_status":"","ping_status":"","sticky":false,"template":"","format":"standard","meta":{"footnotes":""},"categories":[169],"tags":[64424,177,146,147,25,24,176,35120,74323,59231,76690,76691,76692,175,74879,65546,76689,40700,3889,76686,23],"class_list":{"0":"post-334003","1":"post","2":"type-post","3":"status-publish","4":"format-standard","5":"has-post-thumbnail","7":"category-cine","8":"tag-brendan-fraser","9":"tag-cine","10":"tag-entertainment","11":"tag-entretenimiento","12":"tag-es","13":"tag-espana","14":"tag-film","15":"tag-hugh-jackman","16":"tag-jean-luc-godard","17":"tag-kristen-stewart","18":"tag-la-cronologia-del-agua","19":"tag-lidia-yuknavitch","20":"tag-mision-santa-yoyo-al-rescate","21":"tag-movies","22":"tag-neil-diamond","23":"tag-papa-noel","24":"tag-rental-family","25":"tag-richard-linklater","26":"tag-sector-del-cine","27":"tag-song-sung-blue","28":"tag-spain"},"share_on_mastodon":{"url":"https:\/\/pubeurope.com\/@es\/115873284346657924","error":""},"_links":{"self":[{"href":"https:\/\/www.europesays.com\/es\/wp-json\/wp\/v2\/posts\/334003","targetHints":{"allow":["GET"]}}],"collection":[{"href":"https:\/\/www.europesays.com\/es\/wp-json\/wp\/v2\/posts"}],"about":[{"href":"https:\/\/www.europesays.com\/es\/wp-json\/wp\/v2\/types\/post"}],"author":[{"embeddable":true,"href":"https:\/\/www.europesays.com\/es\/wp-json\/wp\/v2\/users\/2"}],"replies":[{"embeddable":true,"href":"https:\/\/www.europesays.com\/es\/wp-json\/wp\/v2\/comments?post=334003"}],"version-history":[{"count":0,"href":"https:\/\/www.europesays.com\/es\/wp-json\/wp\/v2\/posts\/334003\/revisions"}],"wp:featuredmedia":[{"embeddable":true,"href":"https:\/\/www.europesays.com\/es\/wp-json\/wp\/v2\/media\/334004"}],"wp:attachment":[{"href":"https:\/\/www.europesays.com\/es\/wp-json\/wp\/v2\/media?parent=334003"}],"wp:term":[{"taxonomy":"category","embeddable":true,"href":"https:\/\/www.europesays.com\/es\/wp-json\/wp\/v2\/categories?post=334003"},{"taxonomy":"post_tag","embeddable":true,"href":"https:\/\/www.europesays.com\/es\/wp-json\/wp\/v2\/tags?post=334003"}],"curies":[{"name":"wp","href":"https:\/\/api.w.org\/{rel}","templated":true}]}}