{"id":334005,"date":"2026-01-10T22:59:14","date_gmt":"2026-01-10T22:59:14","guid":{"rendered":"https:\/\/www.europesays.com\/es\/334005\/"},"modified":"2026-01-10T22:59:14","modified_gmt":"2026-01-10T22:59:14","slug":"el-1x1-del-empate-del-depor-en-las-palmas-la-voz-de-galicia","status":"publish","type":"post","link":"https:\/\/www.europesays.com\/es\/334005\/","title":{"rendered":"El \u00ab1&#215;1\u00bb del empate del D\u00e9por en Las Palmas &#8211; La Voz de Galicia"},"content":{"rendered":"<ol>\n<li><a href=\"https:\/\/news.google.com\/rss\/articles\/CBMitAFBVV95cUxQa0VrdVJIdXVIM3FFM0o4dU9uS2tlUzkwMWlLNThfaFJhWWM1U3ZfcEVnOHQ5ckpQWTVtbmhRT0VuVHRCdTBkRl85bERrY0NTVWtTamlJOVJnLXlSTk1NS2ZROEdfUDZBOE94cHZhTzIxVFlOLTN2eVZpWU5jODBzbTBxQmd6ektVZXZhbnN0b1J0RklOZE00NmJtS3ZvWU5ib2p5STVPblRHajNmUDhFS2JrMEjSAdABQVVfeXFMTjFnQ1U4QXBrR0VkaWlTSHFxR0FSVGhrLUNOZUtyeDV3UnhDcFBmT3AtRjN2dUhsUExhY3RqNjk4aTBhSUFDWnZNUTg2a3ZzTzFING1lVXRVYWh0Z0JHbklGRFotbUFHdU9icTNtb0JrYm90bm1WR05uMk5uQ2U4TWM3UElQRUQtRzc3RWVNQ0hOYUtfellzMElmQ2pQeldfczRtbU5DNkZnLXBZeGsyT0lrTlp5dG45Zk1CWFp5eUJwcTJMbjMwWHFyZGZxQWY4ZA?oc=5\" target=\"_blank\" rel=\"nofollow noopener\">El \u00ab1&#215;1\u00bb del empate del D\u00e9por en Las Palmas<\/a>&nbsp;&nbsp;La Voz de Galicia<\/li>\n<li><a href=\"https:\/\/news.google.com\/rss\/articles\/CBMixAFBVV95cUxOME83c0RwcmNudk9qOG14YllaN2Q0Q2ZzR2t4M3ZnZ3ZtVXhhRzlLdlVQLUlsRFpGVzBvVTctbko3YTRWNmJ4UEw5SHR2bmpwVWlzTFo5LVVzY18tREhFTU8tcm9PQXFqeWFHckIxbVdiZGs1S3hUT1dzdVljMGczZy1pWnNSbVg3SEtmZnk5eE1pQ2J0N3hEdFA2NnIxYXBhZmJzdXBzTEhCSmd2a0pXTVc3N3hjMFdKcVE4YWpjeldzcDV0?oc=5\" target=\"_blank\" rel=\"nofollow noopener\">UD Las Palmas &#8211; Deportivo de La Coru\u00f1a: partido, goles y resultado, en directo<\/a>&nbsp;&nbsp;Canarias7<\/li>\n<li><a href=\"https:\/\/news.google.com\/rss\/articles\/CBMikAJBVV95cUxOT2ZKS0t4MnNEUW1hVklITnVkcG1tb3hpZW9rbmR6UmY2TnBvRF96Nmh6Tk5nbDhrR2tUc0lra1ZQY1B5RGIxSWVTTTd5VERNbUFOMHRqVlJwdEExb20tLWRHY3Bpa19LMUpKR0tPRmx4dUZOWno2WnBaTWdXSmdBRFlsYWNQdXVnY0w3eUlGOTU1RmVDMUZKRG9pRWRxTXB0OC1WN2dsWi1zbWtmcjcwa2RudG50RUw3MHg1aXFnbTVUMzFSZXZ4QkIyWmVVdlc4cGhwaWFPNGJONEdtS3JiY2JiQUlseFNYYVJXemk5d1E1SWlid2ZOMmNiWGlpRnNzUkJYV2UwUEFHazVuUGcwcg?oc=5\" target=\"_blank\" rel=\"nofollow noopener\">El D\u00e9por, con \u00absuficientes ocasiones para llevarnos algo m\u00e1s\u00bb, suma un punto en el Estadio Gran Canaria, \u00abuno de los campos m\u00e1s dif\u00edciles de la categor\u00eda\u00bb<\/a>&nbsp;&nbsp;Deportivo de La Coru\u00f1a<\/li>\n<li><a href=\"https:\/\/news.google.com\/rss\/articles\/CBMisgFBVV95cUxPYTc2R3lKejBGelZlVmV4dVZDVmwyaW1RMjdjNkM2NnNqZ3JOT1p2aFZXRTVxa2wyV0NJbWRTYVV6clYtd01ZblNfb3FWNFVuQ1h3QmZaTjFESm1qVEl0WjNvV0VTM1prVUliREgyZVRFQ0ZZdFFEY1FzN2NDOW5qUjNDY2hZQ2s1WVViM2phb3BhZEhKT1BhVHhXeVQ2azd1ZEZ2Z2VTRE9QLTF5a21YdkJ30gGyAUFVX3lxTE1PRXdvMDMzY1JyOF81N3Q3bjdnaFBVY0YxdGRJM0NZc0FXM0hrVGZkdzRpeVZISW4yQTBiemN6UUgzRm9qcDZRcWRWQnhSV0s0VmxIT0tFTFhmSlBUcFRVX3VXSkIydFI4V0RpRThSVHBtWE9jMHJiU0hlVUM2bVNFX1ZlQ0YzNjdFU3VUX1BHaV9mSno5SjZNUEV6d095VXZyV1VXRlRzNDRzMVNiclJGRVE?oc=5\" target=\"_blank\" rel=\"nofollow noopener\">Las Palmas y D\u00e9por empatan en un partido con aroma a Primera<\/a>&nbsp;&nbsp;MARCA<\/li>\n<li><a href=\"https:\/\/news.google.com\/rss\/articles\/CBMiyAFBVV95cUxQNGV6X2dvZ2FIYThKRExzcW9PVTAyaVRjZ24tbmdwRk1INmdkdWt4VDV4RmhiQ2lQOXhVYnZWaDdKVUx6VXBsNS03WnNPNXJPMVlHcTh4czM3dThybWtvdExjOVF6ZXNqSEdia0Z2dllfSFNRZjlVUjROTzVfbTA0YjVsdHNrMDlKNXotaURtUUc2RUlrZkN1Q2k5RmtLZnN1WGEyeElDTXB1Y21YaXpZV1N0UjhHbnJsb2oydEhtUTBFYU5wUkF1LdIB5AFBVV95cUxQbDR3bnE4OVVVaG9ULUwzQTljaF8xemJMTkhQMkloS2xQd1h2eEVnWFREclRrLXNiQW5Uc09OczBYR1JzekI1VnM2ODhGXzRYZV9QY1NjeGpUYWZ4ZVQ0eXVHY2trTjZzU2Yxb0pvcFlLQXVZaEpvWW9KUTlvbG9lQktKVGRPVV9VSTlITi1wNUpxWElKTG9vZEljUGRoT1ZzS3Nub3ltN1VRY1h1TTI3d2dEbnZzdDEyNFhVclpGWlY2QTJLVkVweUpNR1JJLUk2UFJ3VWZuWUdOZU01ZHdVVTBPcm0?oc=5\" target=\"_blank\" rel=\"nofollow noopener\">El Deportivo crece y suma un empate en Las Palmas (1-1)<\/a>&nbsp;&nbsp;La Voz de Galicia<\/li>\n<\/ol>\n","protected":false},"excerpt":{"rendered":"El \u00ab1&#215;1\u00bb del empate del D\u00e9por en Las Palmas&nbsp;&nbsp;La Voz de Galicia UD Las Palmas &#8211; Deportivo de&hellip;\n","protected":false},"author":2,"featured_media":334006,"comment_status":"","ping_status":"","sticky":false,"template":"","format":"standard","meta":{"footnotes":""},"categories":[93],"tags":[168,412,25,24,23,167],"class_list":{"0":"post-334005","1":"post","2":"type-post","3":"status-publish","4":"format-standard","5":"has-post-thumbnail","7":"category-deportes","8":"tag-deportes","9":"tag-deportivo","10":"tag-es","11":"tag-espana","12":"tag-spain","13":"tag-sports"},"share_on_mastodon":{"url":"https:\/\/pubeurope.com\/@es\/115873288586624805","error":""},"_links":{"self":[{"href":"https:\/\/www.europesays.com\/es\/wp-json\/wp\/v2\/posts\/334005","targetHints":{"allow":["GET"]}}],"collection":[{"href":"https:\/\/www.europesays.com\/es\/wp-json\/wp\/v2\/posts"}],"about":[{"href":"https:\/\/www.europesays.com\/es\/wp-json\/wp\/v2\/types\/post"}],"author":[{"embeddable":true,"href":"https:\/\/www.europesays.com\/es\/wp-json\/wp\/v2\/users\/2"}],"replies":[{"embeddable":true,"href":"https:\/\/www.europesays.com\/es\/wp-json\/wp\/v2\/comments?post=334005"}],"version-history":[{"count":0,"href":"https:\/\/www.europesays.com\/es\/wp-json\/wp\/v2\/posts\/334005\/revisions"}],"wp:featuredmedia":[{"embeddable":true,"href":"https:\/\/www.europesays.com\/es\/wp-json\/wp\/v2\/media\/334006"}],"wp:attachment":[{"href":"https:\/\/www.europesays.com\/es\/wp-json\/wp\/v2\/media?parent=334005"}],"wp:term":[{"taxonomy":"category","embeddable":true,"href":"https:\/\/www.europesays.com\/es\/wp-json\/wp\/v2\/categories?post=334005"},{"taxonomy":"post_tag","embeddable":true,"href":"https:\/\/www.europesays.com\/es\/wp-json\/wp\/v2\/tags?post=334005"}],"curies":[{"name":"wp","href":"https:\/\/api.w.org\/{rel}","templated":true}]}}