{"id":334021,"date":"2026-01-10T23:11:13","date_gmt":"2026-01-10T23:11:13","guid":{"rendered":"https:\/\/www.europesays.com\/es\/334021\/"},"modified":"2026-01-10T23:11:13","modified_gmt":"2026-01-10T23:11:13","slug":"la-ex-jugadora-que-apunto-duramente-contra-kyrgios-es-un-tipo-detestable-es-de-lo-peor","status":"publish","type":"post","link":"https:\/\/www.europesays.com\/es\/334021\/","title":{"rendered":"La ex jugadora que apunt\u00f3 duramente contra Kyrgios: \u00abEs un tipo detestable, es de lo peor\u00bb"},"content":{"rendered":"<p>Desde su irrupci\u00f3n en el circuito profesional hasta la actualidad, <strong><a href=\"https:\/\/www.espn.com.co\/tenis\/nota\/_\/id\/16160487\/los-australianos-se-quedan-sin-el-idolo-pero-con-la-promesa-de-2027-nos-vemos-alli-nick-kyrgios\" rel=\"nofollow noopener\" target=\"_blank\">Nick Kyrgios<\/a> es blanco de diferente tipo de opiniones por parte de figuras del mundo del tenis e incluso por seguidores de este deporte<\/strong>. Esto, debido a su forma de ser: controvertido y, muchas veces, pol\u00e9mico.<\/p>\n<p><img class=\" lazyload lazyload\" data-image-container=\".inline-photo\" height=\"320\" width=\"570\"\/>Kyrgios, nuevamente criticado.\u00a0EFE.<\/p>\n<p>En las \u00faltimas horas, <strong>Sarah Pitkowski<\/strong>, ex tenista francesa, quien lleg\u00f3 a ser la n\u00famero 29 del planeta a nivel WTA y ganadora de un t\u00edtulo, apunt\u00f3 duramente contra el australiano. En una entrevista exclusiva con el programa radial Les Grandes Gueules du Sport, de la cadena RMC, se refiri\u00f3 <a href=\"https:\/\/www.espn.com.co\/tenis\/nota\/_\/id\/16127341\/batalla-de-los-sexos-nick-kyrgios-se-quedo-con-el-desafio-ante-aryna-sabalenka-en-sets-corridos-resultado?referrer=scribe\" rel=\"nofollow noopener\" target=\"_blank\">al duelo que disput\u00f3 Kyrgios contra<strong> Aryna Sabalenka (1\u00b0)<\/strong> en la exhibici\u00f3n famosa como La Batalla de los Sexos<\/a>.<\/p>\n<p>\u00abEn este espect\u00e1culo creado<strong>, la actitud y el comportamiento de Nick Kyrgios fueron absolutamente detestables, \u00e9l es un tipo detestable, muy arrogante, es de lo peor.<\/strong> Le estaba haciendo m\u00e1s da\u00f1o al tenis masculino que Sabalenka al femenino, quien <strong>quiso jugar en serio contra un tipo pat\u00e9tico que solamente intent\u00f3 revivir su carrera cuando lo \u00fanico que hace es provocar a la gente<\/strong>\u00ab, comenz\u00f3 declarando Pitkowski.<\/p>\n<p>Relacionado<\/p>\n<p>2 Relacionado<\/p>\n<p>Luego, cerr\u00f3: \u00ab<strong>Si no quer\u00e9s jugar al tenis, \u00a1andate! Si te molesta, \u00a1quedate en Australia y dej\u00e1 este deporte! <\/strong>Jug\u00f3 de manera tan indiferente que incluso fue una falta de respeto hacia quienes pagaron dinero en este tipo de espect\u00e1culos. Ni siquiera entiendo c\u00f3mo pudieron elegirlo a \u00e9l para jugar\u00bb.<\/p>\n<p>Cabe recordar que en ese partido, con reglas cambiadas para intentar equiparar los niveles de velocidad, Nick logr\u00f3 la victoria ante la N\u00b01 por doble 6-3.<\/p>\n<p>Kyrgios, por lo pronto, comunic\u00f3 que no disputar\u00e1 el cuadro de singles en el <strong><a href=\"https:\/\/www.espn.com.co\/tenis\/nota\/_\/id\/16160365\/australian-open-2026-wawrinka-tendra-su-last-dance-y-kyrgios-se-quedo-con-las-ganas\" rel=\"nofollow noopener\" target=\"_blank\">Australian Open 2026<\/a><\/strong>, pero s\u00ed lo har\u00e1 en dobles, junto a su compatriota Thanasi Kokkanis, con quien se consagr\u00f3 campe\u00f3n en este mismo torneo, pero en 2022.<\/p>\n","protected":false},"excerpt":{"rendered":"Desde su irrupci\u00f3n en el circuito profesional hasta la actualidad, Nick Kyrgios es blanco de diferente tipo de&hellip;\n","protected":false},"author":2,"featured_media":334022,"comment_status":"","ping_status":"","sticky":false,"template":"","format":"standard","meta":{"footnotes":""},"categories":[274],"tags":[168,25,24,23,167,327,326],"class_list":{"0":"post-334021","1":"post","2":"type-post","3":"status-publish","4":"format-standard","5":"has-post-thumbnail","7":"category-tenis","8":"tag-deportes","9":"tag-es","10":"tag-espana","11":"tag-spain","12":"tag-sports","13":"tag-tenis","14":"tag-tennis"},"share_on_mastodon":{"url":"https:\/\/pubeurope.com\/@es\/115873335464688049","error":""},"_links":{"self":[{"href":"https:\/\/www.europesays.com\/es\/wp-json\/wp\/v2\/posts\/334021","targetHints":{"allow":["GET"]}}],"collection":[{"href":"https:\/\/www.europesays.com\/es\/wp-json\/wp\/v2\/posts"}],"about":[{"href":"https:\/\/www.europesays.com\/es\/wp-json\/wp\/v2\/types\/post"}],"author":[{"embeddable":true,"href":"https:\/\/www.europesays.com\/es\/wp-json\/wp\/v2\/users\/2"}],"replies":[{"embeddable":true,"href":"https:\/\/www.europesays.com\/es\/wp-json\/wp\/v2\/comments?post=334021"}],"version-history":[{"count":0,"href":"https:\/\/www.europesays.com\/es\/wp-json\/wp\/v2\/posts\/334021\/revisions"}],"wp:featuredmedia":[{"embeddable":true,"href":"https:\/\/www.europesays.com\/es\/wp-json\/wp\/v2\/media\/334022"}],"wp:attachment":[{"href":"https:\/\/www.europesays.com\/es\/wp-json\/wp\/v2\/media?parent=334021"}],"wp:term":[{"taxonomy":"category","embeddable":true,"href":"https:\/\/www.europesays.com\/es\/wp-json\/wp\/v2\/categories?post=334021"},{"taxonomy":"post_tag","embeddable":true,"href":"https:\/\/www.europesays.com\/es\/wp-json\/wp\/v2\/tags?post=334021"}],"curies":[{"name":"wp","href":"https:\/\/api.w.org\/{rel}","templated":true}]}}