{"id":334107,"date":"2026-01-11T00:33:07","date_gmt":"2026-01-11T00:33:07","guid":{"rendered":"https:\/\/www.europesays.com\/es\/334107\/"},"modified":"2026-01-11T00:33:07","modified_gmt":"2026-01-11T00:33:07","slug":"un-nuevo-registro-el-de-un-joven-en-china-que-pulveriza-el-anterior","status":"publish","type":"post","link":"https:\/\/www.europesays.com\/es\/334107\/","title":{"rendered":"un nuevo registro, el de un joven en China, que pulveriza el anterior"},"content":{"rendered":"<p data-mrf-recirculation=\"Links P\u00e1rrafos\" class=\"ue-c-article__paragraph paragraph ue-c-article--first-letter-highlighted\">El <strong>alzh\u00e9imer se ha relacionado siempre con edades avanzadas, pero<\/strong> en <strong>j\u00f3venes sonaba chocante<\/strong>. Ahora bien, hay <strong>casos realmente extraordinarios<\/strong> que se van superando y cada vez <strong>estableciendo un registro a edades m\u00e1s bajas<\/strong>.\u00a0<\/p>\n<p data-mrf-recirculation=\"Links P\u00e1rrafos\" class=\"ue-c-article__paragraph paragraph\">El\u00a0<strong>estudio <\/strong>publicado por cient\u00edficos de ese pa\u00eds en el<strong> Journal of Alzheimer&#8217;s Disease<\/strong> ha revelado que un <strong>adolescente chino de 19 a\u00f1os es la persona m\u00e1s joven<\/strong> a la que se le ha diagnosticado alzh\u00e9imer. Un dato que preocupa.<\/p>\n<p data-mrf-recirculation=\"Links P\u00e1rrafos\" class=\"ue-c-article__paragraph paragraph\">De hecho, <strong>este paciente asi\u00e1tico\u00a0empez\u00f3 a experimentar cierto deterioro de la memoria a los 17 a\u00f1os <\/strong>y a menudo olvidaba lo que hab\u00eda hecho el d\u00eda anterior y siempre se olvidaba de sus pertenencias. Ahora bien, antes de que le fuera diagnosticada esta enfermedad, el joven asisti\u00f3 a una cl\u00ednica de atenci\u00f3n de la memoria durante un a\u00f1o.<strong>\u00a0\u00abAunque la edad de inicio de la enfermedad en el paciente es muy temprana, cumpli\u00f3 con los criterios de diagn\u00f3stico para una probable demencia por EA, seg\u00fan los criterios de diagn\u00f3stico del Instituto Nacional sobre el Envejecimiento-Asociaci\u00f3n de Alzh\u00e9imer\u00bb,<\/strong> dicen los investigadores a trav\u00e9s del informe.<\/p>\n<p>S\u00edntomas de la enfermedad<\/p>\n<p data-mrf-recirculation=\"Links P\u00e1rrafos\" class=\"ue-c-article__paragraph paragraph\">Los <strong>efectos de la enfermedad<\/strong> empezaron a avanzar con rapidez y es por lo que sufri\u00f3 una profunda p\u00e9rdida de memoria a corto plazo, caracterizada por el olvido de eventos cotidianos, dificultades para retener incluso un p\u00e1rrafo de texto o la p\u00e9rdida de pertenencias, entre otras.<\/p>\n<p data-mrf-recirculation=\"Links P\u00e1rrafos\" class=\"ue-c-article__paragraph paragraph\">La<strong> persona m\u00e1s joven diagnosticada con Alzh\u00e9imer ten\u00eda 21 a\u00f1os y era portadora de la mutaci\u00f3n del gen PSEN1<\/strong>. Sin embargo, el caso de este joven parece ser espor\u00e1dico, seg\u00fan los investigadores, y se desconocen sus causas.<\/p>\n","protected":false},"excerpt":{"rendered":"El alzh\u00e9imer se ha relacionado siempre con edades avanzadas, pero en j\u00f3venes sonaba chocante. Ahora bien, hay casos&hellip;\n","protected":false},"author":2,"featured_media":334108,"comment_status":"","ping_status":"","sticky":false,"template":"","format":"standard","meta":{"footnotes":""},"categories":[92],"tags":[25,24,165,166,23],"class_list":{"0":"post-334107","1":"post","2":"type-post","3":"status-publish","4":"format-standard","5":"has-post-thumbnail","7":"category-salud","8":"tag-es","9":"tag-espana","10":"tag-health","11":"tag-salud","12":"tag-spain"},"share_on_mastodon":{"url":"https:\/\/pubeurope.com\/@es\/115873657807017864","error":""},"_links":{"self":[{"href":"https:\/\/www.europesays.com\/es\/wp-json\/wp\/v2\/posts\/334107","targetHints":{"allow":["GET"]}}],"collection":[{"href":"https:\/\/www.europesays.com\/es\/wp-json\/wp\/v2\/posts"}],"about":[{"href":"https:\/\/www.europesays.com\/es\/wp-json\/wp\/v2\/types\/post"}],"author":[{"embeddable":true,"href":"https:\/\/www.europesays.com\/es\/wp-json\/wp\/v2\/users\/2"}],"replies":[{"embeddable":true,"href":"https:\/\/www.europesays.com\/es\/wp-json\/wp\/v2\/comments?post=334107"}],"version-history":[{"count":0,"href":"https:\/\/www.europesays.com\/es\/wp-json\/wp\/v2\/posts\/334107\/revisions"}],"wp:featuredmedia":[{"embeddable":true,"href":"https:\/\/www.europesays.com\/es\/wp-json\/wp\/v2\/media\/334108"}],"wp:attachment":[{"href":"https:\/\/www.europesays.com\/es\/wp-json\/wp\/v2\/media?parent=334107"}],"wp:term":[{"taxonomy":"category","embeddable":true,"href":"https:\/\/www.europesays.com\/es\/wp-json\/wp\/v2\/categories?post=334107"},{"taxonomy":"post_tag","embeddable":true,"href":"https:\/\/www.europesays.com\/es\/wp-json\/wp\/v2\/tags?post=334107"}],"curies":[{"name":"wp","href":"https:\/\/api.w.org\/{rel}","templated":true}]}}