{"id":334120,"date":"2026-01-11T00:49:12","date_gmt":"2026-01-11T00:49:12","guid":{"rendered":"https:\/\/www.europesays.com\/es\/334120\/"},"modified":"2026-01-11T00:49:12","modified_gmt":"2026-01-11T00:49:12","slug":"yo-soy-de-la-crema-de-lata-azul-de-nivea-de-toda-la-vida-a-partir-de-los-50-y-60-anos-va-todo-para-abajo","status":"publish","type":"post","link":"https:\/\/www.europesays.com\/es\/334120\/","title":{"rendered":"\u201cYo soy de la crema de lata azul de Nivea de toda la vida, a partir de los 50 y 60 a\u00f1os va todo para abajo\u201d"},"content":{"rendered":"<p>Es una de las cremas que tenemos todas en nuestro armario. La misma que utilizaban nuestras madres y hasta nuestras abuelas. Es un cl\u00e1sico lleno de tradici\u00f3n. Se trata de\u00a0<a href=\"http:\/\/www.lecturas.com\/belleza\/ocu-coincide-farmaceuticos-tras-dos-semanas-uso-crema-nivea-lata-ha-demostrado-su-capacidad-hidratacion-que-consideramos-buena-estrella_184810\" rel=\"nofollow noopener\" target=\"_blank\">la cl\u00e1sica Nivea de lata azul<\/a>. Desde su lanzamiento en el a\u00f1o 1911, esta hidratante no ha dejado de ganar posiciones dentro de la industria, hasta ser hoy un b\u00e1sico en los hogares espa\u00f1oles. Es imposible que no hayas tenido una en la mesilla de noche.<\/p>\n<p>Tal es el fen\u00f3meno que recoge esta \u201ccrema de toda la vida\u201d que, incluso, ha conseguido conquistar a muchas famosas. Nombres como Maribel Verd\u00fa o Carmen Lomana se han declarado seguidoras de la marca. Tambi\u00e9n Lolita Flores (67 a\u00f1os). \u201cYo soy de la crema de lata azul de Nivea de toda la vida\u201d, reconoc\u00eda en una entrevista.<\/p>\n<p><img loading=\"lazy\" decoding=\"async\"   src=\"https:\/\/www.europesays.com\/es\/wp-content\/uploads\/2026\/01\/lolita-flores_fe2e8e79_260110163727_1200x1600.webp.webp\" alt=\"Lolita flores\" class=\"lazyload\" width=\"1200\" height=\"1600\" data-aspectratio=\"1200\/1600\"\/>&#13;Gtresonline<br \/>\nEl b\u00e1sico de Lolita Flores<\/p>\n<p>Lolita est\u00e1 radiante. En\u00e9rgica como pocas y presumiendo una piel envidiablemente luminosa, la artista siempre ha compartido con su p\u00fablico c\u00f3mo consigue verse tan bien y, la Nivea de lata azul, es uno de sus secretos m\u00e1s poderosos. La cantante mantiene unas rutinas de belleza diarias constantes.<\/p>\n<p>Desde que se convirtiese en embajadora oficial de la firma hace ya unos a\u00f1os, Lolita no ha dejado de repetir su \u201cflechazo\u201d con este cosm\u00e9tico multiusos. Reconociendo, incluso, que es uno de sus mejores remedios para combatir el paso de los a\u00f1os en la piel. \u201cEl uso que m\u00e1s le doy es para la piel del cuerpo, nunca en la cara\u201d, explicaba.<\/p>\n<p>Su rutina de belleza<\/p>\n<p>Para vernos bien, no podemos rendirnos a un \u00fanico producto. Es necesaria una rutina con productos espec\u00edficos que enfrenten las necesidades que exige nuestra piel. \u201cA partir de los 50, 60 a\u00f1os, se cae el contorno, los p\u00e1rpados y va todo para abajo y por eso me cuido con productos espec\u00edficos\u201d, detallaba la propia Lolita.<\/p>\n<p>\u00abUna buena rutina, cada ma\u00f1ana y cada noche, es esencial para prevenir\u201d, a\u00f1ad\u00eda. \u201cLlegue a la hora que llegue a casa, me cuido porque es muy importante desmaquillarse, ponerse el t\u00f3nico, el suero, el elixir, la crema de d\u00eda y de noche\u201d.\u00a0<\/p>\n<p><img loading=\"lazy\" decoding=\"async\"   src=\"https:\/\/www.europesays.com\/es\/wp-content\/uploads\/2026\/01\/lolita-flores_da5dc278_260110163745_1200x1800.webp.webp\" alt=\"Lolita flores\" class=\"lazyload\" width=\"1200\" height=\"1800\" data-aspectratio=\"1200\/1800\"\/>&#13;Gtresonline<\/p>\n<p>Pero esta no acaba aqu\u00ed. Si bien es cierto que una rutina facial espec\u00edfica son los pilares del buen aspecto, no son los \u00fanicos. La artista compart\u00eda uno de sus mejores recursos para estar con tanta fuerza y vitalidad: el consumo de suplementos alimenticios.\u00a0<\/p>\n<p>\u201cTomo vitamina C, Omega 3, magnesio&#8230;. Yo no estoy mal con 67 a\u00f1os, entonces algo me est\u00e1 haciendo\u201d, comentaba al presentador David Broncano, durante una de sus \u00faltimas charlas en el programa \u2018La Revuelta\u2019.\u00a0<\/p>\n<p>\u00bfQu\u00e9 opinan los expertos?<\/p>\n<p>\u00bfQu\u00e9 beneficios tiene la crema Nieva? Adem\u00e1s de ser un cl\u00e1sico en nuestros armarios, es esencial saber qu\u00e9 opinar los profesionales. Todos ellos coinciden en que, \u201ca diferencia de otras cremas de Nivea, la cl\u00e1sica de lata azul\u00a0no combate las arrugas, pero s\u00ed que hidrata\u201d.\u00a0<\/p>\n<p>Es decir, no es una crema antiarrugas, no obstante, su poder de hidrataci\u00f3n la hace una buen\u00edsima opci\u00f3n para esas pieles envejecidas que demandan un aporte de hidrataci\u00f3n extra.\u00a0<\/p>\n<p><img loading=\"lazy\" decoding=\"async\"   src=\"https:\/\/www.europesays.com\/es\/wp-content\/uploads\/2026\/01\/lolita-flores_00000000_272d0b12_260110163820_1200x1500.webp.webp\" alt=\"Lolita Flores\" class=\"lazyload\" width=\"1200\" height=\"1500\" data-aspectratio=\"1200\/1500\"\/>&#13;Instagram @lolitagonzalezflores<\/p>\n<p>En palabras del <a href=\"http:\/\/www.lecturas.com\/belleza\/consejo-farmaceutico-para-potenciar-efecto-hidratante-crema-clasica-nivea-retiene-mejor-agua_183141\" rel=\"nofollow noopener\" target=\"_blank\">farmac\u00e9utico Eduardo Senante<\/a>, la crema Nivea \u201cayuda a hidratar la piel, act\u00faa como un escudo protector y evita que perdamos agua\u201d, pero advierte, no todo es tan maravilloso: \u201csu capacidad hidratante no es excesiva\u201d.\u00a0Mientras, la <a href=\"http:\/\/www.lecturas.com\/belleza\/rafaela-ribeiro-farmaceutica-portuguesa-sobre-beneficios-crema-clasica-nivea-al-final-se-trata-hacer-bien-basico_184289\" rel=\"nofollow noopener\" target=\"_blank\">farmac\u00e9utica portuguesa Rafaela Ribeiro<\/a> a\u00f1ade que \u201ces una buena crema hidratante, que a la piel seca le encanta\u201d, pero nada m\u00e1s.\u00a0<\/p>\n<p>Por tanto, podr\u00edamos hablar de esta lata azul como un comod\u00edn con muchos usos, pero que siempre debe ir acompa\u00f1ada de, como mencionaba Lolita, productos espec\u00edficos que trabajen las necesidades de nuestra piel. Al final y al cabo, la cl\u00e1sica Nivea de lata azul fue, es y siempre ser\u00e1, ese recurso con el que potenciar nuestras buenas\u00a0pr\u00e1cticas y esto, Lolita, lo sabe y lo practica a la perfecci\u00f3n.<br \/>\u00a0<\/p>\n","protected":false},"excerpt":{"rendered":"Es una de las cremas que tenemos todas en nuestro armario. La misma que utilizaban nuestras madres y&hellip;\n","protected":false},"author":2,"featured_media":334121,"comment_status":"","ping_status":"","sticky":false,"template":"","format":"standard","meta":{"footnotes":""},"categories":[174],"tags":[255,146,147,25,24,256,23],"class_list":{"0":"post-334120","1":"post","2":"type-post","3":"status-publish","4":"format-standard","5":"has-post-thumbnail","7":"category-famosos","8":"tag-celebrities","9":"tag-entertainment","10":"tag-entretenimiento","11":"tag-es","12":"tag-espana","13":"tag-famosos","14":"tag-spain"},"share_on_mastodon":{"url":"https:\/\/pubeurope.com\/@es\/115873720857459439","error":""},"_links":{"self":[{"href":"https:\/\/www.europesays.com\/es\/wp-json\/wp\/v2\/posts\/334120","targetHints":{"allow":["GET"]}}],"collection":[{"href":"https:\/\/www.europesays.com\/es\/wp-json\/wp\/v2\/posts"}],"about":[{"href":"https:\/\/www.europesays.com\/es\/wp-json\/wp\/v2\/types\/post"}],"author":[{"embeddable":true,"href":"https:\/\/www.europesays.com\/es\/wp-json\/wp\/v2\/users\/2"}],"replies":[{"embeddable":true,"href":"https:\/\/www.europesays.com\/es\/wp-json\/wp\/v2\/comments?post=334120"}],"version-history":[{"count":0,"href":"https:\/\/www.europesays.com\/es\/wp-json\/wp\/v2\/posts\/334120\/revisions"}],"wp:featuredmedia":[{"embeddable":true,"href":"https:\/\/www.europesays.com\/es\/wp-json\/wp\/v2\/media\/334121"}],"wp:attachment":[{"href":"https:\/\/www.europesays.com\/es\/wp-json\/wp\/v2\/media?parent=334120"}],"wp:term":[{"taxonomy":"category","embeddable":true,"href":"https:\/\/www.europesays.com\/es\/wp-json\/wp\/v2\/categories?post=334120"},{"taxonomy":"post_tag","embeddable":true,"href":"https:\/\/www.europesays.com\/es\/wp-json\/wp\/v2\/tags?post=334120"}],"curies":[{"name":"wp","href":"https:\/\/api.w.org\/{rel}","templated":true}]}}