{"id":334135,"date":"2026-01-11T01:01:15","date_gmt":"2026-01-11T01:01:15","guid":{"rendered":"https:\/\/www.europesays.com\/es\/334135\/"},"modified":"2026-01-11T01:01:15","modified_gmt":"2026-01-11T01:01:15","slug":"cursos-de-competencias-digitales-para-personas-mayores","status":"publish","type":"post","link":"https:\/\/www.europesays.com\/es\/334135\/","title":{"rendered":"Cursos de competencias digitales para personas mayores"},"content":{"rendered":"<p>Cursos de digitalizaci\u00f3n para personas mayores. En enero, Competencias digitales: martes 20, viernes 23, martes 27 y viernes 30. De 10.00 a 12.00. Se aborda la comunicaci\u00f3n, la navegaci\u00f3n, las compras o la seguridad online.<\/p>\n<p>Y en febrero, Yo tambi\u00e9n conecto en redes sociales. Martes 3, jueves 5, martes 10 y jueves 12. De 10.00 a 12.00. Se ver\u00e1: correo electr\u00f3nico, mensajer\u00eda, redes sociales, uso responsable y seguro o creaci\u00f3n de contenido digital.<\/p>\n","protected":false},"excerpt":{"rendered":"Cursos de digitalizaci\u00f3n para personas mayores. En enero, Competencias digitales: martes 20, viernes 23, martes 27 y viernes&hellip;\n","protected":false},"author":2,"featured_media":334136,"comment_status":"","ping_status":"","sticky":false,"template":"","format":"standard","meta":{"footnotes":""},"categories":[8],"tags":[17,18,25,24,13,14,11,19,20,9,10,15,16,23,12,21,22],"class_list":{"0":"post-334135","1":"post","2":"type-post","3":"status-publish","4":"format-standard","5":"has-post-thumbnail","7":"category-espana","8":"tag-breaking-news","9":"tag-breakingnews","10":"tag-es","11":"tag-espana","12":"tag-featured-news","13":"tag-featurednews","14":"tag-headlines","15":"tag-latest-news","16":"tag-latestnews","17":"tag-news","18":"tag-noticias","19":"tag-noticias-destacadas","20":"tag-noticiasdestacadas","21":"tag-spain","22":"tag-titulares","23":"tag-ultimas-noticias","24":"tag-ultimasnoticias"},"share_on_mastodon":{"url":"https:\/\/pubeurope.com\/@es\/115873767921831372","error":""},"_links":{"self":[{"href":"https:\/\/www.europesays.com\/es\/wp-json\/wp\/v2\/posts\/334135","targetHints":{"allow":["GET"]}}],"collection":[{"href":"https:\/\/www.europesays.com\/es\/wp-json\/wp\/v2\/posts"}],"about":[{"href":"https:\/\/www.europesays.com\/es\/wp-json\/wp\/v2\/types\/post"}],"author":[{"embeddable":true,"href":"https:\/\/www.europesays.com\/es\/wp-json\/wp\/v2\/users\/2"}],"replies":[{"embeddable":true,"href":"https:\/\/www.europesays.com\/es\/wp-json\/wp\/v2\/comments?post=334135"}],"version-history":[{"count":0,"href":"https:\/\/www.europesays.com\/es\/wp-json\/wp\/v2\/posts\/334135\/revisions"}],"wp:featuredmedia":[{"embeddable":true,"href":"https:\/\/www.europesays.com\/es\/wp-json\/wp\/v2\/media\/334136"}],"wp:attachment":[{"href":"https:\/\/www.europesays.com\/es\/wp-json\/wp\/v2\/media?parent=334135"}],"wp:term":[{"taxonomy":"category","embeddable":true,"href":"https:\/\/www.europesays.com\/es\/wp-json\/wp\/v2\/categories?post=334135"},{"taxonomy":"post_tag","embeddable":true,"href":"https:\/\/www.europesays.com\/es\/wp-json\/wp\/v2\/tags?post=334135"}],"curies":[{"name":"wp","href":"https:\/\/api.w.org\/{rel}","templated":true}]}}