{"id":334139,"date":"2026-01-11T01:11:11","date_gmt":"2026-01-11T01:11:11","guid":{"rendered":"https:\/\/www.europesays.com\/es\/334139\/"},"modified":"2026-01-11T01:11:11","modified_gmt":"2026-01-11T01:11:11","slug":"las-salidas-invernales-ganan-a-las-altas-juanjo-del-ojo-al-pafos-y-alvaro-ferrlo-ya-se-luce","status":"publish","type":"post","link":"https:\/\/www.europesays.com\/es\/334139\/","title":{"rendered":"Las salidas invernales ganan a las altas: Juanjo del Ojo, al Pafos&#8230; y \u00c1lvaro Ferrlo ya se luce"},"content":{"rendered":"<p>El regreso a\u00fan no certificado con una inscripci\u00f3n de Gattoni y el nuevo jefe de los servicios m\u00e9dicos, Toni Tramullas, las \u00fanicas llegadas a la disciplina blanquirroja, de la que se fueron \u00c1lvaro Fern\u00e1ndez, Ram\u00f3n Mart\u00ednez y el doctor Mor\u00e1n<\/p>\n<p class=\"parrafo\">El hasta ahora preparador f\u00edsico de la primera plantilla <strong>Juanjo del Ojo<\/strong>, que acumulaba casi dos d\u00e9cadas en la disciplina del <strong>Sevilla FC<\/strong> en dos etapas diferentes (de <strong>2003 a 2019<\/strong> y de <strong>2022 <\/strong>hasta la fecha), se marcha al <strong>Pafos FC<\/strong> chipriota para integrar el cuerpo t\u00e9cnico de <strong>Albert Celades<\/strong>, improvisado sustituto del ex nervionense <strong>Juan Carlos Carcedo<\/strong>, que se marcha al <strong>Spartak de Mosc\u00fa<\/strong> previo pago de su cl\u00e1usula. El sevillano, cuya \u00fanica experiencia lejos de casa hab\u00eda sido junto a <strong>Robert Moreno<\/strong> en el <strong>M\u00f3naco<\/strong> y el <strong>Granada CF<\/strong> (aunque tambi\u00e9n ejerci\u00f3 en el <strong>Principado<\/strong> con <strong>Niko Kovac<\/strong> como t\u00e9cnico y en el <strong>Nuevo Los C\u00e1rmenes<\/strong> con <strong>Rub\u00e9n Torrecilla<\/strong> y <strong>Aitor Karanka<\/strong>), volver\u00e1 a probar suerte allende las fronteras hispalenses, una nueva salida invernal en el &#8216;staff&#8217; que, a diferencia del destituido doctor <strong>Mat\u00edas Mor\u00e1n<\/strong> (lleg\u00f3 <strong>Toni Tramullas<\/strong>, ex del <strong>Bar\u00e7a<\/strong> de f\u00fatbol y basket, adem\u00e1s de la <strong>Euroliga<\/strong>), se suple con promoci\u00f3n interna.<\/p>\n<p class=\"parrafo\">De esta forma, la entidad nervionense ha anunciado que <strong>Rub\u00e9n Mart\u00ednez<\/strong>, hasta ahora preparador f\u00edsico del <strong>Sevilla Atl\u00e9tico<\/strong>, pasa a formar parte desde esta semana del cuerpo t\u00e9cnico del primer equipo<strong> <\/strong>junto a <strong>Guido Bonini<\/strong>, que vino con <strong>Mat\u00edas Almeyda<\/strong>. Despu\u00e9s de m\u00e1s de diez a\u00f1os en los escalafones inferiores, las seis \u00faltimas temporadas en el <strong>Sevilla Atl\u00e9tico<\/strong> (lleg\u00f3 de la mano del ahora seleccionador espa\u00f1ol sub 19 <strong>Paco Gallardo<\/strong> en la campa\u00f1a <strong>20\/21<\/strong>), este licenciado en <strong>Actividad F\u00edsica y Deporte<\/strong>, am\u00e9n de entrenador nivel 3 con licencia UEFA Pro tomar\u00e1 el testigo del afamado profesional de <strong>39 a\u00f1os<\/strong>, que se une a las verdaderas salidas en lo que a jugadores se refiere en esta ventana de transferencias: <strong\/>el cancerbero <strong>\u00c1lvaro Fern\u00e1ndez<\/strong> (<a href=\"https:\/\/www.estadiodeportivo.com\/futbol\/sevilla-fc\/sevilla-anuncia-oficialmente-primera-salida-mercado-invernal-fichajes-alvaro-ferllo-desvincula-negocia-con-deportivo-coruna-20251229-525113.html\" target=\"_blank\" class=\"intext-link\" rel=\"nofollow noopener\">rescindido a cambio de sobrar seis de los dieciocho meses de contrato que le quedaban<\/a> antes de firmar hasta <strong>2027<\/strong> con el <strong>Deportivo de La Coru\u00f1a<\/strong>) y el central <strong>Ram\u00f3n Mart\u00ednez <\/strong>(traspasado sin coste al <strong>Real Valladolid<\/strong>, <a href=\"https:\/\/www.estadiodeportivo.com\/futbol\/sevilla-fc\/una-novedad-tras-oficialidad-del-traspaso-ramon-martinez-valladolid-20260107-525898.html\" target=\"_blank\" class=\"intext-link\" rel=\"nofollow noopener\">conservando un 40% del pase y una opci\u00f3n de recompra<\/a>). Volvi\u00f3 de su pr\u00e9stamo a <strong>River Plate Fede Gattoni<\/strong>, que no ha sido registrado a\u00fan.<\/p>\n<p><a class=\"elementos-rel-t2\" href=\"https:\/\/www.estadiodeportivo.com\/futbol\/sevilla-fc\/carta-ramon-martinez-para-despedirse-del-sevilla-tras-fichaje-por-valladolid-momento-muy-duro-para-20260109-526032.html\" title=\"La carta de Ram\u00f3n Mart\u00ednez para despedirse del Sevilla tras su fichaje por el Valladolid: &quot;Es un momento muy duro para m\u00ed&quot;\" rel=\"nofollow noopener\" target=\"_blank\"><\/p>\n<p class=\"titular titulo-4\">La carta de Ram\u00f3n Mart\u00ednez para despedirse del Sevilla tras su fichaje por el Valladolid: \u00abEs un momento muy duro para m\u00ed\u00bb<\/p>\n<p><img decoding=\"async\" src=\"https:\/\/www.europesays.com\/es\/wp-content\/uploads\/2026\/01\/91b1dfa5-1e2f-45ee-90ef-edcab20c1e56_320x180.jpeg\" alt=\"La carta de Ram\u00f3n Mart\u00ednez para despedirse del Sevilla tras su fichaje por el Valladolid: &quot;Es un momento muy duro para m\u00ed&quot;\"\/><\/a><a class=\"elementos-rel-t2\" href=\"https:\/\/www.estadiodeportivo.com\/futbol\/deportivo\/alvaro-ferllo-confirma-que-hubo-contactos-con-deportivo-coruna-verano-20251230-525230.html\" title=\"\u00c1lvaro Ferllo confirma que hubo contactos con el Deportivo de La Coru\u00f1a en verano\" rel=\"nofollow noopener\" target=\"_blank\"><\/p>\n<p class=\"titular titulo-4\">\u00c1lvaro Ferllo confirma que hubo contactos con el Deportivo de La Coru\u00f1a en verano<\/p>\n<p><img decoding=\"async\" src=\"https:\/\/www.europesays.com\/es\/wp-content\/uploads\/2026\/01\/38cb9a80-4648-4710-8036-3aa0aea5d59d_320x180.png\" alt=\"\u00c1lvaro Ferllo confirma que hubo contactos con el Deportivo de La Coru\u00f1a en verano\"\/><\/a>\u00c1lvaro Ferrlo se luce para salvar un punto para el Depor ante Las Palmas<\/p>\n<p class=\"parrafo\">Ha ca\u00eddo de pie <strong>\u00c1lvaro Fern\u00e1ndez<\/strong> en el <strong>Deportivo de La Coru\u00f1a<\/strong>. Titular a las \u00f3rdenes de un <strong>Antonio Hidalgo<\/strong> que ya lo tuvo y le dio confianza en la <strong>SD Huesca<\/strong>, el riojano no fue determinante en su debut ante el <strong>C\u00e1diz CF<\/strong>, encuentro saldado con empate a dos, aunque su actuaci\u00f3n este s\u00e1bado en la visita a la <strong>UD Las Palmas<\/strong> s\u00ed lo ha tenido como protagonista destacado. De esta forma, con 0-1 en el marcador gracias al tanto de <strong>Diego Villares<\/strong> para los gallegos, detuvo a <strong>Jonathan Viera<\/strong> un penalti de forma espectacular: no s\u00f3lo adivin\u00f3 la direcci\u00f3n, sino que desvi\u00f3 hacia la cruceta un disparo que, luego, intent\u00f3 ser remachado por <strong>Mika M\u00e1rmol<\/strong>, blocando de nuevo el ex sevillista.<\/p>\n","protected":false},"excerpt":{"rendered":"El regreso a\u00fan no certificado con una inscripci\u00f3n de Gattoni y el nuevo jefe de los servicios m\u00e9dicos,&hellip;\n","protected":false},"author":2,"featured_media":334140,"comment_status":"","ping_status":"","sticky":false,"template":"","format":"standard","meta":{"footnotes":""},"categories":[268],"tags":[14055,168,25,24,284,76714,280,282,76715,2993,281,23,167],"class_list":{"0":"post-334139","1":"post","2":"type-post","3":"status-publish","4":"format-standard","5":"has-post-thumbnail","7":"category-futbol","8":"tag-alvaro-fernandez","9":"tag-deportes","10":"tag-es","11":"tag-espana","12":"tag-estadio-deportivo","13":"tag-federico-gattoni","14":"tag-football","15":"tag-futbol","16":"tag-juanjo-del-ojo","17":"tag-sevilla-futbol-club","18":"tag-soccer","19":"tag-spain","20":"tag-sports"},"share_on_mastodon":{"url":"https:\/\/pubeurope.com\/@es\/115873807369997914","error":""},"_links":{"self":[{"href":"https:\/\/www.europesays.com\/es\/wp-json\/wp\/v2\/posts\/334139","targetHints":{"allow":["GET"]}}],"collection":[{"href":"https:\/\/www.europesays.com\/es\/wp-json\/wp\/v2\/posts"}],"about":[{"href":"https:\/\/www.europesays.com\/es\/wp-json\/wp\/v2\/types\/post"}],"author":[{"embeddable":true,"href":"https:\/\/www.europesays.com\/es\/wp-json\/wp\/v2\/users\/2"}],"replies":[{"embeddable":true,"href":"https:\/\/www.europesays.com\/es\/wp-json\/wp\/v2\/comments?post=334139"}],"version-history":[{"count":0,"href":"https:\/\/www.europesays.com\/es\/wp-json\/wp\/v2\/posts\/334139\/revisions"}],"wp:featuredmedia":[{"embeddable":true,"href":"https:\/\/www.europesays.com\/es\/wp-json\/wp\/v2\/media\/334140"}],"wp:attachment":[{"href":"https:\/\/www.europesays.com\/es\/wp-json\/wp\/v2\/media?parent=334139"}],"wp:term":[{"taxonomy":"category","embeddable":true,"href":"https:\/\/www.europesays.com\/es\/wp-json\/wp\/v2\/categories?post=334139"},{"taxonomy":"post_tag","embeddable":true,"href":"https:\/\/www.europesays.com\/es\/wp-json\/wp\/v2\/tags?post=334139"}],"curies":[{"name":"wp","href":"https:\/\/api.w.org\/{rel}","templated":true}]}}