{"id":334163,"date":"2026-01-11T01:34:09","date_gmt":"2026-01-11T01:34:09","guid":{"rendered":"https:\/\/www.europesays.com\/es\/334163\/"},"modified":"2026-01-11T01:34:09","modified_gmt":"2026-01-11T01:34:09","slug":"cristian-herrera-ausente-en-la-convocatoria-ante-las-palmas-debido-a-un-proceso-virico","status":"publish","type":"post","link":"https:\/\/www.europesays.com\/es\/334163\/","title":{"rendered":"Cristian Herrera, ausente en la convocatoria ante Las Palmas debido a un proceso v\u00edrico"},"content":{"rendered":"<p><img decoding=\"async\" width=\"1280\" height=\"732\" fetchpriority=\"high\" alt=\"Cristian Herrera, con el bal\u00f3n, durante el partido contra el Mallorca\" src=\"https:\/\/www.europesays.com\/es\/wp-content\/uploads\/2026\/01\/6941b1ab43697.jpeg\"\/><\/p>\n<p>Cristian Herrera, con el bal\u00f3n, durante el partido contra el Mallorca<\/p>\n<p>Carlota Blanco<\/p>\n<p class=\"texto_noticia\">El <b>Deportivo<\/b> facilit\u00f3 el once del <a href=\"https:\/\/dxtcampeon.elidealgallego.com\/deportivo\/depor\/2026-01-10\/la-previa-canarias-sube-la-temperatura-para-el-deportivo-829237.html\" rel=\"nofollow noreferrer noopener\" target=\"_blank\">partido ante Las Palmas <\/a>y el resto de la convocatoria y <b>se confirm\u00f3 la ausencia de Cristian Herrera.<\/b> El atacante, en principio, no sufre ning\u00fan problema f\u00edsico, ya que el t\u00e9cnico Antonio Hidalgo no se refiri\u00f3 a \u00e9l cuando comunic\u00f3 qu\u00e9 jugadores causaban baja para ese encuentro liguero. No obstante, seg\u00fan pudo confirmar este peri\u00f3dico su baja se debi\u00f3 a una gripe. Fueron ausencias, adem\u00e1s del<b> sancionado Loureiro, Ximo y Escudero,<\/b> ambos en la recta final de subsanar sus problemas musculares.\u00a0<\/p>\n<p class=\"texto_noticia\">A pesar de que su ausencia se deba a un proceso v\u00edrico, el futuro de Cristian Herrera en el D\u00e9por no es claro. Y es que el canario<a href=\"https:\/\/dxtcampeon.elidealgallego.com\/deportivo\/depor\/2026-01-07\/el-deportivo-ya-afronta-el-mercado-de-invierno-sin-necesidades-a-dia-de-hoy-la-idea-es-mantenernos-como-estamos-828696.html\" rel=\"nofollow noreferrer noopener\" target=\"_blank\"> puede salir del D\u00e9por<\/a>\u00a0despu\u00e9s de una primera vuelta en la que no ha tenido protagonismo, con tan solo <b>85 minutos disputados en 11 partidos de Liga,<\/b> ninguno como titular. S\u00ed ha tenido m\u00e1s protagonismo en la Copa del Rey, donde ha sido clave en las primeras rondas, con goles ante <b>S\u00e1mano y Sabadell<\/b>.<\/p>\n<p class=\"texto_noticia\">A pesar de <a href=\"https:\/\/dxtcampeon.elidealgallego.com\/articulo\/depor\/cristian-herrera-continuara-ano-deportivo-5280657\" rel=\"nofollow noreferrer noopener\" target=\"_blank\">renovar por el Deportivo de forma autom\u00e1tica por un curso<\/a> su presencia en el equipo ha sido testimonial y podr\u00eda salir en este mercado de invierno en busca de los minutos y el protagonismo que ha ido perdiendo paulatinamente del conjunto blanquiazul.\u00a0\u00a0<\/p>\n","protected":false},"excerpt":{"rendered":"Cristian Herrera, con el bal\u00f3n, durante el partido contra el Mallorca Carlota Blanco El Deportivo facilit\u00f3 el once&hellip;\n","protected":false},"author":2,"featured_media":334164,"comment_status":"","ping_status":"","sticky":false,"template":"","format":"standard","meta":{"footnotes":""},"categories":[268],"tags":[168,25,24,280,282,281,23,167],"class_list":{"0":"post-334163","1":"post","2":"type-post","3":"status-publish","4":"format-standard","5":"has-post-thumbnail","7":"category-futbol","8":"tag-deportes","9":"tag-es","10":"tag-espana","11":"tag-football","12":"tag-futbol","13":"tag-soccer","14":"tag-spain","15":"tag-sports"},"share_on_mastodon":{"url":"https:\/\/pubeurope.com\/@es\/115873897753575216","error":""},"_links":{"self":[{"href":"https:\/\/www.europesays.com\/es\/wp-json\/wp\/v2\/posts\/334163","targetHints":{"allow":["GET"]}}],"collection":[{"href":"https:\/\/www.europesays.com\/es\/wp-json\/wp\/v2\/posts"}],"about":[{"href":"https:\/\/www.europesays.com\/es\/wp-json\/wp\/v2\/types\/post"}],"author":[{"embeddable":true,"href":"https:\/\/www.europesays.com\/es\/wp-json\/wp\/v2\/users\/2"}],"replies":[{"embeddable":true,"href":"https:\/\/www.europesays.com\/es\/wp-json\/wp\/v2\/comments?post=334163"}],"version-history":[{"count":0,"href":"https:\/\/www.europesays.com\/es\/wp-json\/wp\/v2\/posts\/334163\/revisions"}],"wp:featuredmedia":[{"embeddable":true,"href":"https:\/\/www.europesays.com\/es\/wp-json\/wp\/v2\/media\/334164"}],"wp:attachment":[{"href":"https:\/\/www.europesays.com\/es\/wp-json\/wp\/v2\/media?parent=334163"}],"wp:term":[{"taxonomy":"category","embeddable":true,"href":"https:\/\/www.europesays.com\/es\/wp-json\/wp\/v2\/categories?post=334163"},{"taxonomy":"post_tag","embeddable":true,"href":"https:\/\/www.europesays.com\/es\/wp-json\/wp\/v2\/tags?post=334163"}],"curies":[{"name":"wp","href":"https:\/\/api.w.org\/{rel}","templated":true}]}}