{"id":334188,"date":"2026-01-11T01:58:08","date_gmt":"2026-01-11T01:58:08","guid":{"rendered":"https:\/\/www.europesays.com\/es\/334188\/"},"modified":"2026-01-11T01:58:08","modified_gmt":"2026-01-11T01:58:08","slug":"no-me-cierro-a-experiencias-de-la-vida","status":"publish","type":"post","link":"https:\/\/www.europesays.com\/es\/334188\/","title":{"rendered":"\u201cNo me cierro a experiencias de la vida\u201d"},"content":{"rendered":"<p class=\"paragraph\">La televisiva modelo estadounidense Kendall Jenner ha puesto fin a a\u00f1os de especulaciones sobre su vida personal al aclarar que no es homosexual, aunque asegura que no cerrar\u00eda la puerta a experiencias futuras. \u201cA d\u00eda de hoy, no lo soy\u201d, afirm\u00f3 Jenner al presentador de una podcast, en referencia a no identificarse como lesbiana o queer, aunque matiz\u00f3 que no se cierra \u201ca experiencias en la vida\u201d, asegura.<\/p>\n<p class=\"paragraph\">En una entrevista emitida el pasado 9 de enero en el podcast In Your Dreams with Owen Thiele, Jenner abord\u00f3 directamente los persistentes rumores en internet que suger\u00edan que podr\u00eda ser \u201clesbiana en secreto\u201d. La modelo, de 30 a\u00f1os y conocida internacionalmente tanto por su carrera en la moda como por su participaci\u00f3n en el reality Keeping Up With the Kardashians, quiso dejar claro que estos rumores no se ajustan a su realidad actual.<\/p>\n<p class=\"paragraph\">La modelo tambi\u00e9n coment\u00f3 que lo que m\u00e1s le molesta no es el rumor en s\u00ed, sino el tono con el que muchas personas lo plantean en redes sociales y foros: \u201cNo es con un gesto de bienvenida, como \u2018oye, si lo fueras, s\u00ed, ven y \u00fanete\u2019. No es amable. Es muy cruel\u201d, declar\u00f3, calificando algunos comentarios como duros e innecesarios.<\/p>\n<p class=\"paragraph\">Jenner asegur\u00f3 que, si en alg\u00fan momento se sintiera identificada con otra orientaci\u00f3n, lo har\u00eda p\u00fablico sin problema: \u201cEntiendo que salir del armario no es f\u00e1cil para nadie, si no para la mayor\u00eda. Conoci\u00e9ndome, creo que a estas alturas de mi vida ya lo habr\u00eda hecho\u201d, a\u00f1adi\u00f3 en el mismo episodio.<\/p>\n<p class=\"paragraph\">La modelo tambi\u00e9n rechaz\u00f3 teor\u00edas conspirativas que suger\u00edan que podr\u00eda ocultar su orientaci\u00f3n por motivos comerciales o para no perjudicar la imagen de su familia, se\u00f1alando que no entiende ese tipo de suposiciones.<\/p>\n","protected":false},"excerpt":{"rendered":"La televisiva modelo estadounidense Kendall Jenner ha puesto fin a a\u00f1os de especulaciones sobre su vida personal al&hellip;\n","protected":false},"author":2,"featured_media":334189,"comment_status":"","ping_status":"","sticky":false,"template":"","format":"standard","meta":{"footnotes":""},"categories":[174],"tags":[255,146,147,25,24,256,23],"class_list":{"0":"post-334188","1":"post","2":"type-post","3":"status-publish","4":"format-standard","5":"has-post-thumbnail","7":"category-famosos","8":"tag-celebrities","9":"tag-entertainment","10":"tag-entretenimiento","11":"tag-es","12":"tag-espana","13":"tag-famosos","14":"tag-spain"},"share_on_mastodon":{"url":"https:\/\/pubeurope.com\/@es\/115873992029192205","error":""},"_links":{"self":[{"href":"https:\/\/www.europesays.com\/es\/wp-json\/wp\/v2\/posts\/334188","targetHints":{"allow":["GET"]}}],"collection":[{"href":"https:\/\/www.europesays.com\/es\/wp-json\/wp\/v2\/posts"}],"about":[{"href":"https:\/\/www.europesays.com\/es\/wp-json\/wp\/v2\/types\/post"}],"author":[{"embeddable":true,"href":"https:\/\/www.europesays.com\/es\/wp-json\/wp\/v2\/users\/2"}],"replies":[{"embeddable":true,"href":"https:\/\/www.europesays.com\/es\/wp-json\/wp\/v2\/comments?post=334188"}],"version-history":[{"count":0,"href":"https:\/\/www.europesays.com\/es\/wp-json\/wp\/v2\/posts\/334188\/revisions"}],"wp:featuredmedia":[{"embeddable":true,"href":"https:\/\/www.europesays.com\/es\/wp-json\/wp\/v2\/media\/334189"}],"wp:attachment":[{"href":"https:\/\/www.europesays.com\/es\/wp-json\/wp\/v2\/media?parent=334188"}],"wp:term":[{"taxonomy":"category","embeddable":true,"href":"https:\/\/www.europesays.com\/es\/wp-json\/wp\/v2\/categories?post=334188"},{"taxonomy":"post_tag","embeddable":true,"href":"https:\/\/www.europesays.com\/es\/wp-json\/wp\/v2\/tags?post=334188"}],"curies":[{"name":"wp","href":"https:\/\/api.w.org\/{rel}","templated":true}]}}