{"id":334190,"date":"2026-01-11T02:01:24","date_gmt":"2026-01-11T02:01:24","guid":{"rendered":"https:\/\/www.europesays.com\/es\/334190\/"},"modified":"2026-01-11T02:01:24","modified_gmt":"2026-01-11T02:01:24","slug":"asi-se-conocera-a-la-pareja-ganadora-del-programa-de-rtve","status":"publish","type":"post","link":"https:\/\/www.europesays.com\/es\/334190\/","title":{"rendered":"as\u00ed se conocer\u00e1 a la pareja ganadora del programa de RTVE"},"content":{"rendered":"<p data-gtm-element-container=\"modulo-texto-link\" class=\"paragraph\">&#8216;<strong>Hasta el fin del mundo<\/strong>&#8216;, presentado por <strong>Paula V\u00e1zquez<\/strong>, ha llegado a su recta final en Latinoam\u00e9rica. El pasado jueves se emiti\u00f3 la pen\u00faltima etapa, donde las seis parejas se desplazaron de <strong>Argentina <\/strong>a <strong>Chile<\/strong>, mientras el dinero y paciencia no dejan de escasear. El final est\u00e1 cada vez m\u00e1s cerca y algunos de los participantes no saben si podr\u00e1n continuar con la carrera.<\/p>\n<p data-gtm-element-container=\"modulo-texto-link\" class=\"paragraph\">Presentado por <strong>Paula V\u00e1zquez <\/strong>y con <strong>Yolanda Ramos, Ainoa Olivares Ramos, Alba Carrillo, Cristina Cifuentes, Jedet, Andrea Compton, Roc\u00edo Carrasco, Anabel Due\u00f1as, NIA, J Kbello, Aldo Comas y Jos\u00e9 Lamu\u00f1o <\/strong>como participantes, &#8216;Hasta el fin del mundo&#8217; es la versi\u00f3n espa\u00f1ola de &#8216;Race across the world&#8217;, formato de \u00e9xito en la BBC.\u00a0<\/p>\n<p>                <img loading=\"lazy\" decoding=\"async\" data-full-src=\"https:\/\/www.mundodeportivo.com\/uploads\/2025\/11\/19\/691db4755c5d1.jpeg\" alt=\"Concursantes de 'Hasta el fin del mundo'\" width=\"449\" height=\"253\" src=\"https:\/\/www.europesays.com\/es\/wp-content\/uploads\/2026\/01\/691db4755c5d1.jpeg\" class=\"lazy\"\/><\/p>\n<p class=\"caption-title \">Concursantes de &#8216;Hasta el fin del mundo&#8217;<\/p>\n<p>                    RTVE<\/p>\n<p data-gtm-element-container=\"modulo-texto-link\" class=\"paragraph\">Recorre ocho pa\u00edses (Costa Rica, Panam\u00e1, Colombia, Ecuador, Per\u00fa, Bolivia, Argentina y Chile), <strong>m\u00e1s de 15.000 kil\u00f3metros<\/strong>, unos 1.500 por cada etapa, en una aventura inigualable que cambiar\u00e1 sus vidas para siempre.<\/p>\n<p>                <img loading=\"lazy\" decoding=\"async\" data-full-src=\"https:\/\/www.mundodeportivo.com\/uploads\/2026\/01\/08\/69602b3dd43ed.jpeg\" alt=\"Paula V\u00e1zquez, en 'Hasta el fin del mundo'\" width=\"449\" height=\"253\" src=\"https:\/\/www.europesays.com\/es\/wp-content\/uploads\/2026\/01\/69602b3dd43ed.jpeg\" class=\"lazy\"\/><\/p>\n<p class=\"caption-title \">Paula V\u00e1zquez, en &#8216;Hasta el fin del mundo&#8217;<\/p>\n<p>                    TVE<\/p>\n<p data-gtm-element-container=\"modulo-texto-link\" class=\"paragraph\">El pr\u00f3ximo jueves podremos ver, por fin, la gran final de esta aventura. En el avance se ve que todas las parejas consiguen llegar hasta <strong>Ushuaia<\/strong>, a pesar de todos los handicaps que han tenido durante su aventura. A diferencia de las otras etapas, la pareja ganadora no sabr\u00e1 que lo es hasta que lo diga <strong>Paula V\u00e1zquez.<\/strong><\/p>\n<blockquote class=\"twitter-tweet\" data-lang=\"es\"><p>\n<a href=\"https:\/\/twitter.com\/RTVE_Com\/status\/2009633887849415104\" rel=\"nofollow noopener\" target=\"_blank\">\n<\/p><\/blockquote>\n<p data-gtm-element-container=\"modulo-texto-link\" class=\"paragraph\"><strong>Puerto Varas<\/strong>, en Chile, ser\u00e1 el inicio de esta \u00faltima etapa que tiene como punto final <strong>Ushuaia<\/strong>, el fin del mundo. Una vez lleguen todos los concursantes a este punto, arrancar\u00e1 una gincana sin precedentes y, tal y como ha aclarado la productora, \u00ab<strong>ganar\u00e1 la pareja que primero llegue al punto de encuentro de Ushuaia<\/strong>\u00ab.<\/p>\n<p>    Lee tambi\u00e9n<\/p>\n<p>                <img loading=\"lazy\" decoding=\"async\" data-full-src=\"https:\/\/www.mundodeportivo.com\/uploads\/2026\/01\/09\/6961492d914bd.jpeg\" alt=\"Pen\u00faltima etapa de 'Hasta el fin del mundo'\" width=\"449\" height=\"253\" src=\"https:\/\/www.europesays.com\/es\/wp-content\/uploads\/2026\/01\/6961492d914bd.jpeg\" class=\"lazy\"\/><\/p>\n<p class=\"caption-title \">Pen\u00faltima etapa de &#8216;Hasta el fin del mundo&#8217;<\/p>\n<p>                    TVE<\/p>\n<p data-gtm-element-container=\"modulo-texto-link\" class=\"paragraph\">Los tiempos de llegada en la pen\u00faltima etapa ser\u00e1n claves y decisivos para saber qu\u00e9 pareja podr\u00eda ganar &#8216;Hasta el fin del mundo&#8217;:<\/p>\n<ol>\n<li><strong>Jedet y Andrea (10:48 h)<\/strong><\/li>\n<li>Yolanda y Ainoa (+3:02:00 h)<\/li>\n<li>Cristina y Alba (+8:57:00 h)<\/li>\n<li>NIA y J KBello (+9:20:00 h)<\/li>\n<li>Roc\u00edo Carrasco y Anabel (+10:28:00 h)<\/li>\n<li>Aldo y Jos\u00e9 Lamu\u00f1o (+11:17:00 h)<\/li>\n<\/ol>\n<p><script async src=\"https:\/\/platform.twitter.com\/widgets.js\" charset=\"utf-8\"><\/script><\/p>\n","protected":false},"excerpt":{"rendered":"&#8216;Hasta el fin del mundo&#8216;, presentado por Paula V\u00e1zquez, ha llegado a su recta final en Latinoam\u00e9rica. El&hellip;\n","protected":false},"author":2,"featured_media":334191,"comment_status":"","ping_status":"","sticky":false,"template":"","format":"standard","meta":{"footnotes":""},"categories":[171],"tags":[146,147,25,24,23,214],"class_list":{"0":"post-334190","1":"post","2":"type-post","3":"status-publish","4":"format-standard","5":"has-post-thumbnail","7":"category-tv","8":"tag-entertainment","9":"tag-entretenimiento","10":"tag-es","11":"tag-espana","12":"tag-spain","13":"tag-tv"},"share_on_mastodon":{"url":"https:\/\/pubeurope.com\/@es\/115874003928369418","error":""},"_links":{"self":[{"href":"https:\/\/www.europesays.com\/es\/wp-json\/wp\/v2\/posts\/334190","targetHints":{"allow":["GET"]}}],"collection":[{"href":"https:\/\/www.europesays.com\/es\/wp-json\/wp\/v2\/posts"}],"about":[{"href":"https:\/\/www.europesays.com\/es\/wp-json\/wp\/v2\/types\/post"}],"author":[{"embeddable":true,"href":"https:\/\/www.europesays.com\/es\/wp-json\/wp\/v2\/users\/2"}],"replies":[{"embeddable":true,"href":"https:\/\/www.europesays.com\/es\/wp-json\/wp\/v2\/comments?post=334190"}],"version-history":[{"count":0,"href":"https:\/\/www.europesays.com\/es\/wp-json\/wp\/v2\/posts\/334190\/revisions"}],"wp:featuredmedia":[{"embeddable":true,"href":"https:\/\/www.europesays.com\/es\/wp-json\/wp\/v2\/media\/334191"}],"wp:attachment":[{"href":"https:\/\/www.europesays.com\/es\/wp-json\/wp\/v2\/media?parent=334190"}],"wp:term":[{"taxonomy":"category","embeddable":true,"href":"https:\/\/www.europesays.com\/es\/wp-json\/wp\/v2\/categories?post=334190"},{"taxonomy":"post_tag","embeddable":true,"href":"https:\/\/www.europesays.com\/es\/wp-json\/wp\/v2\/tags?post=334190"}],"curies":[{"name":"wp","href":"https:\/\/api.w.org\/{rel}","templated":true}]}}