{"id":334211,"date":"2026-01-11T02:22:08","date_gmt":"2026-01-11T02:22:08","guid":{"rendered":"https:\/\/www.europesays.com\/es\/334211\/"},"modified":"2026-01-11T02:22:08","modified_gmt":"2026-01-11T02:22:08","slug":"el-barca-se-queda-a-medias-en-jaen","status":"publish","type":"post","link":"https:\/\/www.europesays.com\/es\/334211\/","title":{"rendered":"El Bar\u00e7a se queda a medias en Ja\u00e9n"},"content":{"rendered":"<p data-gtm-element-container=\"modulo-texto-link\" class=\"paragraph\">El <strong>FC Barcelona\u00a0<\/strong>no pas\u00f3 del empate en <strong>Ja\u00e9n<\/strong> en un partido vibrante, cargado de alternativas, en el que el equipo azulgrana se qued\u00f3 a medias en su objetivo de recortar distancias respecto al l\u00edder de la Liga de f\u00fatbol sala, <strong>ElPozo<\/strong>, que horas antes hab\u00eda empatado tambi\u00e9n en su visita a <strong>Movistar Inter <\/strong>(3-3). Las competiciones de clubs quedan en &#8216;stand by&#8217; para darle el relevo a las selecciones, debido a la disputa del Europeo y del Sudamericano. Los dos torneos provocar\u00e1n que no vuelva a haber competici\u00f3n de clubs hasta mediados de febrero.<\/p>\n<p data-gtm-element-container=\"modulo-texto-link\" class=\"paragraph\">En un<strong> Olivo Arena<\/strong> que volvi\u00f3 a ser un ejemplo de fidelidad a su equipo, con la grada tan repleta como implicada, el Bar\u00e7a lidi\u00f3 con un partido de vaivenes que empezaron ya muy pronto, cuando a los 10 segundos <strong>Michel,<\/strong> de primorosa vaselina, firmaba el 1-0 para un Ja\u00e9n que empez\u00f3 a so\u00f1ar con su quinta victoria consecutiva. El Bar\u00e7a de <strong>Javi Rodr\u00edguez<\/strong>, que s\u00f3lo ten\u00eda la baja de Catela, se aplic\u00f3 en pos de un empate que encontr\u00f3 en el minuto 8 merced a la punter\u00eda de <strong>Sergio Gonz\u00e1lez<\/strong>, rematando a la media vuelta un bal\u00f3n entregado por <strong>Joao Victor<\/strong>. As\u00ed se alcanz\u00f3 el descanso pese a las sucesivas llegadas de ambos equipos, con menci\u00f3n especial a todos los porteros, desde Esp\u00edndola a Miquel Feixas y D\u00eddac Plana, a quienes el t\u00e9cnico cul\u00e9 altern\u00f3 en funci\u00f3n de si necesitaba un arquero m\u00e1s cl\u00e1sico o m\u00e1s &#8216;constructor&#8217;. <strong>Pito<\/strong> emul\u00f3 a Michel y apenas reanudada la segunda parte, a los 10 segundos, recort\u00f3 al meta local con exquisitez para poner en ventaja al Bar\u00e7a: <strong>1-2<\/strong>. Pudo llegar en el 1-3 en diversas ocasiones, sobre todo una de Martel y otra de Fits que precedi\u00f3 precisamente el tanto del 2-2, obra de <strong>Esteban<\/strong> al culminar el contragolpe inmediato.\u00a0<\/p>\n<p><strong>Ja\u00e9n Paraiso Interior:\u00a0<\/strong>\u00a0Esp\u00edndola, Raggiatti, Ferraz, Michel, Alan Brandi -cinco inicial-\u00a0 Esteban, Joao Salla, Dani Zurdo, Lemine, Bynho, Mareco, Mati Rosa, Eloy Rojas.<br \/><strong>\u200bFC Barcelona:\u00a0\u00a0<\/strong>Miquel Feixas, Erick, Luciano Gauna, Pol Pacheco. Pito -cinco inicial- D\u00eddac, Adolfo, Joao Victor, Antonio, Tour\u00e9, Martel, Sergio Gonz\u00e1lez, Matheus,, Fits.<br \/><strong>Goles:<\/strong> 1-0, Michel (1&#8242;); 1-1, Sergio Gonz\u00e1lez (8&#8242;); 1-2, Pito (21&#8242;); 2-2, Esteban (28&#8242;); 3-2, Brandi (33&#8242;); 3-3, Adolfo (37&#8242;).<br \/><strong>Espectadores:<\/strong>\u00a06.000 aficionados en el Olivo Arena,.<br \/><strong>\u00c1rbitros:\u00a0<\/strong> \u200bAlberto Carri\u00f3n, Jes\u00fas Almeido. Amonestaron a Erick (22&#8242;), Joao Salla (26&#8242;), Fits (27&#8242;); Mareco (30&#8242;), Lemine (32&#8242;), Pol Pacheco (340&#8242;), Martel (39&#8242;).\u00a0<\/p>\n<p>\n                ver ficha partido\n            <\/p>\n<p data-gtm-element-container=\"modulo-texto-link\" class=\"paragraph\">El <strong>Ja\u00e9n<\/strong> crey\u00f3 y a 7 minutos de la conclusi\u00f3n, <strong>Alan Brandi<\/strong>, elev\u00f3 el <strong>3-2 <\/strong>al cazar sobre la l\u00ednea de gol un centro raso y duro. El Bar\u00e7a se volc\u00f3 y <strong>Adolfo<\/strong>, con un derechazo lejano, restableci\u00f3 la igualada: 3-3. Con portero-jugador s\u00f3lo en los dos minutos finales en la figura de Martel, el equipo azulgrana quiso el tanto del triunfo y lo roz\u00f3 en la \u00faltima\u00a0 jugada del partido, cuando el disparo de <strong>Gauna <\/strong>sali\u00f3 repelido por el poste. El 3-3 cerr\u00f3 esta 17\u00aa jornada, dejando al Bar\u00e7a segundo en la tabla a tres puntos de ElPozo; 37 a 40. Tras el par\u00f3n internacional, vuelta a empezar.<\/p>\n<p data-gtm-element-container=\"modulo-texto-link\" class=\"paragraph\">\u00a0 \u00a0<\/p>\n","protected":false},"excerpt":{"rendered":"El FC Barcelona\u00a0no pas\u00f3 del empate en Ja\u00e9n en un partido vibrante, cargado de alternativas, en el que&hellip;\n","protected":false},"author":2,"featured_media":334212,"comment_status":"","ping_status":"","sticky":false,"template":"","format":"standard","meta":{"footnotes":""},"categories":[268],"tags":[168,25,24,280,282,281,23,167],"class_list":{"0":"post-334211","1":"post","2":"type-post","3":"status-publish","4":"format-standard","5":"has-post-thumbnail","7":"category-futbol","8":"tag-deportes","9":"tag-es","10":"tag-espana","11":"tag-football","12":"tag-futbol","13":"tag-soccer","14":"tag-spain","15":"tag-sports"},"share_on_mastodon":{"url":"https:\/\/pubeurope.com\/@es\/115874086394375222","error":""},"_links":{"self":[{"href":"https:\/\/www.europesays.com\/es\/wp-json\/wp\/v2\/posts\/334211","targetHints":{"allow":["GET"]}}],"collection":[{"href":"https:\/\/www.europesays.com\/es\/wp-json\/wp\/v2\/posts"}],"about":[{"href":"https:\/\/www.europesays.com\/es\/wp-json\/wp\/v2\/types\/post"}],"author":[{"embeddable":true,"href":"https:\/\/www.europesays.com\/es\/wp-json\/wp\/v2\/users\/2"}],"replies":[{"embeddable":true,"href":"https:\/\/www.europesays.com\/es\/wp-json\/wp\/v2\/comments?post=334211"}],"version-history":[{"count":0,"href":"https:\/\/www.europesays.com\/es\/wp-json\/wp\/v2\/posts\/334211\/revisions"}],"wp:featuredmedia":[{"embeddable":true,"href":"https:\/\/www.europesays.com\/es\/wp-json\/wp\/v2\/media\/334212"}],"wp:attachment":[{"href":"https:\/\/www.europesays.com\/es\/wp-json\/wp\/v2\/media?parent=334211"}],"wp:term":[{"taxonomy":"category","embeddable":true,"href":"https:\/\/www.europesays.com\/es\/wp-json\/wp\/v2\/categories?post=334211"},{"taxonomy":"post_tag","embeddable":true,"href":"https:\/\/www.europesays.com\/es\/wp-json\/wp\/v2\/tags?post=334211"}],"curies":[{"name":"wp","href":"https:\/\/api.w.org\/{rel}","templated":true}]}}