{"id":334213,"date":"2026-01-11T02:23:14","date_gmt":"2026-01-11T02:23:14","guid":{"rendered":"https:\/\/www.europesays.com\/es\/334213\/"},"modified":"2026-01-11T02:23:14","modified_gmt":"2026-01-11T02:23:14","slug":"la-emocion-de-eva-amaral-al-subir-por-sorpresa-al-escenario-del-movistar-arena-durante-el-concierto-de-valeria-castro-hype","status":"publish","type":"post","link":"https:\/\/www.europesays.com\/es\/334213\/","title":{"rendered":"La emoci\u00f3n de Eva Amaral al subir por sorpresa al escenario del Movistar Arena durante el concierto de Valeria Castro | Hype"},"content":{"rendered":"<p class=\"loc\">Madrid<\/p>\n<p>La cantante Eva Amaral, vocalista de la banda espa\u00f1ola Amaral, ha sorprendido este viernes al subirse al escenario del Movistar Arena en Madrid durante el concierto de la artista canaria Valeria Castro, con quien ha interpretado su tema Sin ti no soy nada. Eva, que en septiembre anunci\u00f3 un par\u00f3n en su gira tras sufrir una crisis respiratorio, volvi\u00f3 en octubre a los escenarios con un concierto en Toledo. <\/p>\n<p>Ha sido ahora cuando la cantante ha vuelto a pisar el escenario del Movistar Arena, al cual no se sub\u00eda desde el a\u00f1o 2017, visiblemente emocionada junto a Castro, con quien ha cantado uno de los temas m\u00e1s conocidos de la banda.<\/p>\n","protected":false},"excerpt":{"rendered":"Madrid La cantante Eva Amaral, vocalista de la banda espa\u00f1ola Amaral, ha sorprendido este viernes al subirse al&hellip;\n","protected":false},"author":2,"featured_media":334214,"comment_status":"","ping_status":"","sticky":false,"template":"","format":"standard","meta":{"footnotes":""},"categories":[174],"tags":[255,146,147,25,24,256,23],"class_list":{"0":"post-334213","1":"post","2":"type-post","3":"status-publish","4":"format-standard","5":"has-post-thumbnail","7":"category-famosos","8":"tag-celebrities","9":"tag-entertainment","10":"tag-entretenimiento","11":"tag-es","12":"tag-espana","13":"tag-famosos","14":"tag-spain"},"share_on_mastodon":{"url":"https:\/\/pubeurope.com\/@es\/115874090291307421","error":""},"_links":{"self":[{"href":"https:\/\/www.europesays.com\/es\/wp-json\/wp\/v2\/posts\/334213","targetHints":{"allow":["GET"]}}],"collection":[{"href":"https:\/\/www.europesays.com\/es\/wp-json\/wp\/v2\/posts"}],"about":[{"href":"https:\/\/www.europesays.com\/es\/wp-json\/wp\/v2\/types\/post"}],"author":[{"embeddable":true,"href":"https:\/\/www.europesays.com\/es\/wp-json\/wp\/v2\/users\/2"}],"replies":[{"embeddable":true,"href":"https:\/\/www.europesays.com\/es\/wp-json\/wp\/v2\/comments?post=334213"}],"version-history":[{"count":0,"href":"https:\/\/www.europesays.com\/es\/wp-json\/wp\/v2\/posts\/334213\/revisions"}],"wp:featuredmedia":[{"embeddable":true,"href":"https:\/\/www.europesays.com\/es\/wp-json\/wp\/v2\/media\/334214"}],"wp:attachment":[{"href":"https:\/\/www.europesays.com\/es\/wp-json\/wp\/v2\/media?parent=334213"}],"wp:term":[{"taxonomy":"category","embeddable":true,"href":"https:\/\/www.europesays.com\/es\/wp-json\/wp\/v2\/categories?post=334213"},{"taxonomy":"post_tag","embeddable":true,"href":"https:\/\/www.europesays.com\/es\/wp-json\/wp\/v2\/tags?post=334213"}],"curies":[{"name":"wp","href":"https:\/\/api.w.org\/{rel}","templated":true}]}}