{"id":334215,"date":"2026-01-11T02:26:09","date_gmt":"2026-01-11T02:26:09","guid":{"rendered":"https:\/\/www.europesays.com\/es\/334215\/"},"modified":"2026-01-11T02:26:09","modified_gmt":"2026-01-11T02:26:09","slug":"argentina-el-selu-antilopez-y-jose-manuel-soto-inundan-con-su-magia-no-dejes-de-sonar","status":"publish","type":"post","link":"https:\/\/www.europesays.com\/es\/334215\/","title":{"rendered":"Argentina, El Selu, Ant\u00edlopez y Jos\u00e9 Manuel Soto inundan con su magia No dejes de so\u00f1ar"},"content":{"rendered":"<p>Los onubenses <strong>Argentina y Ant\u00edlopez<\/strong>, junto al gaditano Jos\u00e9 Luis Garc\u00eda Coss\u00edo, &#8216;<strong>El Selu<\/strong>&#8216;, y el m\u00edtico cantante <strong>Jos\u00e9 Manuel Soto<\/strong> cumplir\u00e1n este s\u00e1bado, 10 de enero, los sue\u00f1os de andaluces y andaluzas en una nueva edici\u00f3n de <strong>\u00abNo dejes de so\u00f1ar\u00bb<\/strong>, presentado por Manu S\u00e1nchez y Pastora Soler. Entre los momentos m\u00e1s destacados, la <strong>sorpresa al \u2018Maestro Alberto\u2019,<\/strong> jiennense nominado durante 5 a\u00f1os consecutivos a mejor docente de Espa\u00f1a.<\/p>\n<p>Los invitados de esta semana llenar\u00e1n de m\u00fasica y humor el escenario con algunos \u00e9xitos conocidos por todos los andaluces, como \u2018Huelva suena diferente\u2019, de Argentina; \u2018Doler\u00e1\u2019, de Ant\u00edlopez; o el conocid\u00edsimo \u2018D\u00e9jate querer\u2019, de Jos\u00e9 Manuel Soto. La nota de humor llegar\u00e1 de la mano de uno de los grandes del Carnaval de C\u00e1diz, \u2018El Selu\u2019, que, en la v\u00edspera del arranque del COAC, pasar\u00e1 por el programa para hacer realidad el sue\u00f1o de dos de sus fans y del d\u00fao Ant\u00edlopez.<\/p>\n<p>Argentina ser\u00e1 la encargada de arrancar la noche de sue\u00f1os cumpliendo el de <strong>Erika Mart\u00edn<\/strong>. Esta joven de <strong>Villarrasa<\/strong> llegar\u00e1 al programa creyendo concursar en una edici\u00f3n especial de \u00abTierra de Talento\u00bb, pero acabar\u00e1 cumpliendo el sue\u00f1o de su vida: <strong>cantar a d\u00fao con su cantante favorita, Argentina<\/strong>. Tras ello, la artista nos deleitar\u00e1 con un viaje por el mundo a trav\u00e9s de sus canciones m\u00e1s conocidas, interpretadas cada una de ellas con un estilo musical diferente.\u00a0<\/p>\n<p>A continuaci\u00f3n, llegar\u00e1 el turno de <strong>Ant\u00edlopez<\/strong>, que <strong>sorprender\u00e1n a un maestro de educaci\u00f3n infantil de los que sientan c\u00e1tedra: Alberto<\/strong>. El jiennense ha sido nominado cinco veces consecutivas a los Premios ABANCA al Docente del A\u00f1o en Espa\u00f1a por su ingenio al <strong>utilizar las canciones y la m\u00fasica para hacer m\u00e1s atractiva la ense\u00f1anza a sus alumnos<\/strong>. Su sue\u00f1o es conocer a Ant\u00edlopez y, c\u00f3mo no, se har\u00e1 realidad.<\/p>\n<p>Despu\u00e9s, <strong>\u2018El Selu\u2019 sorprender\u00e1 al d\u00fao de Isla Cristina<\/strong>, para quienes el compositor de carnaval es todo un referente e \u00eddolo. Una sorpresa que nos dejar\u00e1 momentos de improvisaci\u00f3n, adem\u00e1s de alguna que otra copla, y que ser\u00e1 el ingrediente perfecto en v\u00edsperas del pistoletazo de salida del COAC 2026.<\/p>\n<p>Para cerrar la noche, la familia de <strong>Jos\u00e9 Manuel Soto<\/strong> ser\u00e1 la protagonista. La hija menor del cantante, <strong>Roc\u00edo Soto<\/strong>, nos traer\u00e1 un tema divertido y marchoso compuesto por \u2018Migue\u2019, de Ant\u00edlopez. Lo que ella no sabe es que su padre, Jos\u00e9 Manuel Soto, estar\u00e1 en el programa para sorprenderla y dedicarle una bonita canci\u00f3n.<\/p>\n<p><strong>Fecha de emisi\u00f3n: s\u00e1bado, 10 de enero, a las 21:55 horas en Canal Sur Televisi\u00f3n.<\/strong><\/p>\n","protected":false},"excerpt":{"rendered":"Los onubenses Argentina y Ant\u00edlopez, junto al gaditano Jos\u00e9 Luis Garc\u00eda Coss\u00edo, &#8216;El Selu&#8216;, y el m\u00edtico cantante&hellip;\n","protected":false},"author":2,"featured_media":334216,"comment_status":"","ping_status":"","sticky":false,"template":"","format":"standard","meta":{"footnotes":""},"categories":[171],"tags":[146,147,25,24,23,214],"class_list":{"0":"post-334215","1":"post","2":"type-post","3":"status-publish","4":"format-standard","5":"has-post-thumbnail","7":"category-tv","8":"tag-entertainment","9":"tag-entretenimiento","10":"tag-es","11":"tag-espana","12":"tag-spain","13":"tag-tv"},"share_on_mastodon":{"url":"https:\/\/pubeurope.com\/@es\/115874102140766176","error":""},"_links":{"self":[{"href":"https:\/\/www.europesays.com\/es\/wp-json\/wp\/v2\/posts\/334215","targetHints":{"allow":["GET"]}}],"collection":[{"href":"https:\/\/www.europesays.com\/es\/wp-json\/wp\/v2\/posts"}],"about":[{"href":"https:\/\/www.europesays.com\/es\/wp-json\/wp\/v2\/types\/post"}],"author":[{"embeddable":true,"href":"https:\/\/www.europesays.com\/es\/wp-json\/wp\/v2\/users\/2"}],"replies":[{"embeddable":true,"href":"https:\/\/www.europesays.com\/es\/wp-json\/wp\/v2\/comments?post=334215"}],"version-history":[{"count":0,"href":"https:\/\/www.europesays.com\/es\/wp-json\/wp\/v2\/posts\/334215\/revisions"}],"wp:featuredmedia":[{"embeddable":true,"href":"https:\/\/www.europesays.com\/es\/wp-json\/wp\/v2\/media\/334216"}],"wp:attachment":[{"href":"https:\/\/www.europesays.com\/es\/wp-json\/wp\/v2\/media?parent=334215"}],"wp:term":[{"taxonomy":"category","embeddable":true,"href":"https:\/\/www.europesays.com\/es\/wp-json\/wp\/v2\/categories?post=334215"},{"taxonomy":"post_tag","embeddable":true,"href":"https:\/\/www.europesays.com\/es\/wp-json\/wp\/v2\/tags?post=334215"}],"curies":[{"name":"wp","href":"https:\/\/api.w.org\/{rel}","templated":true}]}}