{"id":334217,"date":"2026-01-11T02:28:07","date_gmt":"2026-01-11T02:28:07","guid":{"rendered":"https:\/\/www.europesays.com\/es\/334217\/"},"modified":"2026-01-11T02:28:07","modified_gmt":"2026-01-11T02:28:07","slug":"godzilla-minus-zero-ya-tiene-fecha-de-estreno-y-sera-un-acontecimiento-mundial-para-la-saga","status":"publish","type":"post","link":"https:\/\/www.europesays.com\/es\/334217\/","title":{"rendered":"\u2018Godzilla Minus Zero\u2019 ya tiene fecha de estreno y ser\u00e1 un acontecimiento mundial para la saga"},"content":{"rendered":"<p class=\"\">&#8216;<a href=\"https:\/\/as.com\/meristation\/cine\/el-primer-teaser-trailer-de-la-secuela-de-godzilla-minus-one-revela-su-titulo-oficial-f202511-n\/\" target=\"_blank\" rel=\"noreferrer nofollow noopener\" title=\"https:\/\/as.com\/meristation\/cine\/el-primer-teaser-trailer-de-la-secuela-de-godzilla-minus-one-revela-su-titulo-oficial-f202511-n\/\"><b>Godzilla Minus Zero<\/b><\/a>&#8216; es la esperada secuela de &#8216;<a href=\"https:\/\/as.com\/meristation\/cine\/godzilla-minus-one-fue-un-exito-absoluto-y-su-secuela-podria-estar-mas-cerca-de-lo-esperado-n\/\" target=\"_blank\" rel=\"noreferrer nofollow noopener\" title=\"https:\/\/as.com\/meristation\/cine\/godzilla-minus-one-fue-un-exito-absoluto-y-su-secuela-podria-estar-mas-cerca-de-lo-esperado-n\/\"><b>Godzilla Minus One<\/b><\/a>\u2018, uno de los grandes \u00e9xitos en la historia reciente del cine japon\u00e9s, y una pel\u00edcula hist\u00f3rica para la longeva saga. <b>TOHO<\/b> ha confirmado las fechas de estreno mundial de la pel\u00edcula, y se trata de todo un acontecimiento para una franquicia que acostumbra a salir primero en Jap\u00f3n y esperar un par de meses hasta que llega a Occidente.<\/p>\n<p class=\"\">En esta ocasi\u00f3n, \u2018Godzilla Minus Zero\u2019 llegar\u00e1 a los cines japoneses el <b>pr\u00f3ximo 3 de noviembre<\/b>, pero la pel\u00edcula se estrenar\u00e1 en Estados Unidos y Canad\u00e1 el <b>6 de noviembre<\/b>, lo que supone una gran noticia para el resto de territorios de Occidente, incluido Espa\u00f1a, pudiendo estrenarse en fechas similares.<\/p>\n<p>Una secuela que llegar\u00e1 antes de lo esperado<\/p>\n<p class=\"\">\u2018Godzilla Minus Zero\u2019 llegar\u00e1 antes de lo que muchos pensaban. El \u00e9xito hist\u00f3rico de \u2018Godzilla Minus One\u2019, siendo la obra que m\u00e1s ha destacado en taquilla y cr\u00edtica de toda la franquicia, ha sido clave para que una secuela estuviese lista lo antes posible.<\/p>\n<p class=\"\">Ganadora del Oscar a los Mejores Efectos Visuales con un presupuesto de entre 10 y 15 millones de d\u00f3lares, lo que supone todo un logro en una industria que se mueve en unas cifras econ\u00f3micas muy superiores en este tipo de obras. Ahora, la secuela regresa con <b>Takashi Yamazaki<\/b> de nuevo al mando, una gran noticia para que la esencia que fascin\u00f3 a cr\u00edtica y p\u00fablico se mantenga.<\/p>\n<p>Noticias relacionadas<\/p>\n<p class=\"\">Suscr\u00edbete al <a href=\"https:\/\/www.youtube.com\/@meristation\" target=\"_self\" rel=\"nofollow noopener\" title=\"https:\/\/www.youtube.com\/@meristation\">canal de MeriStation en YouTube<\/a>, tu web de videojuegos y entretenimiento para conocer todas las noticias y novedades sobre el mundo del videojuego, cine, series, manga y anime. An\u00e1lisis, entrevistas, tr\u00e1ileres, gameplays, p\u00f3dcast y mucho m\u00e1s. Tambi\u00e9n te animamos a seguir <a href=\"https:\/\/www.tiktok.com\/@meristation\" rel=\"nofollow noopener\" title=\"https:\/\/www.tiktok.com\/@meristation\" target=\"_blank\">nuestra cuenta de TikTok<\/a>. <\/p>\n<p class=\"\">\u00a1S\u00edguenos en ambas y, si est\u00e1s interesado en licenciar este contenido, pincha <a href=\"https:\/\/profesional.elpais.com\/soluciones-sindicacion?utm_medium=interno&amp;utm_source=crosslinking&amp;utm_campaign=sindicacion_as_pie_articulos\" target=\"_blank\" rel=\"nofollow noopener\" title=\"https:\/\/profesional.elpais.com\/soluciones-sindicacion?utm_medium=interno&amp;utm_source=crosslinking&amp;utm_campaign=sindicacion_as_pie_articulos\">aqu\u00ed<\/a>!<\/p>\n<p><script async src=\"\/\/www.tiktok.com\/embed.js\"><\/script><\/p>\n","protected":false},"excerpt":{"rendered":"&#8216;Godzilla Minus Zero&#8216; es la esperada secuela de &#8216;Godzilla Minus One\u2018, uno de los grandes \u00e9xitos en la&hellip;\n","protected":false},"author":2,"featured_media":334218,"comment_status":"","ping_status":"","sticky":false,"template":"","format":"standard","meta":{"footnotes":""},"categories":[169],"tags":[177,146,147,25,24,176,175,23],"class_list":{"0":"post-334217","1":"post","2":"type-post","3":"status-publish","4":"format-standard","5":"has-post-thumbnail","7":"category-cine","8":"tag-cine","9":"tag-entertainment","10":"tag-entretenimiento","11":"tag-es","12":"tag-espana","13":"tag-film","14":"tag-movies","15":"tag-spain"},"share_on_mastodon":{"url":"https:\/\/pubeurope.com\/@es\/115874110052909194","error":""},"_links":{"self":[{"href":"https:\/\/www.europesays.com\/es\/wp-json\/wp\/v2\/posts\/334217","targetHints":{"allow":["GET"]}}],"collection":[{"href":"https:\/\/www.europesays.com\/es\/wp-json\/wp\/v2\/posts"}],"about":[{"href":"https:\/\/www.europesays.com\/es\/wp-json\/wp\/v2\/types\/post"}],"author":[{"embeddable":true,"href":"https:\/\/www.europesays.com\/es\/wp-json\/wp\/v2\/users\/2"}],"replies":[{"embeddable":true,"href":"https:\/\/www.europesays.com\/es\/wp-json\/wp\/v2\/comments?post=334217"}],"version-history":[{"count":0,"href":"https:\/\/www.europesays.com\/es\/wp-json\/wp\/v2\/posts\/334217\/revisions"}],"wp:featuredmedia":[{"embeddable":true,"href":"https:\/\/www.europesays.com\/es\/wp-json\/wp\/v2\/media\/334218"}],"wp:attachment":[{"href":"https:\/\/www.europesays.com\/es\/wp-json\/wp\/v2\/media?parent=334217"}],"wp:term":[{"taxonomy":"category","embeddable":true,"href":"https:\/\/www.europesays.com\/es\/wp-json\/wp\/v2\/categories?post=334217"},{"taxonomy":"post_tag","embeddable":true,"href":"https:\/\/www.europesays.com\/es\/wp-json\/wp\/v2\/tags?post=334217"}],"curies":[{"name":"wp","href":"https:\/\/api.w.org\/{rel}","templated":true}]}}