{"id":334230,"date":"2026-01-11T02:35:08","date_gmt":"2026-01-11T02:35:08","guid":{"rendered":"https:\/\/www.europesays.com\/es\/334230\/"},"modified":"2026-01-11T02:35:08","modified_gmt":"2026-01-11T02:35:08","slug":"illa-y-junqueras-se-plantean-como-proximo-objetivo-recaudar-todo-el-irpf-la-voz-de-galicia","status":"publish","type":"post","link":"https:\/\/www.europesays.com\/es\/334230\/","title":{"rendered":"Illa y Junqueras se plantean como pr\u00f3ximo objetivo recaudar todo el IRPF &#8211; La Voz de Galicia"},"content":{"rendered":"<ol>\n<li><a href=\"https:\/\/news.google.com\/rss\/articles\/CBMi2AFBVV95cUxPbmxrbHNlZHJZS1lXcjVjbHdIdG1JdmtYMHljUkVGS1hXcUxBcUZfNW1VT0lfRWJvcnVuQ2NpdjNGYVVXZ2E4QkgyZkFlSzdmaklSLWlJaGpITjVHckl6aDhwdXJJZDBPS1hZMWtTYlFJV0F2ckFocFMwYmxINFBzMG44a19xQUlPejFwWEVfQ25aNHdpeG1ROWhvNW9fdWtIc0xCYnY0cU1TMjRBLWRYYzRPUDJLVVh6VnZocmNBQjVobm5Qa2pWSFBDVF9iZ0F2NTAybzJrZEc?oc=5\" target=\"_blank\" rel=\"nofollow noopener\">Illa y Junqueras se plantean como pr\u00f3ximo objetivo recaudar todo el IRPF<\/a>&nbsp;&nbsp;La Voz de Galicia<\/li>\n<li><a href=\"https:\/\/news.google.com\/rss\/articles\/CBMiekFVX3lxTE5qQ0dHM05Cc2d0WGxMdmtmYUlDcXZ0ZnpveGFlOXhZdDlmNlFxa0I4NXByWXJZX2tjeU9HTFVmMU85d0NEMFB3TkRXa2hIc2lKMDlRTWhSNjdLeXd3OWdVN0RVQ0ZEUzBrYm5NYkxYNlJFV2xENlNCRzJ30gF6QVVfeXFMTzdTX21WZk0tcENfYk01RU5UV3g2WXRrN0ZmdDEzMGs4WmlGXzR2ajZFVzE2R1FOZzlvZnBLRlNrRDhDaENwRk9ZWmJEbll5NFplVlZ4cjN5SXl4NUtSa1FtSzR2bGVuMHRrUDdPRGVvTHJlNE9QeGkwbFE?oc=5\" target=\"_blank\" rel=\"nofollow noopener\">S\u00e1nchez da a Catalu\u00f1a un 182% m\u00e1s que a Extremadura y un 25% m\u00e1s que a Arag\u00f3n en la aportaci\u00f3n extra del Estado al nuevo modelo de financiaci\u00f3n<\/a>&nbsp;&nbsp;El Mundo<\/li>\n<li><a href=\"https:\/\/news.google.com\/rss\/articles\/CBMisgFBVV95cUxOSWx4SERpYmFxN1VPTTR2RG1tUnFSaFh0Z3RTTWpsVGtkTElBQkhYXzdMTWxGWGowS1BQeTlXYlFxM3l5WHFrVGoyaG1YLUF2YnZkcl9aYmk1TXRWSWNiTTZwc3RnclExLU44NXYwaXNlTW9uMmhYcTVPd1YtMGV6enBsWVZfbm9rN01IX3ZidzM5REFERkFFVkhzZnE1UXRIdjhxQkhrNkFONzV2c1hmeXB3?oc=5\" target=\"_blank\" rel=\"nofollow noopener\">Recaudar el IRPF, el pr\u00f3ximo objetivo de la pinza Junqueras-Illa al Gobierno<\/a>&nbsp;&nbsp;Hoy<\/li>\n<li><a href=\"https:\/\/news.google.com\/rss\/articles\/CBMiakFVX3lxTFBpczJ6R1ItWXVmTldRZUc2aUZXQWluWkF6QUFpWGNkVnV5aUczVHg1c1AtYWJsUW9QaG5vd08zRVNyZ0x2RFU0REVuVUQwSm1OOXEzdmthR2dQZXUzS3RvTVphbm1CWlJ3Z2c?oc=5\" target=\"_blank\" rel=\"nofollow noopener\">Hora de cambiar<\/a>&nbsp;&nbsp;EL PA\u00cdS<\/li>\n<li><a href=\"https:\/\/news.google.com\/rss\/articles\/CBMipgFBVV95cUxNeHZmTTlROFktUU1seTR2LVVPZXFqNkliMVlCbnMzQWNfdldqaGVOajhqNkxMemhlWUdiMjB3RGIzZWxLbkRwQ3BqNl9QRDlCZTl4aFNBSHI2OUR5MWEtaG9MX1JXclB5c1FqT1VtX2Jub1BRSWNSUm1XY1o3LWxJSWdUYVRNazNiYVpRSFZhdnNRNDVaLXBYZ3NFQVRER0x0bTA4Mzhn?oc=5\" target=\"_blank\" rel=\"nofollow noopener\">Montero reconoce que la nueva financiaci\u00f3n auton\u00f3mica dejar\u00eda sin margen de gasto a su sucesor en Hacienda<\/a>&nbsp;&nbsp;El Confidencial<\/li>\n<\/ol>\n","protected":false},"excerpt":{"rendered":"Illa y Junqueras se plantean como pr\u00f3ximo objetivo recaudar todo el IRPF&nbsp;&nbsp;La Voz de Galicia S\u00e1nchez da a&hellip;\n","protected":false},"author":2,"featured_media":334231,"comment_status":"","ping_status":"","sticky":false,"template":"","format":"standard","meta":{"footnotes":""},"categories":[8],"tags":[17,18,6324,25,24,13,14,14635,11,766,10759,19,20,9,10,15,16,28285,1699,13347,23,12,21,22],"class_list":{"0":"post-334230","1":"post","2":"type-post","3":"status-publish","4":"format-standard","5":"has-post-thumbnail","7":"category-espana","8":"tag-breaking-news","9":"tag-breakingnews","10":"tag-erc","11":"tag-es","12":"tag-espana","13":"tag-featured-news","14":"tag-featurednews","15":"tag-financiacion-autonomica","16":"tag-headlines","17":"tag-impuestos","18":"tag-irpf","19":"tag-latest-news","20":"tag-latestnews","21":"tag-news","22":"tag-noticias","23":"tag-noticias-destacadas","24":"tag-noticiasdestacadas","25":"tag-oriol-junqueras","26":"tag-psoe","27":"tag-salvador-illa","28":"tag-spain","29":"tag-titulares","30":"tag-ultimas-noticias","31":"tag-ultimasnoticias"},"share_on_mastodon":{"url":"https:\/\/pubeurope.com\/@es\/115874137540428941","error":""},"_links":{"self":[{"href":"https:\/\/www.europesays.com\/es\/wp-json\/wp\/v2\/posts\/334230","targetHints":{"allow":["GET"]}}],"collection":[{"href":"https:\/\/www.europesays.com\/es\/wp-json\/wp\/v2\/posts"}],"about":[{"href":"https:\/\/www.europesays.com\/es\/wp-json\/wp\/v2\/types\/post"}],"author":[{"embeddable":true,"href":"https:\/\/www.europesays.com\/es\/wp-json\/wp\/v2\/users\/2"}],"replies":[{"embeddable":true,"href":"https:\/\/www.europesays.com\/es\/wp-json\/wp\/v2\/comments?post=334230"}],"version-history":[{"count":0,"href":"https:\/\/www.europesays.com\/es\/wp-json\/wp\/v2\/posts\/334230\/revisions"}],"wp:featuredmedia":[{"embeddable":true,"href":"https:\/\/www.europesays.com\/es\/wp-json\/wp\/v2\/media\/334231"}],"wp:attachment":[{"href":"https:\/\/www.europesays.com\/es\/wp-json\/wp\/v2\/media?parent=334230"}],"wp:term":[{"taxonomy":"category","embeddable":true,"href":"https:\/\/www.europesays.com\/es\/wp-json\/wp\/v2\/categories?post=334230"},{"taxonomy":"post_tag","embeddable":true,"href":"https:\/\/www.europesays.com\/es\/wp-json\/wp\/v2\/tags?post=334230"}],"curies":[{"name":"wp","href":"https:\/\/api.w.org\/{rel}","templated":true}]}}