{"id":334241,"date":"2026-01-11T02:50:13","date_gmt":"2026-01-11T02:50:13","guid":{"rendered":"https:\/\/www.europesays.com\/es\/334241\/"},"modified":"2026-01-11T02:50:13","modified_gmt":"2026-01-11T02:50:13","slug":"bts-desata-la-ilusion-de-sus-fans-en-colombia-crecen-los-rumores-de-un-posible-concierto-en-bogota","status":"publish","type":"post","link":"https:\/\/www.europesays.com\/es\/334241\/","title":{"rendered":"BTS desata la ilusi\u00f3n de sus fans en Colombia: crecen los rumores de un posible concierto en Bogot\u00e1"},"content":{"rendered":"<p><img alt=\"BTS anunci\u00f3 una gira mundial\" class=\"global-image\" decoding=\"async\" fetchpriority=\"high\" height=\"1080\" loading=\"eager\" src=\"https:\/\/www.europesays.com\/es\/wp-content\/uploads\/2026\/01\/1768099810_341_6JHVUOQRM5ASLEQ4EQO56DECHE.jpg\" width=\"1920\"\/>BTS anunci\u00f3 una gira mundial para 2026, generando expectativas entre millones de fan\u00e1ticos del K-Pop alrededor del mundo, Colombia incluida &#8211; cr\u00e9dito BIGHIT Music<\/p>\n<p class=\"paragraph\">El regreso de BTS a la escena musical, tras cuatro a\u00f1os de pausa, es una de las noticias con las que cerr\u00f3 2025. La reconocida agrupaci\u00f3n de K-Pop se vio obligada a detener su carrera durante cuatro a\u00f1os debido a las leyes de Corea del Sur que les exig\u00edan presentarse para prestar el servicio militar obligatorio. <\/p>\n<p class=\"paragraph\">Culminadas sus obligaciones con la milicia y tras conocerse la renovaci\u00f3n de los contratos de sus siete miembros con la compa\u00f1\u00eda Big Hit Music, la misma que form\u00f3 el proyecto; la BTS Army permanece atenta a los movimientos de sus miembros, pero tambi\u00e9n de las cuentas en redes sociales, luego de que la banda anunciara primero una gira mundial que dar\u00e1 inicio en 2026, as\u00ed como un nuevo \u00e1lbum de estudio que se grab\u00f3 durante 2025 y saldr\u00e1 a plataformas digitales el pr\u00f3ximo 20 de marzo.<\/p>\n<p class=\"paragraph\"><b>Ahora seguirnos en<\/b><a rel=\"noopener nofollow\" href=\"https:\/\/www.facebook.com\/infobaecolombia\" target=\"_blank\"><b> Facebook<\/b><\/a><b> y en nuestro<\/b><a rel=\"noopener nofollow\" href=\"https:\/\/whatsapp.com\/channel\/0029Va4oNEALikgEL4Y8mb2K\" target=\"_blank\"><b> WhatsApp Channel<\/b><\/a><\/p>\n<p class=\"paragraph\">La fanaticada de BTS en Colombia est\u00e1 particularmente atenta a sus movimientos, pues parece cuesti\u00f3n de tiempo para que se revelen las fechas de su primera gira en cinco a\u00f1os, y con ello se anuncie su primera visita al pa\u00eds. <\/p>\n<p class=\"paragraph\">Cabe se\u00f1alar que, a pesar de que los surcoreanos visitaron Latinoam\u00e9rica en tres ocasiones \u2013incluyendo a M\u00e9xico, Brasil, Chile y Argentina\u2013, no se tom\u00f3 en cuenta a Colombia, pese a la insistencia de sus fans.<\/p>\n<p><img alt=\"BTS visit\u00f3 anteriormente M\u00e9xico, Brasil,\" class=\"global-image\" decoding=\"async\" fetchpriority=\"low\" height=\"1665\" loading=\"lazy\" src=\"https:\/\/www.europesays.com\/es\/wp-content\/uploads\/2026\/01\/1768099811_598_7VZXWKFPHBCQBEYFRRJJEHSQYY.jpg\" width=\"2500\"\/>BTS visit\u00f3 anteriormente M\u00e9xico, Brasil, Chile y Argentina, pero nunca ha realizado un concierto en Colombia pese a la demanda local &#8211; cr\u00e9dito Richard Shotwell\/Invision\/AP<\/p>\n<p class=\"paragraph\">En los \u00faltimos d\u00edas, hubo una se\u00f1al que result\u00f3 especialmente esperanzadora para la Army en Colombia. <b>Usuarios y cuentas ligadas a BTS compartieron capturas de pantalla en los que se vio a la tiquetera Ticketmaster Colombia siguiendo la cuenta oficial del emblem\u00e1tico grupo K-Pop.<\/b><\/p>\n<p class=\"paragraph\">Para los fan\u00e1ticos, esto representa un indicio relevante, debido a que ese tipo de movimientos por parte de productoras de conciertos o empresas ligadas a los espect\u00e1culos en vivo solo se producen cuando hay relaciones comerciales en marcha. <\/p>\n<p class=\"paragraph\">Por supuesto, no se trata de una confirmaci\u00f3n formal, pero es el indicio que genera expectativa para el calendario de conciertos en Colombia y la posibilidad de recibir uno de los actos m\u00e1s significativos de la m\u00fasica pop en lo corrido del siglo XXI.<\/p>\n<p><img alt=\"Ticketmaster Colombia sigue a BTS\" class=\"global-image\" decoding=\"async\" fetchpriority=\"low\" height=\"439\" loading=\"lazy\" src=\"https:\/\/www.europesays.com\/es\/wp-content\/uploads\/2026\/01\/JGRRIHQ2G5EAXBX5FJZJYJN76I.jpg\" width=\"291\"\/>Ticketmaster Colombia sigue a BTS en redes sociales, lo que los fan\u00e1ticos interpretan como una posible se\u00f1al de pr\u00f3ximo concierto en el pa\u00eds &#8211; cr\u00e9dito @BTSFondosARMYCo\/X<\/p>\n<p class=\"paragraph\">Por el momento, ni la agrupaci\u00f3n ni su agencia han compartido informaci\u00f3n oficial sobre las ciudades que visitar\u00e1n o los escenarios confirmados. Y la expectativa se mantiene entre las comunidades de la Army en Colombia, ya que el anuncio podr\u00eda marcar un hito en la historia del K-pop en Am\u00e9rica Latina.<\/p>\n<p><img alt=\"Katseye fue uno de los\" class=\"global-image\" decoding=\"async\" fetchpriority=\"low\" height=\"3846\" loading=\"lazy\" src=\"https:\/\/www.europesays.com\/es\/wp-content\/uploads\/2026\/01\/MBDIABQV55DTHCIO5MTCD2GIMM.JPG\" width=\"5769\"\/>Katseye fue uno de los grupos de K-Pop que durante la \u00faltima d\u00e9cada visit\u00f3 Colombia y aport\u00f3 para consolidar el pa\u00eds como un destino habitual para dichos grupos &#8211; cr\u00e9dito Kylie Cooper\/REUTERS<\/p>\n<p class=\"paragraph\">Aunque el K-Pop como tendencia musical lleva existiendo m\u00e1s de tres d\u00e9cadas, solo en los a\u00f1os 2010 se convirti\u00f3 en un fen\u00f3meno de alcance global. El \u00e9xito de Gangnam Style de PSY en la red durante 2012, sumado al auge de idols como BTS y Blackpink en los a\u00f1os siguientes, les permitieron conquistar los Estados Unidos e incluirse entre las figuras m\u00e1s populares del mundo.<\/p>\n<p class=\"paragraph\">Colombia ingres\u00f3 de forma algo tard\u00eda al radar de las agrupaciones K-Pop, pero factores como el auge de las redes sociales y una mayor facilidad de acceso a la m\u00fasica de otros rincones del mundo, forjaron una fanaticada alrededor de sus distintas agrupaciones a pesar de que no contaban (y siguen sin contar) con el apoyo radial de las emisoras nacionales. Inclusive en 2021 fueron relevantes episodios donde las emisoras La Mega y Radioacktiva se burlaron de BTS, lo que llev\u00f3 a sus seguidores (la Army) a indignarse con los locutores.<\/p>\n<p class=\"paragraph\">Desde la visita de U-KISS en 2012 como parte del Evento 40, el K-Pop fue explorando y consolidando una audiencia de forma activa y paulatina en el pa\u00eds. Prueba de ello es que al a\u00f1o siguiente U-KISS volvi\u00f3 a presentarse en el pa\u00eds, esta vez en solitario.<\/p>\n<p class=\"paragraph\">En los a\u00f1os posteriores agrupaciones como TEENTOP, Dreamcatcher, K.A.R.D. y M.O.N.T. visitaron Colombia,<b> pero 2023 marc\u00f3 un punto de quiebre con tres presentaciones clave: NCT 127 en el Movistar Arena, ATEEZ en el Coliseo Medplus, y The Rose (si bien este se encuentra catalogado como K-Rock) en el Festival Est\u00e9reo Picnic<\/b>, quienes demostraron que hab\u00eda una demanda en crecimiento por ver artistas surcoreanos en el pa\u00eds.<\/p>\n<p class=\"paragraph\">Para finales de 2024 y durante 2025, la agenda continu\u00f3 activa con la visita de Rocky (ex-ASTRO) en octubre de 2024 y el grupo A.C.E, que se present\u00f3 en Bogot\u00e1 ese mismo mes. Adem\u00e1s, se confirm\u00f3 la llegada de KATSEYE para marzo de 2026. De este modo, la posibilidad de que el grupo pionero en esta expansi\u00f3n del K-Pop visite el pa\u00eds ser\u00eda la consolidaci\u00f3n de un esfuerzo paciente y constante por abrir un mercado tradicionalmente m\u00e1s orientado al pop latino y el g\u00e9nero urbano.<\/p>\n","protected":false},"excerpt":{"rendered":"BTS anunci\u00f3 una gira mundial para 2026, generando expectativas entre millones de fan\u00e1ticos del K-Pop alrededor del mundo,&hellip;\n","protected":false},"author":2,"featured_media":317575,"comment_status":"","ping_status":"","sticky":false,"template":"","format":"standard","meta":{"footnotes":""},"categories":[170],"tags":[3118,43114,146,147,25,24,184,185,3119,23],"class_list":{"0":"post-334241","1":"post","2":"type-post","3":"status-publish","4":"format-standard","5":"has-post-thumbnail","7":"category-musica","8":"tag-arts-culture-entertainment","9":"tag-elmont","10":"tag-entertainment","11":"tag-entretenimiento","12":"tag-es","13":"tag-espana","14":"tag-music","15":"tag-musica","16":"tag-north-america","17":"tag-spain"},"share_on_mastodon":{"url":"https:\/\/pubeurope.com\/@es\/115874196966084340","error":""},"_links":{"self":[{"href":"https:\/\/www.europesays.com\/es\/wp-json\/wp\/v2\/posts\/334241","targetHints":{"allow":["GET"]}}],"collection":[{"href":"https:\/\/www.europesays.com\/es\/wp-json\/wp\/v2\/posts"}],"about":[{"href":"https:\/\/www.europesays.com\/es\/wp-json\/wp\/v2\/types\/post"}],"author":[{"embeddable":true,"href":"https:\/\/www.europesays.com\/es\/wp-json\/wp\/v2\/users\/2"}],"replies":[{"embeddable":true,"href":"https:\/\/www.europesays.com\/es\/wp-json\/wp\/v2\/comments?post=334241"}],"version-history":[{"count":0,"href":"https:\/\/www.europesays.com\/es\/wp-json\/wp\/v2\/posts\/334241\/revisions"}],"wp:featuredmedia":[{"embeddable":true,"href":"https:\/\/www.europesays.com\/es\/wp-json\/wp\/v2\/media\/317575"}],"wp:attachment":[{"href":"https:\/\/www.europesays.com\/es\/wp-json\/wp\/v2\/media?parent=334241"}],"wp:term":[{"taxonomy":"category","embeddable":true,"href":"https:\/\/www.europesays.com\/es\/wp-json\/wp\/v2\/categories?post=334241"},{"taxonomy":"post_tag","embeddable":true,"href":"https:\/\/www.europesays.com\/es\/wp-json\/wp\/v2\/tags?post=334241"}],"curies":[{"name":"wp","href":"https:\/\/api.w.org\/{rel}","templated":true}]}}