{"id":334323,"date":"2026-01-11T04:05:29","date_gmt":"2026-01-11T04:05:29","guid":{"rendered":"https:\/\/www.europesays.com\/es\/334323\/"},"modified":"2026-01-11T04:05:29","modified_gmt":"2026-01-11T04:05:29","slug":"ayuntamiento-de-torrelavega-6","status":"publish","type":"post","link":"https:\/\/www.europesays.com\/es\/334323\/","title":{"rendered":"Ayuntamiento de Torrelavega"},"content":{"rendered":"<p>                                    <img decoding=\"async\" src=\"https:\/\/www.europesays.com\/es\/wp-content\/uploads\/2026\/01\/100126.jpg\" style=\"width: 100%;margin-bottom: 40px;\" data-pagespeed-url-hash=\"1866961019\" onload=\"pagespeed.CriticalImages.checkImageForCriticality(this);\"\/><\/p>\n<p>El 37\u00ba Festival de Invierno de Torrelavega levanta el tel\u00f3n este s\u00e1bado, 10 de enero, a las 20:00 horas, con \u2018El barbero de Picasso\u2019, una comedia interpretada por Antonio Molero, Pepe Viyuela, Mar Calvo y Jos\u00e9 Ram\u00f3n Iglesias, que toma como punto de partida la conocida relaci\u00f3n de amistad y camarader\u00eda que el pintor malague\u00f1o mantuvo con su peluquero Eugenio Aria en Vallauris desde 1948.<\/p>\n<p>Y el domingo, 11 de enero, Teatro para Beb\u00e9s en doble sesi\u00f3n: 11:00 y 12:30 horas, con la obra \u2018Madame Lumi\u00e9re\u2019 de la Compa\u00f1\u00eda La Menuda. Un espect\u00e1culo recomendado para ni\u00f1os de 0 a 4 a\u00f1os.<\/p>\n<p>En ambos casos, las entradas ya est\u00e1n agotadas excepto el 10% del aforo que saldr\u00e1 a la venta el mismo d\u00eda del espect\u00e1culo a las 08:00 horas al precio de 13, 15 y 18 euros en el caso de \u2018El barbero de Picasso\u2019; y de 4 euros para la obra infantil.<\/p>\n<p>El Festival de Invierno continuar\u00e1 la pr\u00f3xima semana con las representaciones de \u2018Nozing\u2019, el jueves, 15 de enero, a las 20:30 horas, dentro de la programaci\u00f3n de \u2018Jueves \u00cdntimos\u2019. \u2018Ol\u00e9! The gipsy King of comedy\u2019 el viernes, 16 de enero, a las 21:00 horas, dentro de \u2018Teatro Joven\u2019. \u2018Asesinato en el Oriente Express\u2019, el s\u00e1bado, 17 de enero a las 20:00 horas; y dentro de la programaci\u00f3n de Teatro Infantil el domingo, 18 de enero, a las 12:00 horas, se presenta \u2018Bagaxe\u2019, un espect\u00e1culo recomendado a partir de 6 a\u00f1os.<\/p>\n<p>El 37\u00ba Festival de Invierno de Torrelavega se prolongar\u00e1 hasta el 28 de febrero y presenta, en palabras de la concejal de Cultura, Esther V\u00e9lez, una programaci\u00f3n \u201crica, exigente, accesible, diversa, de gran calidad y diversidad\u201d dirigida a todos los p\u00fablicos formada por 25 espect\u00e1culos con artistas, compa\u00f1\u00eda de \u201cprimer nivel\u201d como, por ejemplo: Antonio Molero, Pepe Viyuela, Toni Acosta, Ana Torrent, Juanjo Artero, Alicia Borrachero, Fran Perea\u2026\u00a0\u00a0 Adem\u00e1s, de humoristas y artistas reconocidos como Sergio Bezos, Pablo Ibarburu y Joaqu\u00edn Pajar\u00f3n en el ciclo Viernes Joven.<\/p>\n<p>Este a\u00f1o, y como novedad, V\u00e9lez ha recordado que se ha incluido en la programaci\u00f3n la secci\u00f3n \u2018Mi\u00e9rcoles Estreno Cantabria\u2019 dedicada a compa\u00f1\u00edas locales que inaugurar\u00e1 la compa\u00f1\u00eda de teatro de Mar\u00eda Castillo con la obra \u2018En alg\u00fan lugar estaremos bien\u2019. Ser\u00e1 el 28 de enero, a las 20:30 horas.<\/p>\n<p><strong>OTROS SERVICIOS DEL FIT<\/strong><\/p>\n<p>El Festival de Invierno cuenta con servicios adicionales a disposici\u00f3n del p\u00fablico, como el descuento en el aparcamiento de La Llama, la posibilidad de reservar taxis o incluso mesas en restaurantes tras las funciones. Adem\u00e1s, el Teatro Concha Espina cuenta con medidas espec\u00edficas de accesibilidad, incluyendo espacios reservados para personas con diversidad funcional mot\u00f3rica, visual y auditiva, garantizando que todos los espectadores puedan disfrutar de esta experiencia cultural en las mejores condiciones.<\/p>\n<p>Toda la informaci\u00f3n del 37\u00ba Festival de Invierno se puede consultar en la Web del Teatro Municipal Concha Espina: <a href=\"http:\/\/www.tmce.es\" rel=\"nofollow noopener\" target=\"_blank\">www.tmce.es<\/a><\/p>\n","protected":false},"excerpt":{"rendered":"El 37\u00ba Festival de Invierno de Torrelavega levanta el tel\u00f3n este s\u00e1bado, 10 de enero, a las 20:00&hellip;\n","protected":false},"author":2,"featured_media":333657,"comment_status":"","ping_status":"","sticky":false,"template":"","format":"standard","meta":{"footnotes":""},"categories":[91],"tags":[146,147,25,24,23],"class_list":{"0":"post-334323","1":"post","2":"type-post","3":"status-publish","4":"format-standard","5":"has-post-thumbnail","7":"category-entretenimiento","8":"tag-entertainment","9":"tag-entretenimiento","10":"tag-es","11":"tag-espana","12":"tag-spain"},"share_on_mastodon":{"url":"https:\/\/pubeurope.com\/@es\/115874491602034921","error":""},"_links":{"self":[{"href":"https:\/\/www.europesays.com\/es\/wp-json\/wp\/v2\/posts\/334323","targetHints":{"allow":["GET"]}}],"collection":[{"href":"https:\/\/www.europesays.com\/es\/wp-json\/wp\/v2\/posts"}],"about":[{"href":"https:\/\/www.europesays.com\/es\/wp-json\/wp\/v2\/types\/post"}],"author":[{"embeddable":true,"href":"https:\/\/www.europesays.com\/es\/wp-json\/wp\/v2\/users\/2"}],"replies":[{"embeddable":true,"href":"https:\/\/www.europesays.com\/es\/wp-json\/wp\/v2\/comments?post=334323"}],"version-history":[{"count":0,"href":"https:\/\/www.europesays.com\/es\/wp-json\/wp\/v2\/posts\/334323\/revisions"}],"wp:featuredmedia":[{"embeddable":true,"href":"https:\/\/www.europesays.com\/es\/wp-json\/wp\/v2\/media\/333657"}],"wp:attachment":[{"href":"https:\/\/www.europesays.com\/es\/wp-json\/wp\/v2\/media?parent=334323"}],"wp:term":[{"taxonomy":"category","embeddable":true,"href":"https:\/\/www.europesays.com\/es\/wp-json\/wp\/v2\/categories?post=334323"},{"taxonomy":"post_tag","embeddable":true,"href":"https:\/\/www.europesays.com\/es\/wp-json\/wp\/v2\/tags?post=334323"}],"curies":[{"name":"wp","href":"https:\/\/api.w.org\/{rel}","templated":true}]}}