{"id":334393,"date":"2026-01-11T05:13:15","date_gmt":"2026-01-11T05:13:15","guid":{"rendered":"https:\/\/www.europesays.com\/es\/334393\/"},"modified":"2026-01-11T05:13:15","modified_gmt":"2026-01-11T05:13:15","slug":"tom-cruise-visita-el-set-de-star-wars-starfighter-y-acaba-rodando-una-escena-con-sables-laser","status":"publish","type":"post","link":"https:\/\/www.europesays.com\/es\/334393\/","title":{"rendered":"Tom Cruise visita el set de \u2018Star Wars: Starfighter\u2019 y acaba rodando una escena con sables l\u00e1ser"},"content":{"rendered":"<p><strong>La visita de <a href=\"https:\/\/www.ecartelera.com\/personas\/tom-cruise\/\" data-mention-type=\"persona\" data-mention-id=\"51\" rel=\"nofollow noopener\" target=\"_blank\">Tom Cruise<\/a> al rodaje de &#8216;<a href=\"https:\/\/www.ecartelera.com\/peliculas\/star-wars-starfighter\/\" data-mention-type=\"pelicula\" data-mention-id=\"19193\" rel=\"nofollow noopener\" target=\"_blank\">Star Wars: Starfighter<\/a>&#8216;<\/strong> acab\u00f3 convirti\u00e9ndose en algo m\u00e1s que un simple gesto de curiosidad cin\u00e9fila. Seg\u00fan ha revelado <a href=\"https:\/\/www.ecartelera.com\/personas\/shawn-levy\/\" data-mention-type=\"persona\" data-mention-id=\"2257\" rel=\"nofollow noopener\" target=\"_blank\">Shawn Levy<\/a> en una entrevista con <a href=\"https:\/\/www.nytimes.com\/2026\/01\/08\/movies\/shawn-levy-star-wars-stranger-things.html\" target=\"_blank\" rel=\"nofollow noopener\">The New York Times<\/a>, <strong>el actor termin\u00f3 participando activamente en el rodaje<\/strong> de una de las escenas de duelo con sables de luz de la pel\u00edcula, que llegar\u00e1 a los cines el <strong>28 de mayo de 2027 <\/strong>y est\u00e1 protagonizada por <a href=\"https:\/\/www.ecartelera.com\/personas\/ryan-gosling\/\" data-mention-type=\"persona\" data-mention-id=\"3379\" rel=\"nofollow noopener\" target=\"_blank\">Ryan Gosling<\/a>.<\/p>\n<p>Tr\u00e1iler &#8216;Star Wars: The Mandalorian and Grogu&#8217;<\/p>\n<p><video id=\"vid-35757\" class=\"video-js vjs-default-skin\" data-title=\"Tr\u00e1iler 'Star Wars: The Mandalorian and Grogu'\" poster=\"https:\/\/www.ecartelera.com\/images\/videos\/35700\/f35757.jpg\" controls=\"\" preload=\"auto\" width=\"640\" height=\"360\" playsinline=\"\" data-vtt=\"\/\/v1.ecartelera.com\/video\/35700\/35757_sprite.vtt\" data-stream=\"1\">El navegador no soporta el tag de v\u00eddeo.<\/video><\/p>\n<p>X<\/p>\n<p>La propia noticia describe la escena con un tono casi cinematogr\u00e1fico: \u201c<strong>Tom Cruise estaba con el agua y el barro hasta los tobillos<\/strong>. Mostraba una expresi\u00f3n de m\u00e1xima concentraci\u00f3n mientras se inclinaba sobre una c\u00e1mara digital, intentando encuadrar el plano perfecto. <strong>Shawn Levy miraba a su alrededor con una ligera incredulidad<\/strong>\u201d. La imagen resume bien la implicaci\u00f3n del actor, que no se limit\u00f3 a observar el trabajo del equipo t\u00e9cnico.<\/p>\n<p>Levy explic\u00f3 que <strong>la presencia de grandes nombres en el set se hab\u00eda vuelto casi cotidiana<\/strong>: \u201cLa semana pasada estuvo aqu\u00ed <a href=\"https:\/\/www.ecartelera.com\/personas\/steven-spielberg\/\" data-mention-type=\"persona\" data-mention-id=\"177\" rel=\"nofollow noopener\" target=\"_blank\">Steven Spielberg<\/a>y ahora Tom Cruise empu\u00f1ando una c\u00e1mara, <strong>estrope\u00e1ndose unos zapatos muy bonitos<\/strong>\u201d. En un principio, Cruise asegur\u00f3 que solo quer\u00eda mirar, pero la situaci\u00f3n dio un giro inesperado cuando el director le propuso, medio en broma, que cogiera una de las c\u00e1maras durante la preparaci\u00f3n de una escena ambientada en el agua y centrada en un combate con sables l\u00e1ser.<\/p>\n<p>\t\t\t\t\t\t\t<img decoding=\"async\" loading=\"lazy\" src=\"https:\/\/www.europesays.com\/es\/wp-content\/uploads\/2026\/01\/238098_tom-cruise-tuvo-que-ser-rescatado-por-su-equipo-en.jpg\" alt=\"Tom Cruise se atrevi\u00f3 a dirigir una secuencia de 'Star Wars: Starfighter'\" width=\"1200\" height=\"840\"\/><\/p>\n<p>\t\t\t\t\t\tTom Cruise se atrevi\u00f3 a dirigir una secuencia de &#8216;Star Wars: Starfighter&#8217; (Paramount Pictures)<\/p>\n<p><strong>La broma acab\u00f3 materializ\u00e1ndose<\/strong>. Cruise no dud\u00f3 en meterse en el estanque embarrado y ponerse a grabar como si formara parte habitual del equipo: \u201cCruise solo quer\u00eda mirar, les dijo, pero Levy, mientras preparaba una escena con un duelo de sables de luz en el agua, sugiri\u00f3 que la estrella se pusiera detr\u00e1s de una de las c\u00e1maras. Lo dec\u00eda en broma. <strong>Pero all\u00ed estaba Cruise, avanzando por el estanque fangoso, sujetando la c\u00e1mara como un profesional<\/strong>\u201d.<\/p>\n<p>El propio Levy subraya con entusiasmo la an\u00e9cdota y su resultado final en la pel\u00edcula: \u201cAhora, cuando ve\u00e1is la pel\u00edcula, <strong>sabr\u00e9is que una parte est\u00e1 rodada por Tom<\/strong>. Quiero decir, \u00bfc\u00f3mo de incre\u00edble es eso?\u201d. Un detalle que a\u00f1ade una capa casi mitol\u00f3gica al rodaje de esta nueva entrega ambientada en el universo <a href=\"https:\/\/www.ecartelera.com\/sagas\/star-wars\/\" data-mention-type=\"saga\" data-mention-id=\"9\" rel=\"nofollow noopener\" target=\"_blank\">Star Wars<\/a>.<\/p>\n<p>\t\t\t\t\t\t\t<img decoding=\"async\" loading=\"lazy\" src=\"https:\/\/www.europesays.com\/es\/wp-content\/uploads\/2026\/01\/243801_primera-imagen-de-ryan-gosling-en-el-set-de-star-.jpg\" alt=\"Primera imagen de Ryan Gosling en el set de 'Star Wars: Starfighter' en pleno Mediterr\u00e1neo\" width=\"1200\" height=\"750\"\/><\/p>\n<p>\t\t\t\t\t\tShawn Levy y Ryan Gosling encabezan el proyecto de &#8216;Star Wars: Starfighter&#8217; (Disney)<br \/>\n\t\t\t\t\t\tTodo lo que sabemos sobre &#8216;Starfighter&#8217;<\/p>\n<p>Por el momento,<strong> se conocen pocos detalles sobre &#8216;Star Wars: Starfighter&#8217;<\/strong>. El proyecto se presenta como una historia original dentro de la saga, independiente de la l\u00ednea argumental de los Skywalker. Ryan Gosling <strong>encabeza el reparto junto a<\/strong> <a href=\"https:\/\/www.ecartelera.com\/personas\/matt-smith\/\" data-mention-type=\"persona\" data-mention-id=\"11044\" rel=\"nofollow noopener\" target=\"_blank\">Matt Smith<\/a>, <a href=\"https:\/\/www.ecartelera.com\/personas\/mia-goth\/\" data-mention-type=\"persona\" data-mention-id=\"7889\" rel=\"nofollow noopener\" target=\"_blank\">Mia Goth<\/a>, <a href=\"https:\/\/www.ecartelera.com\/personas\/aaron-pierre\/\" data-mention-type=\"persona\" data-mention-id=\"29288\" rel=\"nofollow noopener\" target=\"_blank\">Aaron Pierre<\/a> y <a href=\"https:\/\/www.ecartelera.com\/personas\/amy-adams\/\" data-mention-type=\"persona\" data-mention-id=\"76\" rel=\"nofollow noopener\" target=\"_blank\">Amy Adams<\/a>, entre otros.<\/p>\n<p>En la misma entrevista, Levy reflexion\u00f3 sobre su forma de afrontar las grandes producciones: \u201cYo soy el tipo al que los estudios llaman <strong>cuando quieren a alguien que sepa tomarse en serio su inversi\u00f3n<\/strong> y cumplir de manera responsable\u201d. El director viene de firmar uno de los mayores \u00e9xitos comerciales recientes de Marvel, &#8216;<a href=\"https:\/\/www.ecartelera.com\/peliculas\/deadpool-3\/\" data-mention-type=\"pelicula\" data-mention-id=\"16608\" rel=\"nofollow noopener\" target=\"_blank\">Deadpool y Lobezno<\/a>&#8216;,<strong> que recaud\u00f3 1.300 millones de d\u00f3lares<\/strong> pese a estar calificada R  (+18 en Espa\u00f1a).<\/p>\n","protected":false},"excerpt":{"rendered":"La visita de Tom Cruise al rodaje de &#8216;Star Wars: Starfighter&#8216; acab\u00f3 convirti\u00e9ndose en algo m\u00e1s que un&hellip;\n","protected":false},"author":2,"featured_media":334394,"comment_status":"","ping_status":"","sticky":false,"template":"","format":"standard","meta":{"footnotes":""},"categories":[169],"tags":[1014,1015,1013,177,1011,146,147,25,24,782,176,1019,1016,175,753,1012,23,1017,1018],"class_list":{"0":"post-334393","1":"post","2":"type-post","3":"status-publish","4":"format-standard","5":"has-post-thumbnail","7":"category-cine","8":"tag-actores","9":"tag-actrices","10":"tag-cartelera","11":"tag-cine","12":"tag-ecartelera","13":"tag-entertainment","14":"tag-entretenimiento","15":"tag-es","16":"tag-espana","17":"tag-estrellas","18":"tag-film","19":"tag-fotogramas","20":"tag-fotos","21":"tag-movies","22":"tag-peliculas","23":"tag-pelis","24":"tag-spain","25":"tag-trailers","26":"tag-videos"},"share_on_mastodon":{"url":"https:\/\/pubeurope.com\/@es\/115874758991218457","error":""},"_links":{"self":[{"href":"https:\/\/www.europesays.com\/es\/wp-json\/wp\/v2\/posts\/334393","targetHints":{"allow":["GET"]}}],"collection":[{"href":"https:\/\/www.europesays.com\/es\/wp-json\/wp\/v2\/posts"}],"about":[{"href":"https:\/\/www.europesays.com\/es\/wp-json\/wp\/v2\/types\/post"}],"author":[{"embeddable":true,"href":"https:\/\/www.europesays.com\/es\/wp-json\/wp\/v2\/users\/2"}],"replies":[{"embeddable":true,"href":"https:\/\/www.europesays.com\/es\/wp-json\/wp\/v2\/comments?post=334393"}],"version-history":[{"count":0,"href":"https:\/\/www.europesays.com\/es\/wp-json\/wp\/v2\/posts\/334393\/revisions"}],"wp:featuredmedia":[{"embeddable":true,"href":"https:\/\/www.europesays.com\/es\/wp-json\/wp\/v2\/media\/334394"}],"wp:attachment":[{"href":"https:\/\/www.europesays.com\/es\/wp-json\/wp\/v2\/media?parent=334393"}],"wp:term":[{"taxonomy":"category","embeddable":true,"href":"https:\/\/www.europesays.com\/es\/wp-json\/wp\/v2\/categories?post=334393"},{"taxonomy":"post_tag","embeddable":true,"href":"https:\/\/www.europesays.com\/es\/wp-json\/wp\/v2\/tags?post=334393"}],"curies":[{"name":"wp","href":"https:\/\/api.w.org\/{rel}","templated":true}]}}