{"id":334410,"date":"2026-01-11T05:30:10","date_gmt":"2026-01-11T05:30:10","guid":{"rendered":"https:\/\/www.europesays.com\/es\/334410\/"},"modified":"2026-01-11T05:30:10","modified_gmt":"2026-01-11T05:30:10","slug":"el-acuerdo-por-faye-anda-pendiente-de-resolver-el-plan-de-pagos","status":"publish","type":"post","link":"https:\/\/www.europesays.com\/es\/334410\/","title":{"rendered":"El acuerdo por Faye anda pendiente de resolver el plan de pagos"},"content":{"rendered":"<p><a class=\"v-mdl-ath__fig-a\" href=\"https:\/\/www.ideal.es\/autor\/jose-ignacio-cejudo-1091.html\" title=\"Jos\u00e9 Ignacio Cejudo\" rel=\"nofollow noopener\" target=\"_blank\"><br \/>\n<img decoding=\"async\" class=\"v-mdl-ath__img\" src=\"https:\/\/www.europesays.com\/es\/wp-content\/uploads\/2025\/08\/1756359791_741_autor-1091-foto-16.jpeg\" alt=\"Jos\u00e9 Ignacio Cejudo\"\/><br \/>\n<\/a><\/p>\n<p class=\"v-mdl-ath__p v-mdl-ath__p--6\">\nS\u00e1bado, 10 de enero 2026, 23:09<\/p>\n<p class=\"v-p\">El acuerdo entre el Granada y el Sporting de Portugal por el traspaso de Souleymane Faye, por 6,5 millones de euros y un 10%  &#8230; sobre una futura venta, se encuentra pendiente de resolver el plan de pagos entre ambos clubes. Un detalle definitivo de la negociaci\u00f3n que a priori no debe impedir que termine cerr\u00e1ndose este mismo domingo para quedar ya visto para la oficialidad una vez viaje el extremo senegal\u00e9s. <\/p>\n<p><a href=\"http:\/\/www.ideal.es\/granadacf\/ultimas-palabras-faye-tras-despedirse-ciudad-deportiva-20260110142829-nt.html#vtm_modulosEngag=mod-rel:granadacf:noticia:1:cmp:1-not\" class=\"v-a-link\" title=\"\u00daltimas palabras de Faye tras despedirse en la Ciudad Deportiva del Granada CF\" rel=\"nofollow noopener\" target=\"_blank\"><br \/>\n<img decoding=\"async\" loading=\"lazy\" src=\"https:\/\/www.europesays.com\/es\/wp-content\/uploads\/2026\/01\/granada-faye-kycH--1200x840@Ideal.jpg\" class=\"v-a-img\" width=\"258\" height=\"180\" alt=\"\u00daltimas palabras de Faye tras despedirse en la Ciudad Deportiva del Granada CF\"\/><\/p>\n<p><\/a><\/p>\n<p class=\"v-p\">Tambi\u00e9n debe difundirse en cuesti\u00f3n de horas la confirmaci\u00f3n de la cesi\u00f3n de Martin Hongla al Aris de Sal\u00f3nica con una opci\u00f3n de compra por 1,3 millones de euros al terminar la temporada tras su aterrizaje. Ya pas\u00f3 en su nuevo destino todo este s\u00e1bado tras aterrizar la noche anterior, y su representante cierra tambi\u00e9n all\u00ed los \u00faltimos flecos con el presidente griego.<\/p>\n<p class=\"v-p\">En cuanto a fichajes, Pet\u00f3n sugiri\u00f3 en la Cadena Cope que el Granada andar\u00eda detr\u00e1s del centrocampista colombiano Jhon Sol\u00eds, del Girona. Apunta no obstante al Tigres mexicano, que habr\u00eda ofrecido ya en torno a cuatro millones de d\u00f3lares.<\/p>\n<p class=\"v-crt__t\"> L\u00edmite de sesiones alcanzadas<\/p>\n<p class=\"v-crt__p\">El acceso al contenido Premium est\u00e1 abierto por cortes\u00eda del establecimiento donde te encuentras, pero ahora mismo hay demasiados usuarios conectados a las vez.<\/p>\n<p class=\"v-crt__p\">Por favor, int\u00e9ntalo pasados unos minutos.<\/p>\n<p>\nVolver a intentar\n<\/p>\n<p class=\"v-crt__t\">Sesi\u00f3n cerrada<\/p>\n<p class=\"v-crt__p\">Al iniciar sesi\u00f3n desde un dispositivo distinto, por seguridad, se cerr\u00f3 la \u00faltima sesi\u00f3n en este.<\/p>\n<p class=\"v-crt__p\">Para continuar disfrutando de su suscripci\u00f3n digital, inicie sesi\u00f3n en este dispositivo.<\/p>\n<p>\nEste contenido es exclusivo para suscriptores\n<\/p>\n<p>Reporta un error<\/p>\n","protected":false},"excerpt":{"rendered":"S\u00e1bado, 10 de enero 2026, 23:09 El acuerdo entre el Granada y el Sporting de Portugal por el&hellip;\n","protected":false},"author":2,"featured_media":334411,"comment_status":"","ping_status":"","sticky":false,"template":"","format":"standard","meta":{"footnotes":""},"categories":[268],"tags":[945,60073,168,25,24,45842,280,282,46883,18234,2568,32248,281,23,167],"class_list":{"0":"post-334410","1":"post","2":"type-post","3":"status-publish","4":"format-standard","5":"has-post-thumbnail","7":"category-futbol","8":"tag-acuerdo","9":"tag-anda","10":"tag-deportes","11":"tag-es","12":"tag-espana","13":"tag-faye","14":"tag-football","15":"tag-futbol","16":"tag-pagos","17":"tag-pendiente","18":"tag-plan","19":"tag-resolver","20":"tag-soccer","21":"tag-spain","22":"tag-sports"},"share_on_mastodon":{"url":"https:\/\/pubeurope.com\/@es\/115874826154762816","error":""},"_links":{"self":[{"href":"https:\/\/www.europesays.com\/es\/wp-json\/wp\/v2\/posts\/334410","targetHints":{"allow":["GET"]}}],"collection":[{"href":"https:\/\/www.europesays.com\/es\/wp-json\/wp\/v2\/posts"}],"about":[{"href":"https:\/\/www.europesays.com\/es\/wp-json\/wp\/v2\/types\/post"}],"author":[{"embeddable":true,"href":"https:\/\/www.europesays.com\/es\/wp-json\/wp\/v2\/users\/2"}],"replies":[{"embeddable":true,"href":"https:\/\/www.europesays.com\/es\/wp-json\/wp\/v2\/comments?post=334410"}],"version-history":[{"count":0,"href":"https:\/\/www.europesays.com\/es\/wp-json\/wp\/v2\/posts\/334410\/revisions"}],"wp:featuredmedia":[{"embeddable":true,"href":"https:\/\/www.europesays.com\/es\/wp-json\/wp\/v2\/media\/334411"}],"wp:attachment":[{"href":"https:\/\/www.europesays.com\/es\/wp-json\/wp\/v2\/media?parent=334410"}],"wp:term":[{"taxonomy":"category","embeddable":true,"href":"https:\/\/www.europesays.com\/es\/wp-json\/wp\/v2\/categories?post=334410"},{"taxonomy":"post_tag","embeddable":true,"href":"https:\/\/www.europesays.com\/es\/wp-json\/wp\/v2\/tags?post=334410"}],"curies":[{"name":"wp","href":"https:\/\/api.w.org\/{rel}","templated":true}]}}