{"id":334442,"date":"2026-01-11T05:59:08","date_gmt":"2026-01-11T05:59:08","guid":{"rendered":"https:\/\/www.europesays.com\/es\/334442\/"},"modified":"2026-01-11T05:59:08","modified_gmt":"2026-01-11T05:59:08","slug":"indy-el-perro-actor-de-good-boy-le-gano-a-ethan-hawke-y-otros-finalistas-en-los-astra-awards-2026","status":"publish","type":"post","link":"https:\/\/www.europesays.com\/es\/334442\/","title":{"rendered":"Indy, el perro actor de \u201cGood Boy\u201d, le gan\u00f3 a Ethan Hawke y otros finalistas en los Astra Awards 2026"},"content":{"rendered":"<p>Tras la muerte de un familiar, Todd se muda con su perro Indy a una antigua granja rural \u2014supuestamente embrujada\u2014 que perteneci\u00f3 a su abuelo. Aunque Todd ignora las advertencias, Indy comienza a percibir presencias sobrenaturales invisibles para los humanos. Al no poder comunicarse verbalmente, Indy debe enfrentarse a estas fuerzas malignas para proteger a quien ama. (BF Distribution)<br \/>\ntag: <\/p>\n<p class=\"paragraph\"><a rel=\"noopener noreferrer nofollow\" href=\"https:\/\/www.infobae.com\/mascotas\/2025\/10\/14\/conoce-la-historia-de-indy-el-perro-que-protagoniza-la-pelicula-de-terror-good-boy\/\" target=\"_blank\" title=\"https:\/\/www.infobae.com\/mascotas\/2025\/10\/14\/conoce-la-historia-de-indy-el-perro-que-protagoniza-la-pelicula-de-terror-good-boy\/\">Indy, el perro protagonista de la pel\u00edcula Good Boy<\/a>, hizo historia en el cine de terror. Este 9 de enero, el can gan\u00f3 el <b>Astra Film Award<\/b> a la Mejor actuaci\u00f3n en una pel\u00edcula de horror o thriller, una categor\u00eda tradicionalmente reservada a int\u00e9rpretes humanos.<\/p>\n<p class=\"paragraph\">Todo indica que el jurado de<b> <\/b>los Astra Awards \u2014antes conocidos como <b>Hollywood Critics Association Awards<\/b>\u2014 qued\u00f3 gratamente impactado por el filme de terror psicol\u00f3gico que se distingue por estar narrado completamente desde la perspectiva del animal. <\/p>\n<p class=\"paragraph\">En la misma categor\u00eda compet\u00edan varios finalistas de alto perfil. El can super\u00f3 a <b>Ethan Hawke<\/b> por Tel\u00e9fono negro 2, <b>Alison Brie<\/b> por Together, <b>Sally Hawkins<\/b> por Haz que regrese, <b>Sophie Thatcher<\/b> por Compa\u00f1era perfecta y <b>Alfie Williams<\/b> por 28 Years Later.<\/p>\n<p class=\"paragraph\">Indy no asisti\u00f3 a la ceremonia, pero su director y due\u00f1o, <b>Ben Leonberg<\/b>, acept\u00f3 el premio a trav\u00e9s de un video publicado posteriormente en las redes sociales de los Astra Awards.<\/p>\n<p><img alt=\"Indy se convirti\u00f3 en el\" class=\"global-image\" decoding=\"async\" fetchpriority=\"low\" height=\"1080\" loading=\"lazy\" src=\"https:\/\/www.europesays.com\/es\/wp-content\/uploads\/2026\/01\/O575Z2SOWZEKDDT64P5MHB4TOY.jpg\" width=\"1920\"\/>Indy se convirti\u00f3 en el primer animal en ganar una categor\u00eda de actuaci\u00f3n en los Astra Film Awards.(Composici\u00f3n\/IMBD)<\/p>\n<p class=\"paragraph\">Acompa\u00f1ado por el propio perro, el realizador agradeci\u00f3 el reconocimiento con un discurso matizado con humor y reflexiones sobre la innovaci\u00f3n en el g\u00e9nero. <\/p>\n<p class=\"paragraph\">\u201cEn nombre de Indy, estamos profundamente agradecidos y emocionados de ser reconocidos por su trabajo en una pel\u00edcula en la que \u00e9l no entiende del todo que particip\u00f3\u201d, expres\u00f3 Leonberg en su mensaje.<\/p>\n<p class=\"paragraph\">\u201cEste premio y este incre\u00edble grupo de nominados reflejan la libertad que el terror les da a los int\u00e9rpretes y, en nuestro caso, a los entrenadores, para<b> jugar, experimentar y empujar los l\u00edmites creativos<\/b>\u201d.<\/p>\n<p class=\"paragraph\">\u201cSer reconocidos junto a actores tan extraordinarios como Alison Brie, Ethan Hawke, Sophie Thatcher, Sally Hawkins y Alfie Williams es incre\u00edble\u201d, dijo el realizador. \u201cIndy se siente honrado de aceptar este premio, especialmente sabiendo que est\u00e1 al lado de int\u00e9rpretes que ni siquiera necesitaron ser sobornados con golosinas para ubicarse en el set\u201d, brome\u00f3. <\/p>\n<p> El perro que protagoniz\u00f3 \u00abGood Boy\u00bb fue premiado en la categor\u00eda de mejor interpretaci\u00f3n de terror. (Redes: Astra Awards)<\/p>\n<p class=\"paragraph\">Good Boy es una pel\u00edcula de terror sobrenatural estrenada en 2025, dirigida por Ben Leonberg y coescrita junto a Alex Cannon. La historia sigue a Indy mientras intenta rescatar a su due\u00f1o, un joven con una enfermedad pulmonar cr\u00f3nica, quien <b>se ve amenazado por una presencia sobrenatural <\/b>en la antigua casa rural de su abuelo.<\/p>\n<p class=\"paragraph\">El filme se apoya casi por completo en la mirada del perro. La tensi\u00f3n se construye a partir de sus reacciones, su lenguaje corporal y su presencia constante en pantalla, y prescinde del relato tradicional centrado en di\u00e1logos. <\/p>\n<p class=\"paragraph\">Leonberg concibi\u00f3 la idea tras volver a ver Poltergeist (1982) y notar el cl\u00e1sico recurso del terror en el que los perros perciben amenazas invisibles antes que los humanos.<\/p>\n<p class=\"paragraph\">Como proyecto cinematogr\u00e1fico, concretar la idea requiri\u00f3 estrategia. Leonberg y su pareja, la productora <b>Kari Fischer<\/b>, dedicaron m\u00e1s de <b>400 d\u00edas de filmaci\u00f3n a lo largo de tres a\u00f1os<\/b>, adaptando la c\u00e1mara a la altura de Indy, aproximadamente a 48 cent\u00edmetros del suelo, para reflejar su punto de vista.<\/p>\n<p><img alt=\"El retriever conquist\u00f3 la pantalla\" class=\"global-image\" decoding=\"async\" fetchpriority=\"low\" height=\"1080\" loading=\"lazy\" src=\"https:\/\/www.europesays.com\/es\/wp-content\/uploads\/2026\/01\/ZHOIXMXNCJCMZFTFCCW64HTHTA.jpg\" width=\"1920\"\/>El retriever conquist\u00f3 la pantalla grande gracias a la dedicaci\u00f3n de sus due\u00f1os y una filmaci\u00f3n adaptada a su mundo. (IG: @goodboy.film)<\/p>\n<p class=\"paragraph\">\u201cCreo que la raz\u00f3n por la que su actuaci\u00f3n es tan especial es porque<b> hicimos la pel\u00edcula enteramente en torno a \u00e9l<\/b>, y esa no es la forma en que se hacen la mayor\u00eda de los metrajes\u201d, explic\u00f3 Leonberg en declaraciones a The Dodo For Animal People. As\u00ed, el ritmo se ajustaba a c\u00f3mo respond\u00eda la mascota: si Indy necesitaba descansar, el rodaje se deten\u00eda.<\/p>\n<p class=\"paragraph\">No obstante, adiferencia de otros perros actores,<b> Indy no fue entrenado para realizar trucos complejos<\/b>. \u201cSabe obediencia b\u00e1sica\u201d, aclar\u00f3 su due\u00f1o. <\/p>\n<p class=\"paragraph\">La expresividad que cautiv\u00f3 a cr\u00edticos y jurados surgi\u00f3 del v\u00ednculo de confianza entre el perro y sus due\u00f1os, as\u00ed como de recursos creativos detr\u00e1s de c\u00e1mara. \u201c<b>La magia del cine hace que parezca que est\u00e1 molesto, perplejo o asustado<\/b>; el cine te da esa emoci\u00f3n. La realidad es mucho m\u00e1s absurda\u201d, reconoci\u00f3 Leonberg.<\/p>\n<p class=\"paragraph\">Indy fue adoptado en Nueva York por Leonberg y Fischer sin ninguna intenci\u00f3n de convertirlo en actor. \u201cSimplemente estaba destinado a ser nuestro amigo y familia, y ese es su lugar principal\u201d.<\/p>\n","protected":false},"excerpt":{"rendered":"Tras la muerte de un familiar, Todd se muda con su perro Indy a una antigua granja rural&hellip;\n","protected":false},"author":2,"featured_media":334443,"comment_status":"","ping_status":"","sticky":false,"template":"","format":"standard","meta":{"footnotes":""},"categories":[169],"tags":[177,146,147,25,24,176,175,23],"class_list":{"0":"post-334442","1":"post","2":"type-post","3":"status-publish","4":"format-standard","5":"has-post-thumbnail","7":"category-cine","8":"tag-cine","9":"tag-entertainment","10":"tag-entretenimiento","11":"tag-es","12":"tag-espana","13":"tag-film","14":"tag-movies","15":"tag-spain"},"share_on_mastodon":{"url":"https:\/\/pubeurope.com\/@es\/115874939917383904","error":""},"_links":{"self":[{"href":"https:\/\/www.europesays.com\/es\/wp-json\/wp\/v2\/posts\/334442","targetHints":{"allow":["GET"]}}],"collection":[{"href":"https:\/\/www.europesays.com\/es\/wp-json\/wp\/v2\/posts"}],"about":[{"href":"https:\/\/www.europesays.com\/es\/wp-json\/wp\/v2\/types\/post"}],"author":[{"embeddable":true,"href":"https:\/\/www.europesays.com\/es\/wp-json\/wp\/v2\/users\/2"}],"replies":[{"embeddable":true,"href":"https:\/\/www.europesays.com\/es\/wp-json\/wp\/v2\/comments?post=334442"}],"version-history":[{"count":0,"href":"https:\/\/www.europesays.com\/es\/wp-json\/wp\/v2\/posts\/334442\/revisions"}],"wp:featuredmedia":[{"embeddable":true,"href":"https:\/\/www.europesays.com\/es\/wp-json\/wp\/v2\/media\/334443"}],"wp:attachment":[{"href":"https:\/\/www.europesays.com\/es\/wp-json\/wp\/v2\/media?parent=334442"}],"wp:term":[{"taxonomy":"category","embeddable":true,"href":"https:\/\/www.europesays.com\/es\/wp-json\/wp\/v2\/categories?post=334442"},{"taxonomy":"post_tag","embeddable":true,"href":"https:\/\/www.europesays.com\/es\/wp-json\/wp\/v2\/tags?post=334442"}],"curies":[{"name":"wp","href":"https:\/\/api.w.org\/{rel}","templated":true}]}}