{"id":334461,"date":"2026-01-11T06:17:12","date_gmt":"2026-01-11T06:17:12","guid":{"rendered":"https:\/\/www.europesays.com\/es\/334461\/"},"modified":"2026-01-11T06:17:12","modified_gmt":"2026-01-11T06:17:12","slug":"asi-es-ahora-patrizia-cavaliere-mitica-bailarina-de-las-mama-chicho","status":"publish","type":"post","link":"https:\/\/www.europesays.com\/es\/334461\/","title":{"rendered":"As\u00ed es ahora Patrizia Cavaliere, m\u00edtica bailarina de las Mama Chicho"},"content":{"rendered":"\n<p>As\u00ed es ahora Patrizia Cavaliere, m\u00edtica bailarina de las Mama Chicho<\/p>\n<p>    &#13;<br \/>\n&#13;<\/p>\n<p>                    <img loading=\"lazy\" decoding=\"async\" src=\"https:\/\/www.mundodeportivo.com\/files\/image_449_465\/uploads\/2026\/01\/10\/69629b6ebfe17.jpeg\" data-full-src=\"https:\/\/www.europesays.com\/es\/wp-content\/uploads\/2026\/01\/69629b6ebfe17.jpeg\" class=\"nolazy\" width=\"449\" height=\"465\"\/><\/p>\n<p>Particip\u00f3 en un documental de HBO Max para destapar la cara oculta de la televisi\u00f3n en la d\u00e9cada de los 90\n<\/p>\n<p>                        <img loading=\"lazy\" decoding=\"async\" class=\"swiper-lazy\" alt=\"Patrizia Cavaliere, en 'Tutti Frutti'\" data-full-src=\"https:\/\/www.mundodeportivo.com\/uploads\/2026\/01\/10\/69629bb9778cd.jpeg\" src=\"https:\/\/www.europesays.com\/es\/wp-content\/uploads\/2026\/01\/69629bb9778cd.jpeg\" width=\"483\" height=\"558\"\/><\/p>\n<p>                        Patrizia Cavaliere, en &#8216;Tutti Frutti&#8217;Telecinco\n<\/p>\n<p>                        <img loading=\"lazy\" decoding=\"async\" class=\"swiper-lazy\" alt=\"Patrizia Cavaliere, en 'C\u00e1mbiame' (2015)\" data-full-src=\"https:\/\/www.mundodeportivo.com\/uploads\/2026\/01\/10\/69629bf9ecba0.jpeg\" src=\"https:\/\/www.europesays.com\/es\/wp-content\/uploads\/2026\/01\/69629bf9ecba0.jpeg\" width=\"989\" height=\"556\"\/><\/p>\n<p>                        Patrizia Cavaliere, en &#8216;C\u00e1mbiame&#8217; (2015)Telecinco\n<\/p>\n<p>                        <img loading=\"lazy\" decoding=\"async\" class=\"swiper-lazy\" alt=\"Patrizia Cavaliere, en 'C\u00e1mbiame' (2015)\" data-full-src=\"https:\/\/www.mundodeportivo.com\/uploads\/2026\/01\/10\/69629c030d52b.jpeg\" src=\"https:\/\/www.europesays.com\/es\/wp-content\/uploads\/2026\/01\/69629c030d52b.jpeg\" width=\"989\" height=\"556\"\/><\/p>\n<p>                        Patrizia Cavaliere, en &#8216;C\u00e1mbiame&#8217; (2015)Telecinco\n<\/p>\n<p>                        <img loading=\"lazy\" decoding=\"async\" class=\"swiper-lazy\" alt=\"Patrizia Cavaliere, en '\u00bfYo fui mujer florero?'\" data-full-src=\"https:\/\/www.mundodeportivo.com\/uploads\/2024\/12\/20\/6765be1a9bd24.jpeg\" src=\"https:\/\/www.europesays.com\/es\/wp-content\/uploads\/2026\/01\/6765be1a9bd24.jpeg\" width=\"989\" height=\"552\"\/><\/p>\n<p>                        Patrizia Cavaliere, en &#8216;\u00bfYo fui mujer florero?&#8217; (2024)MAX\n<\/p>\n<p>                        <img loading=\"lazy\" decoding=\"async\" class=\"swiper-lazy\" alt=\"Patrizia Cavaliere, en la actualidad\" data-full-src=\"https:\/\/www.mundodeportivo.com\/uploads\/2026\/01\/10\/69629c5ceed91.jpeg\" src=\"https:\/\/www.europesays.com\/es\/wp-content\/uploads\/2026\/01\/69629c5ceed91.jpeg\" width=\"314\" height=\"558\"\/><\/p>\n<p>                        Patrizia Cavaliere, en la actualidadInstagram\n<\/p>\n<p>                        <img loading=\"lazy\" decoding=\"async\" class=\"swiper-lazy\" alt=\"Patrizia Cavaliere, en la actualidad\" data-full-src=\"https:\/\/www.mundodeportivo.com\/uploads\/2026\/01\/10\/69629c5d84567.jpeg\" src=\"https:\/\/www.europesays.com\/es\/wp-content\/uploads\/2026\/01\/69629c5d84567.jpeg\" width=\"314\" height=\"558\"\/><\/p>\n<p>                        Patrizia Cavaliere, en la actualidadInstagram\n<\/p>\n<p>                        <img loading=\"lazy\" decoding=\"async\" class=\"swiper-lazy\" alt=\"Patrizia Cavaliere, en la actualidad\" data-full-src=\"https:\/\/www.mundodeportivo.com\/uploads\/2026\/01\/10\/69629c5e27d06.jpeg\" src=\"https:\/\/www.europesays.com\/es\/wp-content\/uploads\/2026\/01\/69629c5e27d06.jpeg\" width=\"314\" height=\"558\"\/><\/p>\n<p>                        Patrizia Cavaliere, en la actualidadInstagram\n<\/p>\n<p>                        <img loading=\"lazy\" decoding=\"async\" class=\"swiper-lazy\" alt=\"Patrizia Cavaliere, en la actualidad\" data-full-src=\"https:\/\/www.mundodeportivo.com\/uploads\/2026\/01\/10\/69629c5ec33a3.jpeg\" src=\"https:\/\/www.europesays.com\/es\/wp-content\/uploads\/2026\/01\/69629c5ec33a3.jpeg\" width=\"314\" height=\"558\"\/><\/p>\n<p>                        Patrizia Cavaliere, en la actualidadInstagram\n<\/p>\n<p>                        <img loading=\"lazy\" decoding=\"async\" class=\"swiper-lazy\" alt=\"Patrizia Cavaliere, en la actualidad\" data-full-src=\"https:\/\/www.mundodeportivo.com\/uploads\/2026\/01\/10\/69629c5f693a3.jpeg\" src=\"https:\/\/www.europesays.com\/es\/wp-content\/uploads\/2026\/01\/69629c5f693a3.jpeg\" width=\"446\" height=\"558\"\/><\/p>\n<p>                        Patrizia Cavaliere, en la actualidadInstagram\n<\/p>\n<p>                        <img loading=\"lazy\" decoding=\"async\" class=\"swiper-lazy\" alt=\"Patrizia Cavaliere, en la actualidad\" data-full-src=\"https:\/\/www.mundodeportivo.com\/uploads\/2026\/01\/10\/69629ccb9cd1c.jpeg\" src=\"https:\/\/www.europesays.com\/es\/wp-content\/uploads\/2026\/01\/69629ccb9cd1c.jpeg\" width=\"569\" height=\"558\"\/><\/p>\n<p>                        Patrizia Cavaliere, en la actualidadInstagram\n<\/p>\n<p>                        <img loading=\"lazy\" decoding=\"async\" class=\"swiper-lazy\" alt=\"Patrizia Cavaliere, en la actualidad\" data-full-src=\"https:\/\/www.mundodeportivo.com\/uploads\/2026\/01\/10\/69629ccca0398.jpeg\" src=\"https:\/\/www.europesays.com\/es\/wp-content\/uploads\/2026\/01\/69629ccca0398.jpeg\" width=\"564\" height=\"558\"\/><\/p>\n<p>                        Patrizia Cavaliere, en la actualidadInstagram\n<\/p>\n<p>                        <img loading=\"lazy\" decoding=\"async\" class=\"swiper-lazy\" alt=\"Patrizia Cavaliere, en la actualidad\" data-full-src=\"https:\/\/www.mundodeportivo.com\/uploads\/2026\/01\/10\/69629ccd485f0.jpeg\" src=\"https:\/\/www.europesays.com\/es\/wp-content\/uploads\/2026\/01\/69629ccd485f0.jpeg\" width=\"453\" height=\"558\"\/><\/p>\n<p>                        Patrizia Cavaliere, en la actualidadInstagram\n<\/p>\n<p data-gtm-element-container=\"modulo-texto-link\" class=\"paragraph\">Cuando Telecinco inici\u00f3 sus emisiones, destac\u00f3 por uno de sus programas que todav\u00eda se recuerda: &#8216;<strong>Tutti Frutti<\/strong>&#8216;. La audiencia no recuerda precisamente su contenido, sino su ballet conocido como las <strong>Mama Chicho<\/strong>, un grupo de bailarinas que conquist\u00f3 al p\u00fablico y se convirti\u00f3 en la imagen de la cadena durante los a\u00f1os 90.<\/p>\n<p>    Lee tambi\u00e9n<\/p>\n<p data-gtm-element-container=\"modulo-texto-link\" class=\"paragraph\">Entre ellas estaba <strong>Patrizia Cavalier<\/strong>e, quien desapareci\u00f3 de la televisi\u00f3n en Espa\u00f1a y reapareci\u00f3 muchos a\u00f1os despu\u00e9s con un cambio de imagen puntual en &#8216;<strong>C\u00e1mbiame<\/strong>&#8216;, y hace justo un a\u00f1o en un documental de HBO Max, en el que relataba el lado oscuro de las conocidas como \u00abmujer florero\u00bb en la d\u00e9cada de los 90. De hecho, Cavaliere asegur\u00f3 <strong>haber abandonado la televisi\u00f3n por negarse a aceptar las pretensiones de un directivo.<\/strong><\/p>\n<p>\n        Mostrar comentarios\n    <\/p>\n<p>{\u00aballowComment\u00bb:\u00bballowed\u00bb,\u00bbarticleId\u00bb:\u00bbarticle-1002599086&#8243;,\u00bburl\u00bb:\u00bbhttps:\\\/\\\/www.mundodeportivo.com\\\/elotromundo\\\/gente\\\/20260110\\\/1002599086\\\/asi-patrizia-cavaliere-mitica-bailarina-mama-chicho-galeria-dct.html\u00bb,\u00bblivefyre-url\u00bb:\u00bbarticle-1002599086&#8243;}<\/p>\n<p>Cargando siguiente contenido&#8230;\n                <\/p>\n","protected":false},"excerpt":{"rendered":"As\u00ed es ahora Patrizia Cavaliere, m\u00edtica bailarina de las Mama Chicho &#13; &#13; Particip\u00f3 en un documental de&hellip;\n","protected":false},"author":2,"featured_media":334462,"comment_status":"","ping_status":"","sticky":false,"template":"","format":"standard","meta":{"footnotes":""},"categories":[174],"tags":[255,146,147,25,24,256,23],"class_list":{"0":"post-334461","1":"post","2":"type-post","3":"status-publish","4":"format-standard","5":"has-post-thumbnail","7":"category-famosos","8":"tag-celebrities","9":"tag-entertainment","10":"tag-entretenimiento","11":"tag-es","12":"tag-espana","13":"tag-famosos","14":"tag-spain"},"share_on_mastodon":{"url":"https:\/\/pubeurope.com\/@es\/115875010769401560","error":""},"_links":{"self":[{"href":"https:\/\/www.europesays.com\/es\/wp-json\/wp\/v2\/posts\/334461","targetHints":{"allow":["GET"]}}],"collection":[{"href":"https:\/\/www.europesays.com\/es\/wp-json\/wp\/v2\/posts"}],"about":[{"href":"https:\/\/www.europesays.com\/es\/wp-json\/wp\/v2\/types\/post"}],"author":[{"embeddable":true,"href":"https:\/\/www.europesays.com\/es\/wp-json\/wp\/v2\/users\/2"}],"replies":[{"embeddable":true,"href":"https:\/\/www.europesays.com\/es\/wp-json\/wp\/v2\/comments?post=334461"}],"version-history":[{"count":0,"href":"https:\/\/www.europesays.com\/es\/wp-json\/wp\/v2\/posts\/334461\/revisions"}],"wp:featuredmedia":[{"embeddable":true,"href":"https:\/\/www.europesays.com\/es\/wp-json\/wp\/v2\/media\/334462"}],"wp:attachment":[{"href":"https:\/\/www.europesays.com\/es\/wp-json\/wp\/v2\/media?parent=334461"}],"wp:term":[{"taxonomy":"category","embeddable":true,"href":"https:\/\/www.europesays.com\/es\/wp-json\/wp\/v2\/categories?post=334461"},{"taxonomy":"post_tag","embeddable":true,"href":"https:\/\/www.europesays.com\/es\/wp-json\/wp\/v2\/tags?post=334461"}],"curies":[{"name":"wp","href":"https:\/\/api.w.org\/{rel}","templated":true}]}}