{"id":334504,"date":"2026-01-11T06:53:13","date_gmt":"2026-01-11T06:53:13","guid":{"rendered":"https:\/\/www.europesays.com\/es\/334504\/"},"modified":"2026-01-11T06:53:13","modified_gmt":"2026-01-11T06:53:13","slug":"no-podreis-hablar-forma-parte-del-acuerdo","status":"publish","type":"post","link":"https:\/\/www.europesays.com\/es\/334504\/","title":{"rendered":"No podr\u00e9is hablar, forma parte del acuerdo"},"content":{"rendered":"<p id=\"paragraph_1\">En la madrugada del mi\u00e9rcoles al jueves, cinco ciudadanos espa\u00f1oles encarcelados en Venezuela recibieron la noticia m\u00e1s deseada. Apenas cuatro d\u00edas despu\u00e9s de la captura del tirano <strong>Nicol\u00e1s Maduro<\/strong>, ser\u00edan excarcelados.<\/p>\n<p class=\"paragraph\" id=\"paragraph_2\">Pero ignoraban que esa liberaci\u00f3n vendr\u00eda acompa\u00f1ada de otras cadenas que los seguir\u00edan hasta Madrid, 30 horas despu\u00e9s.<\/p>\n<p class=\"paragraph\" id=\"paragraph_3\"><strong>Jos\u00e9 Mar\u00eda Basoa<\/strong>, <strong>Andr\u00e9s Mart\u00ednez<\/strong>, <strong>Miguel Moreno Dapena<\/strong>,<strong>Ernesto Gorbe<\/strong> y <strong>Roc\u00edo San Miguel<\/strong> salieron de sus celdas 10 horas antes de que <strong>Jorge Rodr\u00edguez<\/strong> \u2014hermano de la presidenta encargada <strong>Delcy Rodr\u00edguez<\/strong> y presidente de la Asamblea Nacional Bolivariana\u2014 anunciara p\u00fablicamente \u00abun primer lote\u00bb de <strong>\u00abpersonas excarceladas\u00bb<\/strong>.<\/p>\n<p class=\"paragraph\" id=\"paragraph_4\">La supuesta mediaci\u00f3n de <strong>Jos\u00e9 Luis Rodr\u00edguez Zapatero <\/strong>aparec\u00eda como protagonista en \u00abagradecido\u00bb el discurso oficial. Lo que no figuraba en ning\u00fan comunicado eran las condiciones impuestas.<\/p>\n<p class=\"paragraph\" id=\"paragraph_5\">Antes de subir al avi\u00f3n que los llevar\u00eda hacia Colombia, las autoridades chavistas fueron claras: \u00abNo podr\u00e9is hablar. <strong>Habr\u00e1 restricciones de comunicaci\u00f3n<\/strong> con los medios&#8230; forma parte del acuerdo\u00bb, explicaron los funcionarios del r\u00e9gimen.<\/p>\n<p><img loading=\"lazy\" decoding=\"async\" alt=\"Imagen de Nicol\u00e1s Maduro compartida por Donald Trump.\" height=\"180\" src=\"https:\/\/www.europesays.com\/es\/wp-content\/uploads\/2026\/01\/1003744077740_260763209_320x180.jpg\" width=\"320\" data-lazy-status=\"processed\" data-lazy-info=\"remove loading item 1\"\/><\/p>\n<p class=\"paragraph\" id=\"paragraph_6\">Un vuelo comercial los traslad\u00f3 a Bogot\u00e1, donde esperaron <strong>cuatro horas<\/strong> en el limbo del tr\u00e1nsito. Despu\u00e9s, otro avi\u00f3n de l\u00ednea los llevar\u00eda hacia Madrid.<\/p>\n<p class=\"paragraph\" id=\"paragraph_7\">Las autoridades espa\u00f1olas hicieron saber una ruta que finalmente no se confirm\u00f3. A la hora prevista del aterrizaje en Barajas, los cinco <strong>ya estaban siendo trasladados a una reuni\u00f3n<\/strong> con funcionarios espa\u00f1oles en una sala adyacente a la pista de aterrizaje.<\/p>\n<p class=\"paragraph\" id=\"paragraph_8\">Sus familiares, que aguardaban ansiosos en la sala 10 de la T4, no fueron informados oficialmente.<\/p>\n<p class=\"paragraph\" id=\"paragraph_9\">Pasaban las horas, y los liberados, \u00abmuy agotados\u00bb, seg\u00fan alguno de ellos confesaba por mensaje de m\u00f3vil, trataban de comunicar con sus seres queridos: <strong>\u00abNo parece que nos vayan a dejar hablar\u00bb<\/strong>, explicaba uno de ellos. Creo que <strong>nos van a sacar con la Polic\u00eda<\/strong> en furgones, por otro lado\u00bb.<\/p>\n<p class=\"paragraph\" id=\"paragraph_10\">Una secretaria de Estado del Ministerio de Exteriores los reuni\u00f3 en la sala junto a la pista, antes de los abrazos.<\/p>\n<p class=\"paragraph\" id=\"paragraph_11\">No habr\u00eda encuentro con la prensa. En ese encuentro se les confirmaron las restricciones. Y los cinco ciudadanos de nacionalidad espa\u00f1ola, tras su angustiosa peripecia, fueron informados de que ser\u00edan <strong>trasladados directamente a sus alojamientos<\/strong>.<\/p>\n<p>Sin \u00abimagen del triunfo\u00bb<\/p>\n<p class=\"paragraph\" id=\"paragraph_12\"><strong>\u00abLa foto de la libertad tambi\u00e9n nos la hurtaron\u00bb<\/strong>, lamentaba uno de los antiguos presos pol\u00edticos en conversaci\u00f3n posterior. Era una \u00abimagen de triunfo\u00bb, muy poderosa.<\/p>\n<p class=\"paragraph\" id=\"paragraph_13\">Hubiera sido una lecci\u00f3n para quienes, \u00aben la izquierda espa\u00f1ola\u00bb, llevan <strong>a\u00f1os negando la existencia de los presos pol\u00edticos<\/strong> en Venezuela.<\/p>\n<p class=\"paragraph\" id=\"paragraph_14\">Pasadas las 13:00 horas, uno de los cinco contact\u00f3 con quienes lo esperaban: \u00ab<strong>Nos han sacado ya<\/strong>. Nos lleva la Polic\u00eda espa\u00f1ola\u00bb.<\/p>\n<p class=\"paragraph\" id=\"paragraph_15\">Los cinco presos pol\u00edticos liberados tienen rostros, nombres e historias que el r\u00e9gimen intent\u00f3 borrar durante meses. Sus casos trascienden la pol\u00edtica internacional para tocar la dignidad personal y la soberan\u00eda democr\u00e1tica.<\/p>\n<p><img decoding=\"async\" alt=\"Basoa, Adasme, Gorbe, Moreno Dapena y Roc\u00edo San Miguel, los cinco espa\u00f1oles presos pol\u00edticos liberados en Venezuela.\" data-imgm=\"true\" height=\"180\" loading=\"lazy\"  src=\"https:\/\/www.europesays.com\/es\/wp-content\/uploads\/2026\/01\/1003744084715_260853729_1024x576.jpg\"  width=\"320\"\/><\/p>\n<p>                                                            Basoa, Adasme, Gorbe, Moreno Dapena y Roc\u00edo San Miguel, los cinco espa\u00f1oles presos pol\u00edticos liberados en Venezuela.<\/p>\n<p>                    E.E.<\/p>\n<p class=\"paragraph\" id=\"paragraph_16\">Basoa es vasco, fue <strong>detenido en septiembre de 2024<\/strong> en Puerto Ayacucho, en el estado Amazonas junto a Mart\u00ednez Adasme. El r\u00e9gimen los acus\u00f3 de <strong>v\u00ednculos con el CNI<\/strong> espa\u00f1ol, de participar en un supuesto <strong>plan para atentar contra Maduro<\/strong> y de conspiraci\u00f3n y terrorismo.<\/p>\n<p class=\"paragraph\" id=\"paragraph_17\">Nunca se confirm\u00f3 en qu\u00e9 centro de retenci\u00f3n los mantuvieron.<\/p>\n<p class=\"paragraph\" id=\"paragraph_18\">Moreno Dapena, canario de profesi\u00f3n periodista, fue <strong>encarcelado en la localidad de Guatire<\/strong>, precisamente, por su condici\u00f3n de informador. Aunque el chavismo nunca present\u00f3 cargos oficiales contra \u00e9l, su caso refleja la <strong>represi\u00f3n contra la libertad de expresi\u00f3n<\/strong>.<\/p>\n<p class=\"paragraph\" id=\"paragraph_19\">Gorbe es valenciano y fue detenido en diciembre de 2024. Lo arrestaron formalmente por tener <strong>un visado caducado<\/strong>&#8230; pero <strong>lo acusaron de \u00abextorsi\u00f3n policial\u00bb<\/strong>. Organizaciones de derechos humanos han documentado c\u00f3mo el r\u00e9gimen utiliza estos cargos de manera arbitraria <strong>para extorsionar a sus gobiernos de origen<\/strong>.<\/p>\n<p class=\"paragraph\" id=\"paragraph_20\">San Miguel es la \u00fanica con doble nacionalidad hispano-venezolana. Activista de derechos humanos y <strong>directora de la ONG Control Ciudadano<\/strong>, fue encarcelada <strong>en el Helicoide<\/strong>, epicentro de la tortura en Venezuela, por denunciar <strong>violaciones de derechos humanos dentro de las fuerzas armadas<\/strong>.<\/p>\n<p>Derechos constitucionales<\/p>\n<p class=\"paragraph\" id=\"paragraph_21\">La denuncia de los l\u00edderes de la di\u00e1spora venezolana en Espa\u00f1a es contundente. Las \u00abrestricciones de comunicaci\u00f3n\u00bb fueron <strong>aceptadas por el Gobierno espa\u00f1ol<\/strong> como una imposici\u00f3n del r\u00e9gimen chavista.<\/p>\n<p class=\"paragraph\" id=\"paragraph_22\">\u00ab\u00bfQu\u00e9 imagen de democracia das si <strong>cercenas los derechos civiles<\/strong> y las libertades constitucionales de ciudadanos espa\u00f1oles?\u00bb, preguntaba la fuente cercana a los liberados.<\/p>\n<p class=\"paragraph\" id=\"paragraph_23\"><strong>Sergio Contreras<\/strong>, presidente de Refugiados Sin Fronteras, era uno de los que esperaba en Barajas. \u00c9l mismo sabe lo que es la represi\u00f3n, <strong>tras pasar por la tortura<\/strong> en la prisi\u00f3n militar de Ramo Verde.<\/p>\n<p><img decoding=\"async\" alt=\"Edmundo a S\u00e1nchez: Liberar extranjeros no alivia al resto de presos pol\u00edticos, que los saquen y admitan el resultado electoral\" height=\"180\" loading=\"lazy\" width=\"320\" data-lazy-status=\"processed\" id=\"a5e9a308e1\" src=\"https:\/\/www.elespanol.com\/espana\/politica\/20260110\/helicoide-barajas-horas-viaje-libertad-medias-no-podreis-hablar-forma-parte-acuerdo\/[\" https:=\"\" data-lazy-info=\"changed src\"\/><\/p>\n<p class=\"paragraph\" id=\"paragraph_24\">\u00abRoc\u00edo San Miguel estaba presa en el epicentro de la tortura del mundo occidental\u00bb, explic\u00f3 en Barajas. \u00abAdem\u00e1s de esas <strong>condiciones de reclusi\u00f3n<\/strong>, lo peor es la <strong>presi\u00f3n psicol\u00f3gica<\/strong>, a ella y a todos sus familiares\u00bb.<\/p>\n<p class=\"paragraph\" id=\"paragraph_25\">Contreras confirmaba lo que nadie quer\u00eda aceptar, que no habr\u00eda celebraci\u00f3n p\u00fablica. \u00abNos quedamos con las ganas de recibirlos ac\u00e1\u00bb, lamentaba. La liberaci\u00f3n era real, pero a medias, porque <strong>las restricciones segu\u00edan vigentes<\/strong>, al menos, de llegada.<\/p>\n<p class=\"paragraph\" id=\"paragraph_26\">\u00abSabemos que ning\u00fan preso pol\u00edtico en Venezuela la pasa bien\u00bb, continuaba Contreras. \u00abLas condiciones de reclusi\u00f3n en Venezuela son de las peores, as\u00ed como est\u00e1n descritas en los <strong>informes del Alto Comisionado para los Derechos Humanos<\/strong> de Naciones Unidas\u00bb.<\/p>\n<p class=\"paragraph\" id=\"paragraph_27\">El representante de la di\u00e1spora insisti\u00f3 en la necesidad de comprensi\u00f3n. \u00abMuchos de ellos tambi\u00e9n <strong>tienen familiares, tienen propiedades en Venezuela<\/strong>\u00ab, recordaba. \u00abNo se les ha permitido decidir en libertad, pero <strong>hay que entender las presiones<\/strong> que est\u00e1n soportando\u00bb.<\/p>\n<p>\u00abEs inadmisible\u00bb<\/p>\n<p class=\"paragraph\" id=\"paragraph_28\">Pero, \u00bfpor qu\u00e9 el Gobierno espa\u00f1ol acept\u00f3 estas \u00abrestricciones\u00bb? \u00bfPor qu\u00e9 una secretaria de Estado las ratific\u00f3 en una sala junto a la pista? \u00bfPor qu\u00e9 <strong>Jorge Rodr\u00edguez \u00abagradeci\u00f3\u00bb a Zapatero<\/strong> su mediaci\u00f3n?<\/p>\n<p class=\"paragraph\" id=\"paragraph_29\">\u00abDespu\u00e9s de a\u00f1os de retenci\u00f3n forzosa y aberrante, despu\u00e9s de los <strong>malos tratos continuos<\/strong> y las condiciones crueles de la tiran\u00eda, <strong>es degradante e inadmisible<\/strong> que se plieguen a esto\u00bb, denunciaba un l\u00edder de la di\u00e1spora, pidiendo anonimato, para no perjudicar al resto de presos pol\u00edticos.<\/p>\n<p class=\"paragraph\" id=\"paragraph_30\">La paradoja quedaba expuesta: \u00abCinco ciudadanos espa\u00f1oles pisan suelo espa\u00f1ol, pero <strong>la democracia que los recibe no es completamente la suya<\/strong>\u00ab.<\/p>\n<p class=\"paragraph\" id=\"paragraph_31\">Roc\u00edo San Miguel, la activista que denunci\u00f3 ilegalidades dentro del propio Ej\u00e9rcito venezolano, no hablar\u00eda. Los otros cuatro, aunque, <strong>en teor\u00eda, sin las mismas restricciones<\/strong> que ella, tambi\u00e9n permanecer\u00edan en silencio, \u00abal menos, de momento\u00bb.<\/p>\n<p><img decoding=\"async\" alt=\"El presidente del Parlamento de Venezuela y jefe negociador del chavismo, Jorge Rodr\u00edguez.\" height=\"180\" loading=\"lazy\" width=\"320\" data-lazy-status=\"processed\" id=\"ff461c1a97\" src=\"https:\/\/www.elespanol.com\/espana\/politica\/20260110\/helicoide-barajas-horas-viaje-libertad-medias-no-podreis-hablar-forma-parte-acuerdo\/[\" https:=\"\" data-lazy-info=\"changed src\"\/><\/p>\n<p class=\"paragraph\" id=\"paragraph_32\">El <strong>miedo a represalias<\/strong> <strong>contra familiares<\/strong> en Venezuela era m\u00e1s fuerte que la libertad reci\u00e9n conquistada. \u00abF\u00edjate en el presidente electo, <strong>Edmundo Gonz\u00e1lez, tambi\u00e9n lo tienen extorsionado<\/strong>, porque su yerno lleva un a\u00f1o detenido ilegalmente y en paradero desconocido\u00bb.<\/p>\n<p class=\"paragraph\" id=\"paragraph_33\">Treinta horas de viaje hacia la libertad terminaron con una llamada de tel\u00e9fono desde un furg\u00f3n policial: <strong>\u00abNos vemos otro d\u00eda\u00bb<\/strong>. La libertad hab\u00eda llegado a Madrid, pero a medias.<\/p>\n","protected":false},"excerpt":{"rendered":"En la madrugada del mi\u00e9rcoles al jueves, cinco ciudadanos espa\u00f1oles encarcelados en Venezuela recibieron la noticia m\u00e1s deseada.&hellip;\n","protected":false},"author":2,"featured_media":334505,"comment_status":"","ping_status":"","sticky":false,"template":"","format":"standard","meta":{"footnotes":""},"categories":[5],"tags":[17,18,75084,352,25,24,13,14,11,47131,19,20,9,1194,10,15,16,2959,952,23,12,21,22,1192],"class_list":{"0":"post-334504","1":"post","2":"type-post","3":"status-publish","4":"format-standard","5":"has-post-thumbnail","7":"category-titulares","8":"tag-breaking-news","9":"tag-breakingnews","10":"tag-delcy-rodriguez","11":"tag-donald-trump","12":"tag-es","13":"tag-espana","14":"tag-featured-news","15":"tag-featurednews","16":"tag-headlines","17":"tag-jorge-rodriguez","18":"tag-latest-news","19":"tag-latestnews","20":"tag-news","21":"tag-nicolas-maduro","22":"tag-noticias","23":"tag-noticias-destacadas","24":"tag-noticiasdestacadas","25":"tag-pedro-sanchez","26":"tag-politica","27":"tag-spain","28":"tag-titulares","29":"tag-ultimas-noticias","30":"tag-ultimasnoticias","31":"tag-venezuela"},"share_on_mastodon":{"url":"https:\/\/pubeurope.com\/@es\/115875152113441323","error":""},"_links":{"self":[{"href":"https:\/\/www.europesays.com\/es\/wp-json\/wp\/v2\/posts\/334504","targetHints":{"allow":["GET"]}}],"collection":[{"href":"https:\/\/www.europesays.com\/es\/wp-json\/wp\/v2\/posts"}],"about":[{"href":"https:\/\/www.europesays.com\/es\/wp-json\/wp\/v2\/types\/post"}],"author":[{"embeddable":true,"href":"https:\/\/www.europesays.com\/es\/wp-json\/wp\/v2\/users\/2"}],"replies":[{"embeddable":true,"href":"https:\/\/www.europesays.com\/es\/wp-json\/wp\/v2\/comments?post=334504"}],"version-history":[{"count":0,"href":"https:\/\/www.europesays.com\/es\/wp-json\/wp\/v2\/posts\/334504\/revisions"}],"wp:featuredmedia":[{"embeddable":true,"href":"https:\/\/www.europesays.com\/es\/wp-json\/wp\/v2\/media\/334505"}],"wp:attachment":[{"href":"https:\/\/www.europesays.com\/es\/wp-json\/wp\/v2\/media?parent=334504"}],"wp:term":[{"taxonomy":"category","embeddable":true,"href":"https:\/\/www.europesays.com\/es\/wp-json\/wp\/v2\/categories?post=334504"},{"taxonomy":"post_tag","embeddable":true,"href":"https:\/\/www.europesays.com\/es\/wp-json\/wp\/v2\/tags?post=334504"}],"curies":[{"name":"wp","href":"https:\/\/api.w.org\/{rel}","templated":true}]}}