{"id":334621,"date":"2026-01-11T08:22:12","date_gmt":"2026-01-11T08:22:12","guid":{"rendered":"https:\/\/www.europesays.com\/es\/334621\/"},"modified":"2026-01-11T08:22:12","modified_gmt":"2026-01-11T08:22:12","slug":"el-reto-de-democratizar-la-ia-en-latinoamerica-habla-el-presidente-de-samsung-en-la-region-noticias-hoy","status":"publish","type":"post","link":"https:\/\/www.europesays.com\/es\/334621\/","title":{"rendered":"El reto de democratizar la IA en Latinoam\u00e9rica: habla el presidente de Samsung en la regi\u00f3n | Noticias hoy"},"content":{"rendered":"<p><img alt=\"HS Jo Presidente Samsung Latam.\" class=\"ImageArticle-Image\" src=\"https:\/\/www.europesays.com\/es\/wp-content\/uploads\/2026\/01\/FKTHFY4GQRHU5GWRURSQXDJWSI.jpg\" width=\"705\" height=\"470\" loading=\"eager\" decoding=\"async\" fetchpriority=\"high\"\/><\/p>\n<p>HS Jo Presidente Samsung Latam.<\/p>\n<p>Foto: Cortes\u00eda Samsung<\/p>\n<p>Resume e inf\u00f3rmame r\u00e1pido<\/p>\n<p>Escucha este art\u00edculo<\/p>\n<p class=\"AudioPlayer-Description\">Audio generado con IA de Google<\/p>\n<p class=\"font--secondary\">El CES (Consumer Electronics Show, por sus siglas en ingl\u00e9s) es la feria de tecnolog\u00eda m\u00e1s importante del mundo. Este a\u00f1o, entre el martes 6 y el viernes 9 de enero, el evento reuni\u00f3 a los grandes jugadores del sector, as\u00ed como a varias empresas emergentes, que presentaron sus innovaciones para este 2026 en busca de sacudir el mercado de celulares, televisores, electrodom\u00e9sticos y m\u00e1s durante los pr\u00f3ximos a\u00f1os.<\/p>\n<p class=\"font--secondary\">El Espectador viaj\u00f3 hasta Las Vegas, sede del encuentro, para ver de cerca los lanzamientos, pero tambi\u00e9n para participar en algunas discusiones sobre el impacto de las nuevas tecnolog\u00edas en la vida diaria. Fue en este contexto que este diario accedi\u00f3 a una conversaci\u00f3n exclusiva para Colombia con HS Joe, presidente y CEO de Samsung Electronics Latinoam\u00e9rica, el gigante tecnol\u00f3gico coreano, l\u00edder en la fabricaci\u00f3n de electr\u00f3nica de consumo.<\/p>\n<p class=\"font--secondary\"><b>Lea tambi\u00e9n: <\/b><a href=\"https:\/\/www.elespectador.com\/tecnologia\/samsung-sacude-el-ces-2026-con-un-televisor-micro-rgb-de-130-pulgadas-y-una-fuerte-apuesta-por-la-ia-noticias-hoy\/\" target=\"_self\" rel=\"noopener  nofollow\"><b>Samsung sacude el CES 2026 con un televisor Micro RGB de 130 pulgadas como protagonista<\/b><\/a><\/p>\n<p class=\"font--secondary\">El directivo habl\u00f3 de la importancia de \u201cdemocratizar\u201d la inteligencia artificial y, en general, todos los desarrollos del mismo tipo que, usualmente, se presentan en escenarios como Las Vegas y que casi siempre son destinados a un segmento premium. Como encargado de supervisar las labores de la compa\u00f1\u00eda en Latinoam\u00e9rica, HS Joe se refiri\u00f3 a lo que se requiere para desplegar la tecnolog\u00eda en pa\u00edses en desarrollo como Colombia. De igual manera, habl\u00f3 del potencial del mercado en la regi\u00f3n, de la conversaci\u00f3n entre IA y seguridad e incluso sobre el impacto que tendr\u00e1n estos cambios en el campo laboral.<\/p>\n<p class=\"font--secondary\">Ante la pregunta de si considera que Am\u00e9rica Latina est\u00e1 lista para recibir estos desarrollos, el CEO se\u00f1al\u00f3 que este es un mercado con \u201cadaptabilidad tecnol\u00f3gica\u201d, lo que implica que la regi\u00f3n muestra una disposici\u00f3n superior a adoptar nuevas tecnolog\u00edas y factores de forma. Seg\u00fan explic\u00f3, los latinos son considerados m\u00e1s abiertos al cambio tecnol\u00f3gico que otros mercados, por lo que se espera un aumento del consumo en los pr\u00f3ximos dos y tres a\u00f1os.<\/p>\n<p class=\"font--secondary\"><b>No se pierda: <\/b><a href=\"https:\/\/www.elespectador.com\/tecnologia\/videojuegos\/la-escasez-de-memorias-ram-podria-provocar-una-subida-historica-en-el-precio-de-las-consolas\/\" target=\"_self\" rel=\"noopener  nofollow\"><b>La escasez de memorias RAM podr\u00eda provocar una subida hist\u00f3rica en el precio de las consolas<\/b><\/a><\/p>\n<p class=\"font--secondary\">Este diario tambi\u00e9n le pregunt\u00f3 sobre c\u00f3mo esperan que la inteligencia artificial sea un instrumento que mejore la calidad de vida de buena parte de los habitantes del continente si muchos de los dispositivos que la incluyen, por sus desarrollos de punta, llegan a los pa\u00edses con precios que los terminan destinando a peque\u00f1os grupos poblacionales con altos ingresos. <\/p>\n<p class=\"font--secondary\">\u201cTratamos de democratizar la inteligencia artificial en todos los productos del mercado masivo; en nuestro caso ya ocurre con los televisores UHD o con la expansi\u00f3n de Galaxy AI, que se ha extendido a la Serie A, que es la que agrupa a los smartphones y tabletas de entrada o gama media. Actualmente, los dispositivos m\u00f3viles habilitados para Galaxy AI ya superan los 400 millones. Al final de este a\u00f1o 2026 estaremos expandiendo esa cifra a 800 millones\u201d, asegur\u00f3.<\/p>\n<p class=\"font--secondary\">HS Joe reiter\u00f3 que Am\u00e9rica Latina sigue siendo un mercado emergente, por lo cual la porci\u00f3n premium del mercado es menor que en Am\u00e9rica del Norte y en Europa, pero resalt\u00f3 que en la zona ha venido creciendo r\u00e1pidamente la tasa de compra en l\u00ednea. Adem\u00e1s, dijo que tambi\u00e9n se debe tener en cuenta el porcentaje de acceso a la IA que ya opera en modelos no premium para controlar, por ejemplo, el consumo de energ\u00eda de los electrodom\u00e9sticos. <\/p>\n<p class=\"font--secondary\">Desde Samsung aseguran que su visi\u00f3n es convertir la IA en una compa\u00f1era para el hogar, haci\u00e9ndola natural, poderosa y significativa. Ante la pregunta de los desaf\u00edos en materia de seguridad que plantean estos desarrollos, el directivo se\u00f1al\u00f3 que tienen mucha confianza en toda su tecnolog\u00eda, pues cuentan con Knox Security, una plataforma multicapa que brinda seguridad para hardware, las conexiones con dispositivos, y las conexiones a internet.<\/p>\n<p class=\"font--secondary\"><b>Le puede interesar: <\/b><a href=\"https:\/\/www.elespectador.com\/tecnologia\/samsung-sound-tower-st50f-resena-completa-caracteristicas-potencia-y-precio-en-2026-noticias-hoy\/\" target=\"_self\" rel=\"noopener  nofollow\"><b>Samsung Sound Tower ST50F: rese\u00f1a completa, caracter\u00edsticas, potencia y precio en 2026<\/b><\/a><\/p>\n<p class=\"font--secondary\">Durante la charla tambi\u00e9n se abord\u00f3 el tema de la brecha generacional para acceder a las nuevas tecnolog\u00edas, punto en el que el presidente y otros jefes de la marca en la regi\u00f3n aseguraron que, aunque muchos tal vez no est\u00e9n interactuando proactivamente con la inteligencia artificial, las soluciones en el mercado ya los est\u00e1n ayudando ahora. En los televisores, por ejemplo, la herramienta reajusta las im\u00e1genes, el sonido y los mejora de acuerdo al contenido y en general, explicaron, la apuesta es integrar las innovaciones, simplificar la vida y que incluso no tenga que notarse.<\/p>\n<p class=\"font--secondary\">Sobre el reto log\u00edstico de desplegar por toda Latinoam\u00e9rica los nuevos dispositivos, especialmente por el af\u00e1n del mercado en relaci\u00f3n con el Mundial, el CEO dijo que se vienen preparando desde la segunda mitad de 2025 y que, adem\u00e1s de grandes campa\u00f1as para comunicar lo nuevo, su visi\u00f3n es ofrecer experiencias inmersivas y personalizadas. Para este a\u00f1o esperan que la demanda de pantallas m\u00e1s grandes siga creciendo y es por eso que esta semana presentaron una pantalla de 130 pulgadas Micro RGB.<\/p>\n<p class=\"font--secondary\">Otro de los interrogantes que surgi\u00f3 de la charla, relacionado con la democratizaci\u00f3n de la tecnolog\u00eda, fue c\u00f3mo responder a las inquietudes de muchos usuarios que ven con sorpresa los lanzamientos de nuevos dispositivos y que sienten que se quedan atr\u00e1s por su capacidad de pago. Al respecto, HS Joe dijo que particularmente desde Samsung trabajan en crear comunidad y desde ese punto programas de apoyo a sus clientes m\u00e1s leales a trav\u00e9s de membres\u00edas que les den acceso a beneficios para estar a la vanguardia con los lanzamientos. <\/p>\n<p class=\"font--secondary\">Finalmente, el presidente de Samsung para Latinoam\u00e9rica se refiri\u00f3 al debate tan comentado del posible efecto negativo que tendr\u00eda la inteligencia artificial en el mercado laboral. HS Joe reconoci\u00f3 la validez de la discusi\u00f3n sobre qu\u00e9 pasar\u00e1 con varios puestos de trabajo, pero plante\u00f3 que la IA \u201csolo aumenta la productividad y la eficiencia. La industria se est\u00e1 moviendo hacia la transformaci\u00f3n de los empleos y la transformaci\u00f3n de la IA. Esa transformaci\u00f3n significa que tal vez aumente la demanda de empleos de mayor calidad. As\u00ed que creo que, aunque hay cierta preocupaci\u00f3n, este tipo de preocupaci\u00f3n se disipar\u00e1 en el futuro\u201d, concluy\u00f3. <\/p>\n<p class=\"font--secondary\">\ud83d\udc7d\ud83d\udc7d\ud83d\udc7d <b>\u00bfYa est\u00e1 enterado de las \u00faltimas noticias de <\/b><a href=\"https:\/\/www.elespectador.com\/tecnologia\/\" title=\"\" rel=\"nofollow noopener\" target=\"_blank\"><b>tecnolog\u00eda<\/b><\/a><b>?<\/b> Lo invitamos a visitar nuestra secci\u00f3n en <a href=\"https:\/\/www.elespectador.com\/tecnologia\/\" rel=\"nofollow noopener\" target=\"_blank\">El Espectador<\/a>.<\/p>\n","protected":false},"excerpt":{"rendered":"HS Jo Presidente Samsung Latam. Foto: Cortes\u00eda Samsung Resume e inf\u00f3rmame r\u00e1pido Escucha este art\u00edculo Audio generado con&hellip;\n","protected":false},"author":2,"featured_media":334622,"comment_status":"","ping_status":"","sticky":false,"template":"","format":"standard","meta":{"footnotes":""},"categories":[81],"tags":[67529,119,123,124,25,24,76813,136,67493,1700,117,121,122,23,118,120],"class_list":{"0":"post-334621","1":"post","2":"type-post","3":"status-publish","4":"format-standard","5":"has-post-thumbnail","7":"category-ciencia-y-tecnologia","8":"tag-ces-2026","9":"tag-ciencia","10":"tag-ciencia-y-tecnologia","11":"tag-cienciaytecnologia","12":"tag-es","13":"tag-espana","14":"tag-hs-joe","15":"tag-inteligencia-artificial","16":"tag-noticias-tecnologicas-de-hoy","17":"tag-samsung","18":"tag-science","19":"tag-science-and-technology","20":"tag-scienceandtechnology","21":"tag-spain","22":"tag-technology","23":"tag-tecnologia"},"share_on_mastodon":{"url":"https:\/\/pubeurope.com\/@es\/115875502091359745","error":""},"_links":{"self":[{"href":"https:\/\/www.europesays.com\/es\/wp-json\/wp\/v2\/posts\/334621","targetHints":{"allow":["GET"]}}],"collection":[{"href":"https:\/\/www.europesays.com\/es\/wp-json\/wp\/v2\/posts"}],"about":[{"href":"https:\/\/www.europesays.com\/es\/wp-json\/wp\/v2\/types\/post"}],"author":[{"embeddable":true,"href":"https:\/\/www.europesays.com\/es\/wp-json\/wp\/v2\/users\/2"}],"replies":[{"embeddable":true,"href":"https:\/\/www.europesays.com\/es\/wp-json\/wp\/v2\/comments?post=334621"}],"version-history":[{"count":0,"href":"https:\/\/www.europesays.com\/es\/wp-json\/wp\/v2\/posts\/334621\/revisions"}],"wp:featuredmedia":[{"embeddable":true,"href":"https:\/\/www.europesays.com\/es\/wp-json\/wp\/v2\/media\/334622"}],"wp:attachment":[{"href":"https:\/\/www.europesays.com\/es\/wp-json\/wp\/v2\/media?parent=334621"}],"wp:term":[{"taxonomy":"category","embeddable":true,"href":"https:\/\/www.europesays.com\/es\/wp-json\/wp\/v2\/categories?post=334621"},{"taxonomy":"post_tag","embeddable":true,"href":"https:\/\/www.europesays.com\/es\/wp-json\/wp\/v2\/tags?post=334621"}],"curies":[{"name":"wp","href":"https:\/\/api.w.org\/{rel}","templated":true}]}}