{"id":334625,"date":"2026-01-11T08:24:15","date_gmt":"2026-01-11T08:24:15","guid":{"rendered":"https:\/\/www.europesays.com\/es\/334625\/"},"modified":"2026-01-11T08:24:15","modified_gmt":"2026-01-11T08:24:15","slug":"uso-con-la-legalidad-internacional-la-paz-y-la-democracia-en-venezuela","status":"publish","type":"post","link":"https:\/\/www.europesays.com\/es\/334625\/","title":{"rendered":"USO, con la legalidad internacional, la paz y la democracia en Venezuela"},"content":{"rendered":"<p>Los venezolanos no pueden pasar de lo ileg\u00edtimo a lo ilegal y verse despojados de su soberan\u00eda y sus riquezas<\/p>\n<p>USO condena firmemente el ataque a la soberan\u00eda nacional de Venezuela y se alinea sin fisuras con la poblaci\u00f3n venezolana, su autonom\u00eda para tomar las riendas de su pa\u00eds y su necesidad de vivir en una democracia plena, con derechos y libertades. USO respalda as\u00ed la postura de la CES, que no solo censura la agresi\u00f3n militar, sino que le exige a la Uni\u00f3n Europea m\u00e1s firmeza en la defensa del derecho internacional. La CES recuerda que esta intervenci\u00f3n viola la Carta de las Naciones Unidas y pone en riesgo la libertad e integridad de civiles.<\/p>\n<p>En opini\u00f3n de USO, la deposici\u00f3n de un dirigente dudosamente legitimado por un proceso electoral opaco no puede llevarse a cabo por una fuerza extranjera que, adem\u00e1s, ha mostrado nulo respeto por acabar con el problema real de los venezolanos: la p\u00e9rdida de la democracia. Estados Unidos ha dejado claro que su intervenci\u00f3n obedece a motivos econ\u00f3micos y de control de materias primas, y la ha ejecutado siguiendo la ley del m\u00e1s fuerte, no con el respaldo de un plan de paz o una hoja de ruta ajustada a derecho que hable, en primer lugar, de unas elecciones en libertad para los venezolanos.<\/p>\n<p>La CES, y la USO como miembro, \u201ccondena en\u00e9rgicamente cualquier intento de potencias extranjeras de ejercer control pol\u00edtico o econ\u00f3mico sobre Venezuela para asegurar el acceso a sus recursos naturales. Estas acciones constituyen una grave violaci\u00f3n del derecho internacional, la Carta de las Naciones Unidas y el derecho de los pueblos a la autodeterminaci\u00f3n, e inevitablemente profundizan la injusticia social, la represi\u00f3n y las violaciones de los derechos de los trabajadores\u201d.<\/p>\n<p>La sombra del colonialismo<\/p>\n<p>Esta agresi\u00f3n a Venezuela ha despertado los fantasmas de los a\u00f1os 70, donde el intervencionismo estadounidense marc\u00f3 una d\u00e9cada oscura para muchos pueblos americanos. Por entonces, la inestabilidad pol\u00edtica y los reg\u00edmenes autoritarios fueron las excusas para la intervenci\u00f3n. Hoy, se habla sin tapujos de los recursos econ\u00f3micos.<\/p>\n<p>La CSI, junto con la Confederaci\u00f3n Sindical de Trabajadores y Trabajadoras de las Am\u00e9ricas, siguen la misma l\u00ednea de condena expresada desde Europa, recordando que se ha violado la soberan\u00eda e integridad de Venezuela y, con ello, de toda Am\u00e9rica Latina y Caribe. La CSA es clara en este sentido: \u201cno aceptamos la invasi\u00f3n ni el uso de la violencia contra nuestros pueblos y territorios\u201d.<\/p>\n<p>USO se une a la preocupaci\u00f3n por la escalada de violencia a nivel global. La intervenci\u00f3n en Venezuela apaga los ecos de conflictos a\u00fan abiertos y siembra las dudas sobre su resoluci\u00f3n en beneficio de la poblaci\u00f3n, no de intercambios entre superpotencias. As\u00ed, los planes para Palestina o las regiones invadidas de Ucrania pueden formar parte de un gran intercambio de territorios mundial donde prime el acceso a recursos y la ampliaci\u00f3n de territorios. La amenaza en voz cada vez m\u00e1s alta sobre la integridad de Groenlandia, un territorio controlado desde la Uni\u00f3n Europea y perteneciente a la OTAN, es un l\u00edmite que cada vez parece m\u00e1s fr\u00e1gil y que podr\u00eda romper peligrosamente el tablero y devolvernos a escenarios impensables desde hace casi un siglo.<\/p>\n<p>Por ello, USO apela a la diplomacia, al respeto por el derecho internacional, a hacerlo cumplir en los organismos y a recuperar un status quo en el que la fuerza no marque las relaciones internacionales.<\/p>\n","protected":false},"excerpt":{"rendered":"Los venezolanos no pueden pasar de lo ileg\u00edtimo a lo ilegal y verse despojados de su soberan\u00eda y&hellip;\n","protected":false},"author":2,"featured_media":334626,"comment_status":"","ping_status":"","sticky":false,"template":"","format":"standard","meta":{"footnotes":""},"categories":[42],"tags":[17,18,4875,13,14,11,61,62,63,64,19,20,9,10,15,16,11506,46521,12,21,22,65,66,67],"class_list":{"0":"post-334625","1":"post","2":"type-post","3":"status-publish","4":"format-standard","5":"has-post-thumbnail","7":"category-internacional","8":"tag-breaking-news","9":"tag-breakingnews","10":"tag-democracia","11":"tag-featured-news","12":"tag-featurednews","13":"tag-headlines","14":"tag-internacional","15":"tag-international","16":"tag-international-news","17":"tag-internationalnews","18":"tag-latest-news","19":"tag-latestnews","20":"tag-news","21":"tag-noticias","22":"tag-noticias-destacadas","23":"tag-noticiasdestacadas","24":"tag-paz","25":"tag-sindicalismo-internacional","26":"tag-titulares","27":"tag-ultimas-noticias","28":"tag-ultimasnoticias","29":"tag-world","30":"tag-world-news","31":"tag-worldnews"},"share_on_mastodon":{"url":"https:\/\/pubeurope.com\/@es\/115875509982607699","error":""},"_links":{"self":[{"href":"https:\/\/www.europesays.com\/es\/wp-json\/wp\/v2\/posts\/334625","targetHints":{"allow":["GET"]}}],"collection":[{"href":"https:\/\/www.europesays.com\/es\/wp-json\/wp\/v2\/posts"}],"about":[{"href":"https:\/\/www.europesays.com\/es\/wp-json\/wp\/v2\/types\/post"}],"author":[{"embeddable":true,"href":"https:\/\/www.europesays.com\/es\/wp-json\/wp\/v2\/users\/2"}],"replies":[{"embeddable":true,"href":"https:\/\/www.europesays.com\/es\/wp-json\/wp\/v2\/comments?post=334625"}],"version-history":[{"count":0,"href":"https:\/\/www.europesays.com\/es\/wp-json\/wp\/v2\/posts\/334625\/revisions"}],"wp:featuredmedia":[{"embeddable":true,"href":"https:\/\/www.europesays.com\/es\/wp-json\/wp\/v2\/media\/334626"}],"wp:attachment":[{"href":"https:\/\/www.europesays.com\/es\/wp-json\/wp\/v2\/media?parent=334625"}],"wp:term":[{"taxonomy":"category","embeddable":true,"href":"https:\/\/www.europesays.com\/es\/wp-json\/wp\/v2\/categories?post=334625"},{"taxonomy":"post_tag","embeddable":true,"href":"https:\/\/www.europesays.com\/es\/wp-json\/wp\/v2\/tags?post=334625"}],"curies":[{"name":"wp","href":"https:\/\/api.w.org\/{rel}","templated":true}]}}