{"id":334629,"date":"2026-01-11T08:26:11","date_gmt":"2026-01-11T08:26:11","guid":{"rendered":"https:\/\/www.europesays.com\/es\/334629\/"},"modified":"2026-01-11T08:26:11","modified_gmt":"2026-01-11T08:26:11","slug":"montero-logra-poner-de-acuerdo-al-pp-vox-y-la-izquierda-radical-contra-su-modelo-de-financiacion-que-beneficia-a-cataluna","status":"publish","type":"post","link":"https:\/\/www.europesays.com\/es\/334629\/","title":{"rendered":"Montero logra poner de acuerdo al PP, Vox y la izquierda radical contra su modelo de financiaci\u00f3n que beneficia a Catalu\u00f1a"},"content":{"rendered":"<p style=\"\">La vicepresidenta del Gobierno y ministra de Hacienda, Mar\u00eda Jes\u00fas Montero, ha logrado con su propuesta del nueva financiaci\u00f3n auton\u00f3mica, un modelo que debe lograr la mayor\u00eda de apoyos para ser aprobado en el Congreso y ser aceptado por las comunidades aut\u00f3nomas, lo que parec\u00eda  &#8230; casi imposible en Andaluc\u00eda: poner de acuerdo al PP, Vox y la izquierda radical.<\/p>\n<p class=\"voc-p\" style=\"\">O lo que es lo mismo. El modelo anunciado por la socialista sevillana ha logrado el rechazo un\u00e1nime de la Junta de Andaluc\u00eda, Vox y los grupos de Adelante Andaluc\u00eda y Por Andaluc\u00eda. Dicen que <strong>tener un enemigo com\u00fan une m\u00e1s que cualquier bandera.<\/strong> Y la defensa de Andaluc\u00eda en contra de los privilegios a Catalu\u00f1a que supone el modelo que defiende Mar\u00eda Jes\u00fas Montero, lo ha logrado. Lo mismo que la idea de que se trata de un \u00abconejo en la chistera\u00bb que se ha sacado, una medida electoralista que tiene pocas probabilidades de prosperar. <\/p>\n<p class=\"voc-p\" style=\"\">Todas las reacciones en Andaluc\u00eda han sido de rechazo a la propuesta que supondr\u00e1 incluir el principio de ordinalidad que beneficia Catalu\u00f1a y que supone que las regiones que m\u00e1s aportan porque tienen m\u00e1s reciban tambi\u00e9n m\u00e1s y las que menos aporten se lleven menos en ese reparto.<\/p>\n<p class=\"voc-p\" style=\"\">Desde la Junta de Andaluc\u00eda, su presidente Juanma Moreno lo dej\u00f3 bien claro desde el minuto uno: no piensa aceptar \u00abun traje a medida de Junqueras\u00bb, que es lo que supone la nueva propuesta de la vicepresidenta del Gobierno. El presidente le ech\u00f3 en cara que no haya convocado primero a los presidentes de las comunidades aut\u00f3nomas para presentarle su nueva propuesta.<\/p>\n<p class=\"voc-title\">Adem\u00e1s de las cr\u00edticas un\u00e1nimes hay dudas sobre las posibilidades que tiene la propuesta financiaci\u00f3n se ser aprobada <\/p>\n<p class=\"voc-p\" style=\"\">Porque adem\u00e1s Moreno duda de que la propuesta de la socialista sevillana llegue a buen puerto y consiga ser aprobada. <strong>\u00abNo ha sido capaz de aprobar unos presupuestos generales en tres a\u00f1os<\/strong> y ahora nos viene con este modelo a pocos meses de que haya elecciones\u00bb, dijo en referencia a que si no ha logrado el acuerdo para aprobar los PGE en el Congreso es bastante probable que tampoco lo logre para la nueva financiaci\u00f3n auton\u00f3mica.<\/p>\n<p class=\"voc-p\" style=\"\">Desde Vox, su portavoz en el Parlamento, Manuel Gavira, tambi\u00e9n fue tajante en su rechazo al modelo. A su juicio \u00abel socialismo lleva 40 a\u00f1os rob\u00e1ndonos el futuro de los andaluces sometiendo a la poblaci\u00f3n espa\u00f1ola a los caprichos del separatismo\u00bb. A su juicio \u00abganan los separatistas y pierden los andaluces\u00bb.<\/p>\n<p class=\"voc-p\" style=\"\">Desde Adelante Andaluc\u00eda, su portavoz parlamentario Jos\u00e9 Ignacio Garc\u00eda tach\u00f3 de \u00abinjusto\u00bb el modelo basado en el principio de ordinalidad en el que los ricos reciben m\u00e1s y los pobres menos, si la UE hubiese aplicado el mismo sistema con Espa\u00f1a \u00abnos habr\u00edamos quedado tiesos\u00bb. <\/p>\n<p class=\"voc-p\" style=\"\">Desde Adelante Andaluc\u00eda no aceptar\u00e1n ning\u00fan sistema de financiaci\u00f3n que no respete a Andaluc\u00eda y le d\u00e9 lo que le debe hist\u00f3ricamente.<\/p>\n<p>\nRechazo al principio de ordinalidad\n<\/p>\n<p class=\"voc-p\" style=\"\">El coordinador federal de Izquierda Unida (IU) y candidato de la coalici\u00f3n Por Andaluc\u00eda, Antonio Ma\u00edllo reivindica \u00abno estar condicionados por donde uno viva\u00bb y ha expresado su rechazo <strong>al \u00abprincipio de ordinalidad\u00bb como \u00abun principio que tenga que establecerse\u00bb<\/strong> para fijar el reparto de fondos entre comunidades, porque \u00abno podemos premiar\u00bb que, por tener \u00abmayor capacidad tributaria\u00bb, y por tener \u00abm\u00e1s ricos\u00bb, una comunidad se pueda ver beneficiada con m\u00e1s financiaci\u00f3n, ha sostenido.<\/p>\n<p class=\"voc-p\" style=\"\">Adem\u00e1s, Ma\u00edllo ha avanzado que desde IU van a \u00abexigir que siga manteni\u00e9ndose un fondo de compensaci\u00f3n\u00bb en el nuevo modelo de financiaci\u00f3n, que \u00abtiene que ser mucho m\u00e1s\u00bb elevado de lo que era actualmente, que \u00abapenas\u00bb llega a \u00ab500 millones\u00bb, seg\u00fan ha expuesto el dirigente de IU antes de agregar que \u00abdebe ser un fondo de compensaci\u00f3n que garantice esos ajustes que se producen cuando un resultado final no da satisfacci\u00f3n a todos los territorios\u00bb.<\/p>\n","protected":false},"excerpt":{"rendered":"La vicepresidenta del Gobierno y ministra de Hacienda, Mar\u00eda Jes\u00fas Montero, ha logrado con su propuesta del nueva&hellip;\n","protected":false},"author":2,"featured_media":334630,"comment_status":"","ping_status":"","sticky":false,"template":"","format":"standard","meta":{"footnotes":""},"categories":[5],"tags":[945,17907,17,18,1980,25,24,13,14,6861,11,6326,19,20,11812,3431,2466,9,10,15,16,1352,956,7958,23,12,21,22,624],"class_list":{"0":"post-334629","1":"post","2":"type-post","3":"status-publish","4":"format-standard","5":"has-post-thumbnail","7":"category-titulares","8":"tag-acuerdo","9":"tag-beneficia","10":"tag-breaking-news","11":"tag-breakingnews","12":"tag-cataluna","13":"tag-es","14":"tag-espana","15":"tag-featured-news","16":"tag-featurednews","17":"tag-financiacion","18":"tag-headlines","19":"tag-izquierda","20":"tag-latest-news","21":"tag-latestnews","22":"tag-logra","23":"tag-modelo","24":"tag-montero","25":"tag-news","26":"tag-noticias","27":"tag-noticias-destacadas","28":"tag-noticiasdestacadas","29":"tag-poner","30":"tag-pp","31":"tag-radical","32":"tag-spain","33":"tag-titulares","34":"tag-ultimas-noticias","35":"tag-ultimasnoticias","36":"tag-vox"},"share_on_mastodon":{"url":"https:\/\/pubeurope.com\/@es\/115875517718735005","error":""},"_links":{"self":[{"href":"https:\/\/www.europesays.com\/es\/wp-json\/wp\/v2\/posts\/334629","targetHints":{"allow":["GET"]}}],"collection":[{"href":"https:\/\/www.europesays.com\/es\/wp-json\/wp\/v2\/posts"}],"about":[{"href":"https:\/\/www.europesays.com\/es\/wp-json\/wp\/v2\/types\/post"}],"author":[{"embeddable":true,"href":"https:\/\/www.europesays.com\/es\/wp-json\/wp\/v2\/users\/2"}],"replies":[{"embeddable":true,"href":"https:\/\/www.europesays.com\/es\/wp-json\/wp\/v2\/comments?post=334629"}],"version-history":[{"count":0,"href":"https:\/\/www.europesays.com\/es\/wp-json\/wp\/v2\/posts\/334629\/revisions"}],"wp:featuredmedia":[{"embeddable":true,"href":"https:\/\/www.europesays.com\/es\/wp-json\/wp\/v2\/media\/334630"}],"wp:attachment":[{"href":"https:\/\/www.europesays.com\/es\/wp-json\/wp\/v2\/media?parent=334629"}],"wp:term":[{"taxonomy":"category","embeddable":true,"href":"https:\/\/www.europesays.com\/es\/wp-json\/wp\/v2\/categories?post=334629"},{"taxonomy":"post_tag","embeddable":true,"href":"https:\/\/www.europesays.com\/es\/wp-json\/wp\/v2\/tags?post=334629"}],"curies":[{"name":"wp","href":"https:\/\/api.w.org\/{rel}","templated":true}]}}