{"id":334631,"date":"2026-01-11T08:30:07","date_gmt":"2026-01-11T08:30:07","guid":{"rendered":"https:\/\/www.europesays.com\/es\/334631\/"},"modified":"2026-01-11T08:30:07","modified_gmt":"2026-01-11T08:30:07","slug":"el-turismo-de-golf-proyecta-en-zarautz-su-desarrollo-y-promocion-en-euskadi","status":"publish","type":"post","link":"https:\/\/www.europesays.com\/es\/334631\/","title":{"rendered":"El turismo de golf proyecta en Zarautz su desarrollo y promoci\u00f3n en Euskadi"},"content":{"rendered":"<p> Un grupo de trabajo relacionado con el nicho del turismo de golf se reuni\u00f3 a finales del mes de diciembre en el Real Golf  &#8230; Club de Zarauz con el objetivo de valorar la actividad llevada a cabo durante el pasado a\u00f1o y para avanzar el plan de acciones que se pretende llevar a cabo durante el ejercicio 2026.<\/p>\n<p class=\"v-p\">Itxaslehor Servicios Tur\u00edsticos presta desde el a\u00f1o 2025 el servicio de apoyo t\u00e9cnico para la gesti\u00f3n, el desarrollo y la promoci\u00f3n de este segmento tur\u00edstico. <\/p>\n<p class=\"v-p\">Asistieron a dicha reuni\u00f3n gerentes y representantes de once infraestructuras de golf (entre campos de golf, campos Par 3 y Pitch &amp; Putt), tres agencias de viaje de turismo receptivo especializadas, un hotel especializado y representantes de Basquetour, Agencia Vasca de Turismo.<\/p>\n<p class=\"v-p\">Entre las acciones propuestas para el 2026 se contemplan iniciativas como la participaci\u00f3n en ferias tur\u00edsticas especializadas, la organizaci\u00f3n de una jornada t\u00e9cnica profesional sobre el sector del golf y sobre turismo de golf, una campa\u00f1a promocional espec\u00edfica del producto en medios de comunicaci\u00f3n o la producci\u00f3n de una pieza audiovisual espec\u00edfica del producto, entre otras.<\/p>\n<p class=\"v-p\">Por otro lado, se hizo hincapi\u00e9 en la importancia de aprovechar el atractivo del turismo de golf en Euskadi para promocionar el destino como emergente en este segmento, en la colaboraci\u00f3n y en el trabajo conjunto para impulsar este tipo de turismo en nuestro territorio, y en el compromiso necesario por parte de todos los agentes para continuar con el trabajo consolidado durante este a\u00f1o 2025.<\/p>\n<p class=\"v-p\">Finalmente, es importante destacar que, adem\u00e1s de ser un foro de trabajo, este encuentro se consolida como una oportunidad para reforzar relaciones y generar sinergias y nuevas ideas entre los diferentes agentes participantes, habi\u00e9ndose abierto, para tal efecto, un espacio para recoger las aportaciones y propuestas de los y de las asistentes.<\/p>\n","protected":false},"excerpt":{"rendered":"Un grupo de trabajo relacionado con el nicho del turismo de golf se reuni\u00f3 a finales del mes&hellip;\n","protected":false},"author":2,"featured_media":334632,"comment_status":"","ping_status":"","sticky":false,"template":"","format":"standard","meta":{"footnotes":""},"categories":[275],"tags":[168,3343,25,24,5691,329,1170,36014,23,167,4664,13687],"class_list":{"0":"post-334631","1":"post","2":"type-post","3":"status-publish","4":"format-standard","5":"has-post-thumbnail","7":"category-golf","8":"tag-deportes","9":"tag-desarrollo","10":"tag-es","11":"tag-espana","12":"tag-euskadi","13":"tag-golf","14":"tag-promocion","15":"tag-proyecta","16":"tag-spain","17":"tag-sports","18":"tag-turismo","19":"tag-zarautz"},"share_on_mastodon":{"url":"https:\/\/pubeurope.com\/@es\/115875533557164952","error":""},"_links":{"self":[{"href":"https:\/\/www.europesays.com\/es\/wp-json\/wp\/v2\/posts\/334631","targetHints":{"allow":["GET"]}}],"collection":[{"href":"https:\/\/www.europesays.com\/es\/wp-json\/wp\/v2\/posts"}],"about":[{"href":"https:\/\/www.europesays.com\/es\/wp-json\/wp\/v2\/types\/post"}],"author":[{"embeddable":true,"href":"https:\/\/www.europesays.com\/es\/wp-json\/wp\/v2\/users\/2"}],"replies":[{"embeddable":true,"href":"https:\/\/www.europesays.com\/es\/wp-json\/wp\/v2\/comments?post=334631"}],"version-history":[{"count":0,"href":"https:\/\/www.europesays.com\/es\/wp-json\/wp\/v2\/posts\/334631\/revisions"}],"wp:featuredmedia":[{"embeddable":true,"href":"https:\/\/www.europesays.com\/es\/wp-json\/wp\/v2\/media\/334632"}],"wp:attachment":[{"href":"https:\/\/www.europesays.com\/es\/wp-json\/wp\/v2\/media?parent=334631"}],"wp:term":[{"taxonomy":"category","embeddable":true,"href":"https:\/\/www.europesays.com\/es\/wp-json\/wp\/v2\/categories?post=334631"},{"taxonomy":"post_tag","embeddable":true,"href":"https:\/\/www.europesays.com\/es\/wp-json\/wp\/v2\/tags?post=334631"}],"curies":[{"name":"wp","href":"https:\/\/api.w.org\/{rel}","templated":true}]}}