{"id":334651,"date":"2026-01-11T08:44:05","date_gmt":"2026-01-11T08:44:05","guid":{"rendered":"https:\/\/www.europesays.com\/es\/334651\/"},"modified":"2026-01-11T08:44:05","modified_gmt":"2026-01-11T08:44:05","slug":"detienen-al-actor-turco-can-yaman-en-estambul-por-presunta-posesion-de-drogas","status":"publish","type":"post","link":"https:\/\/www.europesays.com\/es\/334651\/","title":{"rendered":"Detienen al actor turco Can Yaman en Estambul por presunta posesi\u00f3n de drogas"},"content":{"rendered":"<p><a href=\"https:\/\/www.huffingtonpost.es\/virales\/el-actor-can-yaman-dice-aprendia-espanol-gracias-la-revuelta-suelta-sobre-broncano-genera-risaanime-plato.html\" title=\"El actor Can Yaman dice que aprend\u00eda espa\u00f1ol gracias a &#039;La Revuelta&#039;, y lo que suelta sobre Broncano genera risa un\u00e1nime en el plat\u00f3\" rel=\"nofollow noopener\" target=\"_blank\">El popular actor turco Can Yaman<\/a>, protagonista de numerosas telenovelas, ha sido detenido esta madrugada en Estambul<b> junto a otras seis personas<\/b> por supuesta posesi\u00f3n de drogas, informa este s\u00e1bado el diario turco H\u00fcrriyet.<\/p>\n<p>Yaman, la popular actriz Selen G\u00f6rg\u00fczel y otras cinco personas fueron detenidas durante una redada de la polic\u00eda en diferentes lugares de ocio nocturno en <a href=\"https:\/\/www.huffingtonpost.es\/videos\/asi-limpian-cristales-aeropuerto-estambul-forma-mas-eficaz-posible.html\" title=\"As\u00ed limpian los cristales del aeropuerto de Estambul de la forma m\u00e1s eficaz posible\" rel=\"nofollow noopener\" target=\"_blank\">Estambul <\/a>en el marco de una operaci\u00f3n contra el consumo de drogas y trasladados a comisar\u00eda, informa ese diario.<\/p>\n<p>Los agentes le encontraron con estupefacientes encima, seg\u00fan las primeras informaciones<\/p>\n<p>La operaci\u00f3n forma parte de una oleada de redadas y detenciones por las que en las \u00faltimas semanas han sido arrestados o citados a declarar decenas de artistas, personalidades de las redes sociales, periodistas, empresarios y figuras del deporte.<\/p>\n<p>A los detenidos <b>se les toman muestras de pelo, sangre u orina para verificar un supuesto uso de drogas.<\/b><\/p>\n<p>Aunque las informaciones oficiales no especifican qu\u00e9 tipo de droga es el principal objetivo de la campa\u00f1a, la prensa turca da por hecho que se trata de combatir el consumo de coca\u00edna.<\/p>\n<p>Seg\u00fan H\u00fcrriyet, la Fiscal\u00eda no hab\u00eda emitido orden de detenci\u00f3n contra Can Yaman en el marco de estas operaciones antidroga, pero durante el registro de esta madrugada en los locales de ocio,<b> los agentes lo hallaron en posesi\u00f3n de estupefacientes, por lo que fue detenido.<\/b><\/p>\n<p>Conocido por sus papeles en telenovelas turcas<\/p>\n<p>Can Yaman, famoso por telenovelas de \u00e9xito internacional como &#8216;P\u00e1jaro so\u00f1ador&#8217;, &#8216;Sandokan&#8217;, &#8216;El Turco&#8217; y &#8216;Viola come il mare&#8217;, es tambi\u00e9n protagonista de la serie espa\u00f1ola &#8216;El laberinto de las mariposas&#8217;, actualmente en rodaje.\u00a0<\/p>\n<p>-Noticia de \u00faltima hora-\u00a0<\/p>\n","protected":false},"excerpt":{"rendered":"El popular actor turco Can Yaman, protagonista de numerosas telenovelas, ha sido detenido esta madrugada en Estambul junto&hellip;\n","protected":false},"author":2,"featured_media":334652,"comment_status":"","ping_status":"","sticky":false,"template":"","format":"standard","meta":{"footnotes":""},"categories":[91],"tags":[177,15705,794,146,147,25,24,17777,23,257],"class_list":{"0":"post-334651","1":"post","2":"type-post","3":"status-publish","4":"format-standard","5":"has-post-thumbnail","7":"category-entretenimiento","8":"tag-cine","9":"tag-detenciones","10":"tag-drogas","11":"tag-entertainment","12":"tag-entretenimiento","13":"tag-es","14":"tag-espana","15":"tag-estambul","16":"tag-spain","17":"tag-sucesos"},"share_on_mastodon":{"url":"https:\/\/pubeurope.com\/@es\/115875588791392503","error":""},"_links":{"self":[{"href":"https:\/\/www.europesays.com\/es\/wp-json\/wp\/v2\/posts\/334651","targetHints":{"allow":["GET"]}}],"collection":[{"href":"https:\/\/www.europesays.com\/es\/wp-json\/wp\/v2\/posts"}],"about":[{"href":"https:\/\/www.europesays.com\/es\/wp-json\/wp\/v2\/types\/post"}],"author":[{"embeddable":true,"href":"https:\/\/www.europesays.com\/es\/wp-json\/wp\/v2\/users\/2"}],"replies":[{"embeddable":true,"href":"https:\/\/www.europesays.com\/es\/wp-json\/wp\/v2\/comments?post=334651"}],"version-history":[{"count":0,"href":"https:\/\/www.europesays.com\/es\/wp-json\/wp\/v2\/posts\/334651\/revisions"}],"wp:featuredmedia":[{"embeddable":true,"href":"https:\/\/www.europesays.com\/es\/wp-json\/wp\/v2\/media\/334652"}],"wp:attachment":[{"href":"https:\/\/www.europesays.com\/es\/wp-json\/wp\/v2\/media?parent=334651"}],"wp:term":[{"taxonomy":"category","embeddable":true,"href":"https:\/\/www.europesays.com\/es\/wp-json\/wp\/v2\/categories?post=334651"},{"taxonomy":"post_tag","embeddable":true,"href":"https:\/\/www.europesays.com\/es\/wp-json\/wp\/v2\/tags?post=334651"}],"curies":[{"name":"wp","href":"https:\/\/api.w.org\/{rel}","templated":true}]}}