{"id":334704,"date":"2026-01-11T09:20:14","date_gmt":"2026-01-11T09:20:14","guid":{"rendered":"https:\/\/www.europesays.com\/es\/334704\/"},"modified":"2026-01-11T09:20:14","modified_gmt":"2026-01-11T09:20:14","slug":"el-fibwi-mallorca-recibe-a-un-historico-en-su-casa","status":"publish","type":"post","link":"https:\/\/www.europesays.com\/es\/334704\/","title":{"rendered":"El Fibwi Mallorca recibe a un hist\u00f3rico en su casa"},"content":{"rendered":"<p>Primer partido en casa de 2026 para el Fibwi Mallorca y primer gran reto del nuevo a\u00f1o. El equipo de Pablo Cano abre este domingo la agenda de compromisos como local de este nuevo a\u00f1o, un choque en el que los mallorquines se ver\u00e1n las caras con uno de los equipos hist\u00f3ricos del <a href=\"https:\/\/www.ultimahora.es\/etiqueta\/baloncesto.html?utm_source=Inline-tag&amp;utm_medium=internal\" rel=\"nofollow noopener\" target=\"_blank\">baloncesto<\/a> espa\u00f1ol: <strong>Movistar Estudiantes<\/strong>.<\/p>\n<p>Los palmesanos llegan al encuentro tras haber ca\u00eddo en casa del <strong>Alimerka Oviedo Baloncesto<\/strong> en un encuentro en el que le conden\u00f3 la falta de acierto, una faceta que han trabajado intensamente a lo largo de toda la semana para poder llegar en las mejores condiciones posibles a una cita que va a exigir a los baleares estar a un alto nivel de concentraci\u00f3n al enfrentarse a una de las plantillas m\u00e1s equilibradas de la liga.<\/p>\n<p>Enfrente, el Fibwi Mallorca va a tener a un Movistar Estudiantes que, comandado desde el banquillo por Toni Ten, cuenta con un plantel de jugadores en el que destacan hombres como <strong>Jayson Granger<\/strong>, <strong>Patricio Pato Garino, Asier Gonz\u00e1lez, Sergi Garc\u00eda, Goran Filipovic<\/strong> o un <strong>Lucas Giovannetti<\/strong> que volver\u00e1 a jugar ante la que fue su afici\u00f3n en el segundo tramo de la temporada pasada. El argentino fue parte m\u00e1s que importante de la plantilla que logr\u00f3 el ascenso.<\/p>\n<p>Reconoc\u00eda Pablo Cano en la previa del partido que es<strong> \u00abaltamente motivante\u00bb<\/strong> medirse a un equipo como Movistar Estudiantes en su centro de operaciones. \u00abCuando uno decide dedicarse profesionalmente a este deporte se motiva con enfrentarse a los mejores. Es estimulante enfrentarse a jugadores con tanta trayectoria y a clubes que tanta historia en la liga\u00bb, explicaba el t\u00e9cnico urguayo.<\/p>\n","protected":false},"excerpt":{"rendered":"Primer partido en casa de 2026 para el Fibwi Mallorca y primer gran reto del nuevo a\u00f1o. El&hellip;\n","protected":false},"author":2,"featured_media":334705,"comment_status":"","ping_status":"","sticky":false,"template":"","format":"standard","meta":{"footnotes":""},"categories":[269],"tags":[299,298,168,25,24,301,832,833,14379,830,831,3917,23,167],"class_list":{"0":"post-334704","1":"post","2":"type-post","3":"status-publish","4":"format-standard","5":"has-post-thumbnail","7":"category-baloncesto","8":"tag-baloncesto","9":"tag-basketball","10":"tag-deportes","11":"tag-es","12":"tag-espana","13":"tag-eurobasket","14":"tag-eurocup","15":"tag-euroliga","16":"tag-fibwi-palma","17":"tag-leb-oro","18":"tag-liga-acb","19":"tag-primera-feb","20":"tag-spain","21":"tag-sports"},"share_on_mastodon":{"url":"https:\/\/pubeurope.com\/@es\/115875730155233370","error":""},"_links":{"self":[{"href":"https:\/\/www.europesays.com\/es\/wp-json\/wp\/v2\/posts\/334704","targetHints":{"allow":["GET"]}}],"collection":[{"href":"https:\/\/www.europesays.com\/es\/wp-json\/wp\/v2\/posts"}],"about":[{"href":"https:\/\/www.europesays.com\/es\/wp-json\/wp\/v2\/types\/post"}],"author":[{"embeddable":true,"href":"https:\/\/www.europesays.com\/es\/wp-json\/wp\/v2\/users\/2"}],"replies":[{"embeddable":true,"href":"https:\/\/www.europesays.com\/es\/wp-json\/wp\/v2\/comments?post=334704"}],"version-history":[{"count":0,"href":"https:\/\/www.europesays.com\/es\/wp-json\/wp\/v2\/posts\/334704\/revisions"}],"wp:featuredmedia":[{"embeddable":true,"href":"https:\/\/www.europesays.com\/es\/wp-json\/wp\/v2\/media\/334705"}],"wp:attachment":[{"href":"https:\/\/www.europesays.com\/es\/wp-json\/wp\/v2\/media?parent=334704"}],"wp:term":[{"taxonomy":"category","embeddable":true,"href":"https:\/\/www.europesays.com\/es\/wp-json\/wp\/v2\/categories?post=334704"},{"taxonomy":"post_tag","embeddable":true,"href":"https:\/\/www.europesays.com\/es\/wp-json\/wp\/v2\/tags?post=334704"}],"curies":[{"name":"wp","href":"https:\/\/api.w.org\/{rel}","templated":true}]}}