{"id":334798,"date":"2026-01-11T10:20:19","date_gmt":"2026-01-11T10:20:19","guid":{"rendered":"https:\/\/www.europesays.com\/es\/334798\/"},"modified":"2026-01-11T10:20:19","modified_gmt":"2026-01-11T10:20:19","slug":"la-cronica-sanchez-arriesga-con-su-choque-con-trump-y-con-la-financiacion-autonomica-espana","status":"publish","type":"post","link":"https:\/\/www.europesays.com\/es\/334798\/","title":{"rendered":"La cr\u00f3nica | S\u00e1nchez arriesga con su choque con Trump y con la financiaci\u00f3n auton\u00f3mica | Espa\u00f1a"},"content":{"rendered":"<p class=\"\">El a\u00f1o acab\u00f3 con incesantes rumores sobre un posible <a href=\"https:\/\/elpais.com\/espana\/2025-11-30\/espana-entra-en-modo-electoral.html\" target=\"_blank\" rel=\"noreferrer nofollow noopener\" title=\"https:\/\/elpais.com\/espana\/2025-11-30\/espana-entra-en-modo-electoral.html\">adelanto electoral<\/a> y la ca\u00edda definitiva de Pedro S\u00e1nchez y el nuevo a\u00f1o arranca con el Gobierno enfrascado en demostrar exactamente lo contrario: que tiene mucha agenda, que va a seguir, que est\u00e1 cerrando negociaciones importantes con sus socios para mantener la legislatura y que puede volver a controlar la situaci\u00f3n.<\/p>\n<p class=\"\">S\u00e1nchez ha decidido arriesgar mucho en el arranque del nuevo curso pol\u00edtico con dos cuestiones, una que no pod\u00eda controlar,<a href=\"https:\/\/elpais.com\/espana\/2026-01-09\/pedro-sanchez-llama-a-delcy-rodriguez-y-edmundo-gonzalez-para-mantener-la-influencia-espanola-en-la-transicion-de-venezuela.html\" target=\"_blank\" rel=\"noreferrer nofollow noopener\" title=\"https:\/\/elpais.com\/espana\/2026-01-09\/pedro-sanchez-llama-a-delcy-rodriguez-y-edmundo-gonzalez-para-mantener-la-influencia-espanola-en-la-transicion-de-venezuela.html\"> como el ataque de EE UU a Venezuela, <\/a>con una in\u00e9dita operaci\u00f3n militar en Caracas para capturar a Nicol\u00e1s Maduro, y otra que s\u00ed pod\u00eda dirigir e incluso dejar dormir, como la financiaci\u00f3n auton\u00f3mica. Y con ambos asuntos y otros con los que ha arrancado el a\u00f1o, como <a href=\"https:\/\/elpais.com\/espana\/politica\/2026-01-08\/la-iglesia-y-el-gobierno-firmaran-un-acuerdo-para-reparar-economicamente-a-las-victimas-de-pederastia.html\" target=\"_blank\" rel=\"noreferrer nofollow noopener\" title=\"https:\/\/elpais.com\/espana\/politica\/2026-01-08\/la-iglesia-y-el-gobierno-firmaran-un-acuerdo-para-reparar-economicamente-a-las-victimas-de-pederastia.html\">un acuerdo con Iglesia para resarcir a las v\u00edctimas de la pederastia<\/a> que ha dirigido F\u00e9lix Bola\u00f1os, o varios choques con Meta o con X que llevan a cabo distintos ministerios, y planes de vivienda que est\u00e1n en plena discusi\u00f3n interna, S\u00e1nchez logra cambiar el eje del debate pol\u00edtico y medi\u00e1tico en Espa\u00f1a, en un mes sin Congreso y por tanto sin sesiones de control, con m\u00e1s protagonismo del Gobierno y menos de la oposici\u00f3n. <\/p>\n<p class=\"\">\u201cVolvemos a la pol\u00edtica. Puede ser dif\u00edcil el debate de la financiaci\u00f3n, vamos a dar la batalla y veremos si la ganamos o no, creemos que el PP va a tener muy dif\u00edcil explicar por qu\u00e9 vota en contra de miles de millones para educaci\u00f3n y sanidad en sus autonom\u00edas, pero en cualquier caso es mucho mejor que hablar de \u00c1balos o Koldo. Si hablamos de pol\u00edtica, de gesti\u00f3n, de sanidad, de educaci\u00f3n, de vivienda, ganamos, y si los protagonistas <a href=\"https:\/\/elpais.com\/espana\/2026-01-09\/koldo-garcia-niega-la-version-de-aldama-y-rechaza-los-delitos-en-el-caso-de-las-mascarillas.html\" target=\"_blank\" rel=\"noreferrer nofollow noopener\" title=\"https:\/\/elpais.com\/espana\/2026-01-09\/koldo-garcia-niega-la-version-de-aldama-y-rechaza-los-delitos-en-el-caso-de-las-mascarillas.html\">son los tribunales y la UCO, <\/a>perdemos\u201d, resume un ministro. Esto es decisivo para el Ejecutivo. Los casos de corrupci\u00f3n siguen ah\u00ed, y el de \u00c1balos ser\u00e1 juzgado en unos meses, pero el Gobierno necesita poner el foco en la gesti\u00f3n y las decisiones pol\u00edticas para tratar de frenar la sangr\u00eda con la que termin\u00f3 el a\u00f1o.<\/p>\n<p class=\"\">Con Venezuela, S\u00e1nchez ha jugado de nuevo fuerte y pese al riesgo de una represalia de Trump, que es lo que tiene temerosos al resto de dirigentes europeos, ha decidido ir al choque e incluso crear un frente contra esta invasi\u00f3n con varios presidentes latinoamericanos. \u201cEs un error la pol\u00edtica de apaciguamiento con Trump de la mayor\u00eda de los l\u00edderes europeos. Un a\u00f1o despu\u00e9s, ya vemos qu\u00e9 resultados, tiene, ahora va a por Groenlandia. \u00bfVamos a seguir parados?\u201c, se\u00f1ala un miembro del Gobierno. S\u00e1nchez, seg\u00fan distintas fuentes, volvi\u00f3 de Par\u00eds, donde vio a casi todos los l\u00edderes esta semana, convencido de que su posici\u00f3n es la correcta y que los dem\u00e1s acabar\u00e1n acerc\u00e1ndose a ella cuando Trump d\u00e9 un salto en Groenlandia, algo similar a lo que sucedi\u00f3 con el reconocimiento de Palestina, al que al final se sumaron varios pa\u00edses centrales europeos.<\/p>\n<p class=\"\">Con financiaci\u00f3n auton\u00f3mica, el presidente ha optado tambi\u00e9n por asumir un riesgo pol\u00edtico muy alto en pleno ambiente electoral en Castilla y Le\u00f3n, Arag\u00f3n y sobre todo Andaluc\u00eda, con el objetivo claro de consolidar el poder en la joya de la corona de los socialistas en este momento, la Catalu\u00f1a de Salvador Illa. <a href=\"https:\/\/elpais.com\/expres\/2026-01-10\/como-planea-el-gobierno-que-sea-la-reforma-del-modelo-de-financiacion-autonomica.html\" target=\"_blank\" rel=\"noreferrer nofollow noopener\" title=\"https:\/\/elpais.com\/expres\/2026-01-10\/como-planea-el-gobierno-que-sea-la-reforma-del-modelo-de-financiacion-autonomica.html\">Mar\u00eda Jes\u00fas Montero,<\/a> candidata en Andaluc\u00eda, se resisti\u00f3 con fuerza a las exigencias de ERC, y ha logrado reducir el impacto con un sistema en el que ganan todos y precisamente quien m\u00e1s gana es Andaluc\u00eda, un poco m\u00e1s que Catalu\u00f1a. La grandes beneficiadas, adem\u00e1s de Catalu\u00f1a, son comunidades gobernadas por el PP como la Comunidad Valenciana, Andaluc\u00eda o Murcia. Y el Ejecutivo conf\u00eda en aprovechar esa realidad para meter toda la presi\u00f3n al PP, que ya ha anunciado una guerra sin cuartel contra la reforma. <\/p>\n<p class=\"\">Una vez m\u00e1s, S\u00e1nchez hace de la necesidad virtud. Necesitaba el acuerdo de la financiaci\u00f3n con ERC, que es probable que abra la puerta a que haya Presupuestos en Catalu\u00f1a, pero ahora, una vez limadas las resistencias de Montero -S\u00e1nchez le dio la orden clara de que hab\u00eda que cerrar ese pacto- el presidente ha puesto a todo su equipo a defender el nuevo sistema y a hacer pol\u00edtica con \u00e9l para convertirlo en un argumento electoral en vez de un problema. Algunos dirigentes consultados dudan de la oportunidad de este debate en plenas elecciones en Castilla y Le\u00f3n, Arag\u00f3n y Andaluc\u00eda, lugares donde el rechazo a los acuerdos con los independentistas catalanes es muy fuerte, pero S\u00e1nchez ha ordenado a todos los suyos salir en tromba con datos a defender un modelo en el que ganan todos.<\/p>\n<p class=\"\">Es probable, aun as\u00ed, que la reforma no logre aprobarse nunca <a href=\"https:\/\/elpais.com\/espana\/2026-01-10\/el-pp-agita-la-bandera-del-agravio-con-la-financiacion-autonomica-y-evita-el-enfrentamiento-de-modelos-de-sus-barones.html\" target=\"_blank\" rel=\"noreferrer nofollow noopener\" title=\"https:\/\/elpais.com\/espana\/2026-01-10\/el-pp-agita-la-bandera-del-agravio-con-la-financiacion-autonomica-y-evita-el-enfrentamiento-de-modelos-de-sus-barones.html\">por el rechazo del PP, de Vox y posiblemente de Junts. <\/a>Un ministro se queja de esta situaci\u00f3n. \u201cEste pa\u00eds es ingobernable para algunas cosas. No tiene sentido que 11 a\u00f1os despu\u00e9s de que caducara el modelo anterior, con todas las autonom\u00edas pidiendo m\u00e1s dinero y con mucha capacidad de d\u00e1rselo porque la recaudaci\u00f3n va muy bien, no haya ninguna posibilidad de un acuerdo para reformar el sistema de financiaci\u00f3n auton\u00f3mica. Es un desprop\u00f3sito, da igual lo que pongas encima de la mesa, lo rechazan\u201d, argumenta. <\/p>\n<p class=\"\">El PP, por el contrario, est\u00e1 convencido de que S\u00e1nchez se ha metido en un atolladero imposible para satisfacer los intereses de Illa y esto terminar\u00e1 de rematar unas campa\u00f1as auton\u00f3micas en las que los populares tienen puestas muchas expectativas despu\u00e9s de ver el hundimiento de la izquierda en Extremadura. Los populares creen que cuando llegue Andaluc\u00eda, donde Juanma Moreno podr\u00eda perder la mayor\u00eda absoluta y necesitar a Vox pero el PSOE tiene muchas dificultades para ser una alternativa real con n\u00fameros muy bajos, S\u00e1nchez estar\u00e1 totalmente ahogado. <\/p>\n<p class=\"\">Todos los miembros del Ejecutivo consultados que hablan habitualmente con S\u00e1nchez descartan absolutamente que est\u00e9 pensando en un adelanto electoral para hacer coincidir las generales con las andaluzas. \u201cNo tiene ning\u00fan sentido. Adelantar las elecciones es entregarse, es un armisticio. Es regalarse la victoria a Feij\u00f3o. Y no lo vamos a hacer. Si quiere La Moncloa, tendr\u00e1 que gan\u00e1rsela. S\u00e1nchez no se va a rendir, va a terminar y va a ofrecer una gesti\u00f3n con n\u00fameros muy buenos y ah\u00ed dar\u00e1 la pelea en las elecciones de 2027\u201d, resume un ministro.<\/p>\n<p class=\"\">El Gobierno se concentra as\u00ed en volver a la pol\u00edtica y tratar de aparcar el frente judicial y policial, que en cualquier momento puede dar m\u00e1s sorpresas, y prepara una bater\u00eda de anuncios para las pr\u00f3ximas semanas con la intenci\u00f3n de inundar el campo de debates pol\u00edticos donde se mueve mucho m\u00e1s c\u00f3modo, sobre todo los que tienen que ver con gasto social, los derechos, batallas contra las grandes plataformas que controlan el acceso al relato p\u00fablico de millones de personas. Y mientras rearma poco a poco su mayor\u00eda \u2014adem\u00e1s del pacto con ERC se est\u00e1 fraguando otro con el PNV mientras con Junts no hay di\u00e1logo pero s\u00ed se preparan m\u00e1s gestos para intentar recuperarlos\u2014 S\u00e1nchez ha vuelto con la intenci\u00f3n clara de trasladar un mensaje completamente opuesto al que dej\u00f3 un terror\u00edfico diciembre para el Ejecutivo: esto sigue y se pueden hacer muchas cosas desde un Gobierno, incluidas muchas que no requieren votaci\u00f3n en el Congreso. \u201cSe gobierna desde el Consejo de Ministros, no desde las Cortes. Tenemos mucho m\u00e1s margen del que parece. Y lo vamos a explotar. Los fondos europeos, por ejemplo, van como un tiro en Espa\u00f1a y eso lo sabe mucha gente\u201d, remata otro ministro.<\/p>\n","protected":false},"excerpt":{"rendered":"El a\u00f1o acab\u00f3 con incesantes rumores sobre un posible adelanto electoral y la ca\u00edda definitiva de Pedro S\u00e1nchez&hellip;\n","protected":false},"author":2,"featured_media":334799,"comment_status":"","ping_status":"","sticky":false,"template":"","format":"standard","meta":{"footnotes":""},"categories":[8],"tags":[17,18,4334,352,25,24,13,14,6861,582,248,11,19,20,9,1194,10,15,16,28285,2959,952,1699,76835,23,12,21,22,1192],"class_list":{"0":"post-334798","1":"post","2":"type-post","3":"status-publish","4":"format-standard","5":"has-post-thumbnail","7":"category-espana","8":"tag-breaking-news","9":"tag-breakingnews","10":"tag-caso-koldo","11":"tag-donald-trump","12":"tag-es","13":"tag-espana","14":"tag-featured-news","15":"tag-featurednews","16":"tag-financiacion","17":"tag-gobierno","18":"tag-gobierno-de-espana","19":"tag-headlines","20":"tag-latest-news","21":"tag-latestnews","22":"tag-news","23":"tag-nicolas-maduro","24":"tag-noticias","25":"tag-noticias-destacadas","26":"tag-noticiasdestacadas","27":"tag-oriol-junqueras","28":"tag-pedro-sanchez","29":"tag-politica","30":"tag-psoe","31":"tag-reformas-politicas","32":"tag-spain","33":"tag-titulares","34":"tag-ultimas-noticias","35":"tag-ultimasnoticias","36":"tag-venezuela"},"share_on_mastodon":{"url":"https:\/\/pubeurope.com\/@es\/115875966258868891","error":""},"_links":{"self":[{"href":"https:\/\/www.europesays.com\/es\/wp-json\/wp\/v2\/posts\/334798","targetHints":{"allow":["GET"]}}],"collection":[{"href":"https:\/\/www.europesays.com\/es\/wp-json\/wp\/v2\/posts"}],"about":[{"href":"https:\/\/www.europesays.com\/es\/wp-json\/wp\/v2\/types\/post"}],"author":[{"embeddable":true,"href":"https:\/\/www.europesays.com\/es\/wp-json\/wp\/v2\/users\/2"}],"replies":[{"embeddable":true,"href":"https:\/\/www.europesays.com\/es\/wp-json\/wp\/v2\/comments?post=334798"}],"version-history":[{"count":0,"href":"https:\/\/www.europesays.com\/es\/wp-json\/wp\/v2\/posts\/334798\/revisions"}],"wp:featuredmedia":[{"embeddable":true,"href":"https:\/\/www.europesays.com\/es\/wp-json\/wp\/v2\/media\/334799"}],"wp:attachment":[{"href":"https:\/\/www.europesays.com\/es\/wp-json\/wp\/v2\/media?parent=334798"}],"wp:term":[{"taxonomy":"category","embeddable":true,"href":"https:\/\/www.europesays.com\/es\/wp-json\/wp\/v2\/categories?post=334798"},{"taxonomy":"post_tag","embeddable":true,"href":"https:\/\/www.europesays.com\/es\/wp-json\/wp\/v2\/tags?post=334798"}],"curies":[{"name":"wp","href":"https:\/\/api.w.org\/{rel}","templated":true}]}}