{"id":334827,"date":"2026-01-11T10:49:07","date_gmt":"2026-01-11T10:49:07","guid":{"rendered":"https:\/\/www.europesays.com\/es\/334827\/"},"modified":"2026-01-11T10:49:07","modified_gmt":"2026-01-11T10:49:07","slug":"jodar-y-landaluce-las-esperanzas-espanolas-en-la-previa-de-australia","status":"publish","type":"post","link":"https:\/\/www.europesays.com\/es\/334827\/","title":{"rendered":"J\u00f3dar y Landaluce, las esperanzas espa\u00f1olas en la previa de Australia"},"content":{"rendered":"<p data-mrf-recirculation=\"Links P\u00e1rrafos\" class=\"ue-c-article__paragraph paragraph ue-c-article--first-letter-highlighted\">El tenis espa\u00f1ol tendr\u00e1 a 11 representantes <strong>(cinco hombres y seis mujeres)<\/strong> en la fase previa del Open de Australia que empieza este lunes y se alarga hasta el jueves en las pistas del Melbourne Park.\u00a0<\/p>\n<p data-mrf-recirculation=\"Links P\u00e1rrafos\" class=\"ue-c-article__paragraph paragraph\"><strong>Dani M\u00e9rida, Pablo Llamas. Mart\u00edn Landaluce, Rafa J\u00f3dar, Roberto Carball\u00e9s, Aliona Bolsova, Guiomar Maristany Zuleta De Reales, Andrea L\u00e1zaro, Kaitlin Quevedo, Nuria P\u00e1rrizas y Leyre Romero<\/strong> intentar\u00e1n hacerse un hueco en el cuadro de los 128 mejores.\u00a0<\/p>\n<p data-mrf-recirculation=\"Links P\u00e1rrafos\" class=\"ue-c-article__paragraph paragraph\">J\u00f3dar, <strong><a href=\"https:\/\/www.marca.com\/tenis\/2026\/01\/10\/rafa-jodar-cede-blockx-final-canberra.html\" target=\"_blank\" rel=\"nofollow noopener\">que perdi\u00f3 el s\u00e1bado la final del challenger de Canberra<\/a><\/strong>, se las ver\u00e1 de inicio con el <strong>invitado australiano Li Tu<\/strong>. Por su parte, su paisano Landaluce, con el que comparti\u00f3 cartel en las Next Gen ATP Finas, debutar\u00e1 ante Chun-Hsin Tseng.\u00a0<\/p>\n<p data-mrf-recirculation=\"Links P\u00e1rrafos\" class=\"ue-c-article__paragraph paragraph\">En f\u00e9minas, Quevedo, <strong>nacida en Florida pero nacionalizada espa\u00f1ola al ser su padre canario<\/strong>, es la gran esperanza de la &#8216;Armada&#8217; femenina a sus 19 a\u00f1os. Como cabeza de serie n\u00famero 30, se estrenar\u00e1 con Anastasia Gasanova. <strong>Viene de ganar su primer partido WTA en Auckland<\/strong>.\u00a0<\/p>\n<p>La despedida de Bolsova<br \/>\u200b<\/p>\n<p data-mrf-recirculation=\"Links P\u00e1rrafos\" class=\"ue-c-article__paragraph paragraph\">El Abierto australiano ser\u00e1 el \u00faltimo grande que dispute Bolsova, que ha decidido <strong><a href=\"https:\/\/www.marca.com\/tenis\/2025\/11\/08\/aliona-bolsova-anuncia-retirada-he-agotado-toda-motivacion.html\" target=\"_blank\" rel=\"nofollow noopener\">colgar la raqueta a sus 28 a\u00f1os en el WTA de La Bisbal<\/a><\/strong>. Su mejor resultado en un &#8216;major&#8217; fueron los octavos de Roland Garros 2019.\u00a0<\/p>\n","protected":false},"excerpt":{"rendered":"El tenis espa\u00f1ol tendr\u00e1 a 11 representantes (cinco hombres y seis mujeres) en la fase previa del Open&hellip;\n","protected":false},"author":2,"featured_media":334828,"comment_status":"","ping_status":"","sticky":false,"template":"","format":"standard","meta":{"footnotes":""},"categories":[274],"tags":[168,25,24,23,167,327,326],"class_list":{"0":"post-334827","1":"post","2":"type-post","3":"status-publish","4":"format-standard","5":"has-post-thumbnail","7":"category-tenis","8":"tag-deportes","9":"tag-es","10":"tag-espana","11":"tag-spain","12":"tag-sports","13":"tag-tenis","14":"tag-tennis"},"share_on_mastodon":{"url":"https:\/\/pubeurope.com\/@es\/115876080065925541","error":""},"_links":{"self":[{"href":"https:\/\/www.europesays.com\/es\/wp-json\/wp\/v2\/posts\/334827","targetHints":{"allow":["GET"]}}],"collection":[{"href":"https:\/\/www.europesays.com\/es\/wp-json\/wp\/v2\/posts"}],"about":[{"href":"https:\/\/www.europesays.com\/es\/wp-json\/wp\/v2\/types\/post"}],"author":[{"embeddable":true,"href":"https:\/\/www.europesays.com\/es\/wp-json\/wp\/v2\/users\/2"}],"replies":[{"embeddable":true,"href":"https:\/\/www.europesays.com\/es\/wp-json\/wp\/v2\/comments?post=334827"}],"version-history":[{"count":0,"href":"https:\/\/www.europesays.com\/es\/wp-json\/wp\/v2\/posts\/334827\/revisions"}],"wp:featuredmedia":[{"embeddable":true,"href":"https:\/\/www.europesays.com\/es\/wp-json\/wp\/v2\/media\/334828"}],"wp:attachment":[{"href":"https:\/\/www.europesays.com\/es\/wp-json\/wp\/v2\/media?parent=334827"}],"wp:term":[{"taxonomy":"category","embeddable":true,"href":"https:\/\/www.europesays.com\/es\/wp-json\/wp\/v2\/categories?post=334827"},{"taxonomy":"post_tag","embeddable":true,"href":"https:\/\/www.europesays.com\/es\/wp-json\/wp\/v2\/tags?post=334827"}],"curies":[{"name":"wp","href":"https:\/\/api.w.org\/{rel}","templated":true}]}}